{"id":28814,"date":"2026-02-12T04:48:11","date_gmt":"2026-02-12T04:48:11","guid":{"rendered":"https:\/\/bihavadis.com\/?p=28814"},"modified":"2026-02-12T04:48:11","modified_gmt":"2026-02-12T04:48:11","slug":"fenerbahce-genclerbirligi-macinin-hazirliklarini-tamamladi","status":"publish","type":"post","link":"https:\/\/bihavadis.com\/index.php\/2026\/02\/12\/fenerbahce-genclerbirligi-macinin-hazirliklarini-tamamladi\/","title":{"rendered":"Fenerbah\u00e7e, Gen\u00e7lerbirli\u011fi ma\u00e7\u0131n\u0131n haz\u0131rl\u0131klar\u0131n\u0131 tamamlad\u0131"},"content":{"rendered":"<p>Fenerbah\u00e7e, S\u00fcper Lig&#8217;in 21. haftas\u0131nda yar\u0131n sahas\u0131nda Gen\u00e7lerbirli\u011fi ile oynayaca\u011f\u0131 ma\u00e7\u0131n haz\u0131rl\u0131klar\u0131n\u0131 tamamlad\u0131.<\/p>\n<p>Sar\u0131-lacivertli kul\u00fcb\u00fcn a\u00e7\u0131klamas\u0131na g\u00f6re Fenerbah\u00e7e Can Bartu Tesisleri&#8217;nde, teknik direkt\u00f6r Domenico Tedesco y\u00f6netimindeki idman, salonda yap\u0131lan core \u00e7al\u0131\u015fmas\u0131yla ba\u015flad\u0131.<\/p>\n<p>Sahada \u0131s\u0131nma, \u00e7abukluk ve koordinasyon hareketleriyle devam eden antrenman, taktiksel ve bireysel uygulamalarla sona erdi.<\/p>\n<p><strong>FENERBAH\u00c7E, GEN\u00c7LERB\u0130RL\u0130\u011e\u0130&#8217;N\u0130 A\u011eIRLIYOR<\/strong><\/p>\n<p>Fenerbah\u00e7e, yar\u0131n \u015e\u00fckr\u00fc Sara\u00e7o\u011flu Stad\u0131&#8217;nda saat 20.00&#8217;de Gen\u00e7lerbirli\u011fi ile kar\u015f\u0131la\u015facak.<\/p>\n<p><img decoding=\"async\" src=\"https:\/\/bihavadis.com\/wp-content\/uploads\/2026\/02\/fenerbahce-genclerbirligi-macinin-hazirliklarini-tamamladi-0-nBEJtzES.jpg\"\/><\/p>\n<p><img decoding=\"async\" src=\"https:\/\/bihavadis.com\/wp-content\/uploads\/2026\/02\/fenerbahce-genclerbirligi-macinin-hazirliklarini-tamamladi-1-vdcAKaGG.jpg\"\/><\/p>\n<p><img decoding=\"async\" src=\"https:\/\/bihavadis.com\/wp-content\/uploads\/2026\/02\/fenerbahce-genclerbirligi-macinin-hazirliklarini-tamamladi-2-mZp3prua.jpg\"\/><\/p>\n<p><img decoding=\"async\" src=\"https:\/\/bihavadis.com\/wp-content\/uploads\/2026\/02\/fenerbahce-genclerbirligi-macinin-hazirliklarini-tamamladi-3-UiG8zeEx.jpg\"\/><\/p>\n","protected":false},"excerpt":{"rendered":"<p>Domenico Tedesco y\u00f6netimindeki Fenerbah\u00e7e, Gen\u00e7lerbirli\u011fi ile oynayaca\u011f\u0131 lig ma\u00e7\u0131n\u0131n haz\u0131rl\u0131klar\u0131n\u0131 noktalad\u0131.<\/p>\n","protected":false},"author":1,"featured_media":28815,"comment_status":"open","ping_status":"open","sticky":false,"template":"","format":"standard","meta":{"footnotes":""},"categories":[14],"tags":[],"class_list":["post-28814","post","type-post","status-publish","format-standard","has-post-thumbnail","hentry","category-spor"],"_links":{"self":[{"href":"https:\/\/bihavadis.com\/index.php\/wp-json\/wp\/v2\/posts\/28814","targetHints":{"allow":["GET"]}}],"collection":[{"href":"https:\/\/bihavadis.com\/index.php\/wp-json\/wp\/v2\/posts"}],"about":[{"href":"https:\/\/bihavadis.com\/index.php\/wp-json\/wp\/v2\/types\/post"}],"author":[{"embeddable":true,"href":"https:\/\/bihavadis.com\/index.php\/wp-json\/wp\/v2\/users\/1"}],"replies":[{"embeddable":true,"href":"https:\/\/bihavadis.com\/index.php\/wp-json\/wp\/v2\/comments?post=28814"}],"version-history":[{"count":1,"href":"https:\/\/bihavadis.com\/index.php\/wp-json\/wp\/v2\/posts\/28814\/revisions"}],"predecessor-version":[{"id":28820,"href":"https:\/\/bihavadis.com\/index.php\/wp-json\/wp\/v2\/posts\/28814\/revisions\/28820"}],"wp:featuredmedia":[{"embeddable":true,"href":"https:\/\/bihavadis.com\/index.php\/wp-json\/wp\/v2\/media\/28815"}],"wp:attachment":[{"href":"https:\/\/bihavadis.com\/index.php\/wp-json\/wp\/v2\/media?parent=28814"}],"wp:term":[{"taxonomy":"category","embeddable":true,"href":"https:\/\/bihavadis.com\/index.php\/wp-json\/wp\/v2\/categories?post=28814"},{"taxonomy":"post_tag","embeddable":true,"href":"https:\/\/bihavadis.com\/index.php\/wp-json\/wp\/v2\/tags?post=28814"}],"curies":[{"name":"wp","href":"https:\/\/api.w.org\/{rel}","templated":true}]}}