{"id":28835,"date":"2026-02-12T05:03:05","date_gmt":"2026-02-12T05:03:05","guid":{"rendered":"https:\/\/bihavadis.com\/?p=28835"},"modified":"2026-02-12T05:03:05","modified_gmt":"2026-02-12T05:03:05","slug":"israil-disisleri-bakani-saardan-iran-aciklamasi-nukleer-tehdit-olusturuyor","status":"publish","type":"post","link":"https:\/\/bihavadis.com\/index.php\/2026\/02\/12\/israil-disisleri-bakani-saardan-iran-aciklamasi-nukleer-tehdit-olusturuyor\/","title":{"rendered":"\u0130srail D\u0131\u015fi\u015fleri Bakan\u0131 Saar&#8217;dan \u0130ran a\u00e7\u0131klamas\u0131: N\u00fckleer tehdit olu\u015fturuyor"},"content":{"rendered":"<p>ABD&#8217;nin Orta Do\u011fu m\u00fcttefiki \u0130srail ile \u0130ran aras\u0131ndaki gerginlik s\u00fcrerken,\u00a0\u0130srail D\u0131\u015fi\u015fleri Bakan\u0131 Gideon Saar&#8217;dan yeni bir a\u00e7\u0131klama geldi.\u00a0<\/p>\n<p><strong>&#8216;\u0130RAN TEHD\u0130T OLU\u015eTURUYOR&#8221;<\/strong><\/p>\n<p>ABD\u2019nin sald\u0131r\u0131 ihtimalinin tart\u0131\u015f\u0131ld\u0131\u011f\u0131 \u0130ran hakk\u0131nda konu\u015fan Saar, n\u00fckleer silah elde etme giri\u015fimi i\u00e7inde oldu\u011funu ileri s\u00fcrd\u00fc\u011f\u00fc \u0130ran&#8217;\u0131n yaln\u0131zca n\u00fckleer de\u011fil, balistik f\u00fcze program\u0131n\u0131n da kendileri i\u00e7in tehdit oldu\u011funu savundu.<\/p>\n<p>Tel Aviv y\u00f6netiminin, \u0130ran&#8217;la cuma g\u00fcn\u00fc dolayl\u0131 m\u00fczakereler ger\u00e7ekle\u015ftiren ABD&#8217;yi Tahran ile <em><b>&#8220;k\u00f6t\u00fc anla\u015fma yapmamas\u0131 konusunda uyard\u0131\u011f\u0131&#8221; <\/b><\/em>ve olas\u0131 bir anla\u015fma i\u00e7in \u0130ran&#8217;\u0131n n\u00fckleer ve balistik f\u00fcze program\u0131na son vermesi ve <em><b>&#8220;vekil g\u00fc\u00e7lerine deste\u011fi&#8221;<\/b><\/em> kesmesini istedi\u011fi iddias\u0131 bas\u0131na yans\u0131yor.<\/p>\n<p><strong>&#8220;AB&#8217;N\u0130N \u0130RAN ADIMINDAN MEMNUN\u0130YET DUYUYORUZ&#8221;<\/strong><\/p>\n<p>Paraguay Devlet Ba\u015fkan\u0131 Santiago Pena&#8217;n\u0131n Nisan 2025\u2019te ald\u0131\u011f\u0131 \u0130ran Devrim Muhaf\u0131zlar\u0131 Ordusu&#8217;nu ter\u00f6r \u00f6rg\u00fct\u00fc olarak tan\u0131ma karar\u0131n\u0131 takdirle kar\u015f\u0131lad\u0131klar\u0131n\u0131 belirten Saar, Avrupa Birli\u011fi (AB) ve Ukrayna\u2019n\u0131n da benzer ad\u0131mlar att\u0131\u011f\u0131n\u0131 ve bunu memnuniyetle kar\u015f\u0131lad\u0131klar\u0131n\u0131 ifade etti.<\/p>\n<p>Tahran y\u00f6netiminin n\u00fckleer silah elde etme giri\u015fiminde bulundu\u011funu ileri s\u00fcren Bakan Saar, \u0130ran\u2019\u0131n yaln\u0131zca n\u00fckleer de\u011fil, balistik f\u00fcze program\u0131n\u0131n da kendileri i\u00e7in tehdit oldu\u011funu s\u00f6yledi.<\/p>\n<p><strong>&#8216;ANLA\u015eMANIN ARKASINDAYIZ&#8217; DED\u0130 <\/strong><\/p>\n<p>\u0130srail ordusunun ABD Ba\u015fkan\u0131 Donald Trump\u2019\u0131n Gazze plan\u0131 \u00e7er\u00e7evesinde var\u0131lan ate\u015fkesi s\u0131k s\u0131k ihlal etmesine ra\u011fmen, Saar \u0130srail ve Paraguay\u2019\u0131n Trump plan\u0131n\u0131 destekledi\u011fini ileri s\u00fcrd\u00fc.<\/p>\n<p>Saar, Hamas\u2019\u0131n silahs\u0131zland\u0131r\u0131lmas\u0131 ve Gazze \u015eeridi&#8217;nin askerden ar\u0131nd\u0131r\u0131lmas\u0131 yakla\u015f\u0131m\u0131n\u0131n Trump plan\u0131n\u0131n merkezinde yer ald\u0131\u011f\u0131n\u0131 da savundu.<\/p>\n<p>Paraguay\u2019\u0131n Aral\u0131k 2024\u2019te b\u00fcy\u00fckel\u00e7ili\u011fini Kud\u00fcs\u2019e ta\u015f\u0131ma karar\u0131 ald\u0131\u011f\u0131n\u0131 hat\u0131rlatan Saar, s\u00f6z konusu ad\u0131m i\u00e7in mevkida\u015f\u0131na te\u015fekk\u00fcr etti.<\/p>\n<p>\u0130srail ile Paraguay aras\u0131nda g\u00fcvenlik alan\u0131nda yak\u0131n zaman \u00f6nce mutabakat zapt\u0131 imzalad\u0131klar\u0131n\u0131 da belirten Saar, ekonomik ve ticari i\u015fbirli\u011fi ile kar\u015f\u0131l\u0131kl\u0131 yat\u0131r\u0131mlar\u0131n art\u0131r\u0131lmas\u0131n\u0131 hedeflediklerini s\u00f6zlerine ekledi.<\/p>\n<p><img decoding=\"async\" src=\"https:\/\/bihavadis.com\/wp-content\/uploads\/2026\/02\/israil-disisleri-bakani-saardan-iran-aciklamasi-nukleer-tehdit-olusturuyor-0-mDmhDssG.jpg\"\/><\/p>\n","protected":false},"excerpt":{"rendered":"<p>\u0130srail D\u0131\u015fi\u015fleri Bakan\u0131 Gideon Saar, \u0130ran&#8217;la gerilim s\u00fcrerken Tahran y\u00f6netiminin n\u00fckleer ve balistik f\u00fcze programlar\u0131n\u0131n kendilerine tehdit olu\u015fturdu\u011funu ileri s\u00fcrd\u00fc.<\/p>\n","protected":false},"author":1,"featured_media":28836,"comment_status":"open","ping_status":"open","sticky":false,"template":"","format":"standard","meta":{"footnotes":""},"categories":[6],"tags":[271,792,1539,4589],"class_list":["post-28835","post","type-post","status-publish","format-standard","has-post-thumbnail","hentry","category-dunya","tag-iran","tag-israil","tag-nukleer","tag-saar"],"_links":{"self":[{"href":"https:\/\/bihavadis.com\/index.php\/wp-json\/wp\/v2\/posts\/28835","targetHints":{"allow":["GET"]}}],"collection":[{"href":"https:\/\/bihavadis.com\/index.php\/wp-json\/wp\/v2\/posts"}],"about":[{"href":"https:\/\/bihavadis.com\/index.php\/wp-json\/wp\/v2\/types\/post"}],"author":[{"embeddable":true,"href":"https:\/\/bihavadis.com\/index.php\/wp-json\/wp\/v2\/users\/1"}],"replies":[{"embeddable":true,"href":"https:\/\/bihavadis.com\/index.php\/wp-json\/wp\/v2\/comments?post=28835"}],"version-history":[{"count":1,"href":"https:\/\/bihavadis.com\/index.php\/wp-json\/wp\/v2\/posts\/28835\/revisions"}],"predecessor-version":[{"id":28838,"href":"https:\/\/bihavadis.com\/index.php\/wp-json\/wp\/v2\/posts\/28835\/revisions\/28838"}],"wp:featuredmedia":[{"embeddable":true,"href":"https:\/\/bihavadis.com\/index.php\/wp-json\/wp\/v2\/media\/28836"}],"wp:attachment":[{"href":"https:\/\/bihavadis.com\/index.php\/wp-json\/wp\/v2\/media?parent=28835"}],"wp:term":[{"taxonomy":"category","embeddable":true,"href":"https:\/\/bihavadis.com\/index.php\/wp-json\/wp\/v2\/categories?post=28835"},{"taxonomy":"post_tag","embeddable":true,"href":"https:\/\/bihavadis.com\/index.php\/wp-json\/wp\/v2\/tags?post=28835"}],"curies":[{"name":"wp","href":"https:\/\/api.w.org\/{rel}","templated":true}]}}