{"id":28882,"date":"2026-02-12T05:30:35","date_gmt":"2026-02-12T05:30:35","guid":{"rendered":"https:\/\/bihavadis.com\/?p=28882"},"modified":"2026-02-12T05:30:35","modified_gmt":"2026-02-12T05:30:35","slug":"emre-altugdan-fatih-ureke-veda-kalbiyle-agzi-bir-delikanli-bir-adamdi","status":"publish","type":"post","link":"https:\/\/bihavadis.com\/index.php\/2026\/02\/12\/emre-altugdan-fatih-ureke-veda-kalbiyle-agzi-bir-delikanli-bir-adamdi\/","title":{"rendered":"Emre Altu\u011f&#8217;dan Fatih \u00dcrek&#8217;e veda: Kalbiyle a\u011fz\u0131 bir, delikanl\u0131 bir adamd\u0131"},"content":{"rendered":"<p>Ge\u00e7irdi\u011fi kalp krizi sonras\u0131 107 g\u00fcn boyunca yo\u011fun bak\u0131mda verdi\u011fi ya\u015fam m\u00fccadelesini kaybeden \u00fcnl\u00fc sanat\u00e7\u0131 Fatih \u00dcrek, bug\u00fcn son yolculu\u011funa u\u011furland\u0131. Be\u015fikta\u015f Barbaros Hayrettin Pa\u015fa Camii&#8217;nde d\u00fczenlenen cenaze t\u00f6renine kat\u0131lan oyuncu ve \u015fark\u0131c\u0131 Emre Altu\u011f, 30 y\u0131ll\u0131k dostuna veda ederken duygusal a\u00e7\u0131klamalarda bulundu.<\/p>\n<p><b>&#8220;30 YILLIK ARKADA\u015eLI\u011eIMIZ VARDI&#8221; <\/b><\/p>\n<p>Cenaze t\u00f6reninde bas\u0131n mensuplar\u0131na konu\u015fan Emre Altu\u011f, Fatih \u00dcrek ile olan k\u00f6kl\u00fc dostlu\u011funu vurgulayarak, &#8220;Sahnelerin efsanesiydi. 30 y\u0131ll\u0131k, belki daha fazla bir arkada\u015fl\u0131\u011f\u0131m\u0131z vard\u0131. \u0130nsan bir umut bekliyor ama son durumlar\u0131 \u00e7ok parlak de\u011fildi. D\u00f6n\u00fc\u015f\u00fc de ne kadar sa\u011fl\u0131kl\u0131 olurdu o da belli de\u011fildi ama \u00e7ok \u00fcz\u00fcld\u00fcm tabii. \u00c7ok de\u011ferli bir arkada\u015f\u0131m\u0131zd\u0131, \u00e7ok sevdi\u011fimiz bir arkada\u015f\u0131m\u0131zd\u0131. \u0130yi bir insand\u0131. Mekan\u0131 cennet olsun in\u015fallah.&#8221; dedi. <\/p>\n<p><b>&#8220;SEKT\u00d6RDE NAD\u0130R BULUNAN DEL\u0130KANLI ADAMDI&#8221; <\/b><\/p>\n<p>\u00dcrek&#8217;in karakterine dair \u00f6vg\u00fc dolu s\u00f6zler sarf eden Altu\u011f, &#8220;Fatih&#8217;in kalbiyle a\u011fz\u0131 birdi, \u00e7ok delikanl\u0131 bir adamd\u0131. Bu sekt\u00f6rde \u00e7ok \u015fey g\u00f6r\u00fcp ya\u015f\u0131yorsunuz, b\u00f6yle \u00f6zel insanlar olunca dostlu\u011funuz daha da k\u0131ymetli oluyor. Biz ondan raz\u0131y\u0131z, Allah da ondan raz\u0131 olsun. Mekan\u0131 cennet olsun&#8221; ifadelerini kulland\u0131.<\/p>\n<p>30 Ocak Cuma g\u00fcn\u00fc tedavi g\u00f6rd\u00fc\u011f\u00fc hastanede 59 ya\u015f\u0131nda hayata g\u00f6zlerini yuman Fatih \u00dcrek, k\u0131l\u0131nan cenaze namaz\u0131n\u0131n ard\u0131ndan Karacaahmet Mezarl\u0131\u011f\u0131&#8217;na defnedildi.<\/p>\n","protected":false},"excerpt":{"rendered":"<p>\u00dcnl\u00fc sanat\u00e7\u0131 Fatih \u00dcrek, kalp krizi sonucu 107 g\u00fcn s\u00fcren ya\u015fam m\u00fccadelesini kaybederek son yolculu\u011funa u\u011furland\u0131. Cenaze t\u00f6renine kat\u0131lan Emre Altu\u011f, 30 y\u0131ll\u0131k dostu \u00dcrek i\u00e7in duygusal a\u00e7\u0131klamalarda bulundu. Altu\u011f, &#8221;Sahnelerin efsanesiydi. \u0130yi bir insand\u0131, mekan\u0131 cennet olsun&#8221; dedi. \u00dcrek&#8217;in karakterini \u00f6ven Altu\u011f, &#8221;Fatih&#8217;in kalbiyle a\u011fz\u0131 birdi, \u00e7ok delikanl\u0131 bir adamd\u0131. Sekt\u00f6rde nadir bulunan bu \u00f6zellikler dostlu\u011fumuzu daha da k\u0131ymetli k\u0131ld\u0131&#8221; ifadelerini kulland\u0131.<\/p>\n","protected":false},"author":1,"featured_media":28883,"comment_status":"open","ping_status":"open","sticky":false,"template":"","format":"standard","meta":{"footnotes":""},"categories":[1],"tags":[],"class_list":["post-28882","post","type-post","status-publish","format-standard","has-post-thumbnail","hentry","category-uncategorized"],"_links":{"self":[{"href":"https:\/\/bihavadis.com\/index.php\/wp-json\/wp\/v2\/posts\/28882","targetHints":{"allow":["GET"]}}],"collection":[{"href":"https:\/\/bihavadis.com\/index.php\/wp-json\/wp\/v2\/posts"}],"about":[{"href":"https:\/\/bihavadis.com\/index.php\/wp-json\/wp\/v2\/types\/post"}],"author":[{"embeddable":true,"href":"https:\/\/bihavadis.com\/index.php\/wp-json\/wp\/v2\/users\/1"}],"replies":[{"embeddable":true,"href":"https:\/\/bihavadis.com\/index.php\/wp-json\/wp\/v2\/comments?post=28882"}],"version-history":[{"count":1,"href":"https:\/\/bihavadis.com\/index.php\/wp-json\/wp\/v2\/posts\/28882\/revisions"}],"predecessor-version":[{"id":28884,"href":"https:\/\/bihavadis.com\/index.php\/wp-json\/wp\/v2\/posts\/28882\/revisions\/28884"}],"wp:featuredmedia":[{"embeddable":true,"href":"https:\/\/bihavadis.com\/index.php\/wp-json\/wp\/v2\/media\/28883"}],"wp:attachment":[{"href":"https:\/\/bihavadis.com\/index.php\/wp-json\/wp\/v2\/media?parent=28882"}],"wp:term":[{"taxonomy":"category","embeddable":true,"href":"https:\/\/bihavadis.com\/index.php\/wp-json\/wp\/v2\/categories?post=28882"},{"taxonomy":"post_tag","embeddable":true,"href":"https:\/\/bihavadis.com\/index.php\/wp-json\/wp\/v2\/tags?post=28882"}],"curies":[{"name":"wp","href":"https:\/\/api.w.org\/{rel}","templated":true}]}}