{"id":28935,"date":"2026-02-12T06:09:09","date_gmt":"2026-02-12T06:09:09","guid":{"rendered":"https:\/\/bihavadis.com\/?p=28935"},"modified":"2026-02-12T06:09:09","modified_gmt":"2026-02-12T06:09:09","slug":"gazzede-oldu-sanilip-kefenlendikten-sonra-hayatta-oldugu-tespit-edildi","status":"publish","type":"post","link":"https:\/\/bihavadis.com\/index.php\/2026\/02\/12\/gazzede-oldu-sanilip-kefenlendikten-sonra-hayatta-oldugu-tespit-edildi\/","title":{"rendered":"Gazze&#8217;de \u00f6ld\u00fc san\u0131l\u0131p kefenlendikten sonra hayatta oldu\u011fu tespit edildi"},"content":{"rendered":"<p>Gazze \u015eeridi\u2019nin orta kesimindeki Nusayrat M\u00fclteci Kamp\u0131\u2019nda ya\u015fayan Necva Ebu Atiyye, \u0130srail sald\u0131r\u0131s\u0131nda a\u011f\u0131r yaralanarak \u00f6ld\u00fc san\u0131l\u0131p kefenlendikten sonra hayatta oldu\u011fu anla\u015f\u0131ld\u0131.<\/p>\n<p>Sald\u0131r\u0131da bir g\u00f6z\u00fcn\u00fc kaybeden ve y\u00fcz\u00fcnde kal\u0131c\u0131 deformasyon olu\u015fan Ebu Atiyye, 6 ya\u015f\u0131ndaki k\u0131z\u0131 Hacer\u2019i ise ayn\u0131 bombard\u0131manda yitirdi.<\/p>\n<p><strong>&#8220;\u00c7OCUKLARIM BENDEN KORKUYOR&#8221;<\/strong><\/p>\n<p>Uzun s\u00fcren tedavi s\u00fcreci nedeniyle k\u00fc\u00e7\u00fck k\u0131z\u0131 Tesvehhen\u2019den aylarca ayr\u0131 kalan anne, bug\u00fcn en b\u00fcy\u00fck ac\u0131y\u0131 \u00e7ocu\u011funun kendisinin y\u00fcz\u00fcn\u00fc g\u00f6rd\u00fc\u011f\u00fcnde korktu\u011fu zaman ya\u015fad\u0131\u011f\u0131n\u0131 s\u00f6yledi.<\/p>\n<p><img decoding=\"async\" src=\"https:\/\/bihavadis.com\/wp-content\/uploads\/2026\/02\/gazzede-oldu-sanilip-kefenlendikten-sonra-hayatta-oldugu-tespit-edildi-0-TEaS6n8H.jpg\"\/><\/p>\n<p><strong>&#8220;Y\u00dcZ\u00dcM\u00dc B\u00d6YLE G\u00d6R\u00dcNCE B\u00dcY\u00dcK \u00dcZ\u00dcNT\u00dc YA\u015eADIM&#8221;<\/strong><\/p>\n<p>Filistinli Atiye, <em><b>&#8220;Yatt\u0131\u011f\u0131m\u0131z s\u0131rada 11 Eyl\u00fcl 2024 tarihinde \u0130srail bizi hedef ald\u0131. Sald\u0131r\u0131da 6 ya\u015f\u0131ndaki k\u0131z\u0131m, kay\u0131nvalidem, e\u015fimin karde\u015fi ve kuzenimin e\u015fi ya\u015fam\u0131n\u0131 yitirdi. Di\u011fer b\u00fct\u00fcn \u00e7ocuklar\u0131m da yaral\u0131yd\u0131. Beni ilk g\u00f6t\u00fcrd\u00fcklerine \u00f6ld\u00fc diye kefenleyip Avde Hastanesi morguna g\u00f6t\u00fcrd\u00fcler. Elimi biraz oynat\u0131nca, nefes ald\u0131\u011f\u0131m\u0131 anlay\u0131p tedavi i\u00e7in Deyr Belah&#8217;taki Aksa \u015eehitleri Hastanesine naklettiler. <\/b><\/em><\/p>\n<p><em><b>Hastanede uyand\u0131ktan sonra 3-4 g\u00fcn boyunca ba\u015f\u0131ma ne geldi\u011fini anlamad\u0131m bile. <\/b><\/em><em><b>Hep \u00e7ocuklar\u0131m\u0131 sordum, bana iyi olduklar\u0131n\u0131 s\u00f6ylediler. Hastaneden \u00e7\u0131k\u0131nca k\u0131z\u0131m\u0131n ve akrabalar\u0131m\u0131n ya\u015fam\u0131n\u0131 yitirdi\u011fini g\u00f6rd\u00fcm.<\/b><\/em><\/p>\n<p><em><b>Hastanedeyken doktordan bana ayna vermesini istedim. Doktor acelisi yok, y\u00fcz\u00fcn zamanla iyle\u015fir dedi ama ben \u0131srarla bakmak istedim. Y\u00fcz\u00fcn\u00fcn b\u00f6yle oldu\u011funu g\u00f6r\u00fcnce b\u00fcy\u00fck \u00fcz\u00fcnt\u00fc ya\u015fad\u0131m. K\u00fc\u00e7\u00fck \u00e7ocu\u011fum aylar sonra y\u00fcz\u00fcm\u00fc g\u00f6r\u00fcnce korkarak a\u011flad\u0131.&#8221; <\/b><\/em>dedi.<\/p>\n<p><strong>TEDAV\u0130 OLMAK \u0130ST\u0130YOR <\/strong><\/p>\n<p>Tedavi i\u00e7in yurt d\u0131\u015f\u0131na \u00e7\u0131kmay\u0131 umut eden Ebu Atiyye, y\u00fcz\u00fcn\u00fcn yeniden eskisi gibi tedavi edilip \u00e7ocuklar\u0131n\u0131n korkmadan kendisine sar\u0131lmas\u0131n\u0131 istiyor.<\/p>\n<p><img decoding=\"async\" src=\"https:\/\/bihavadis.com\/wp-content\/uploads\/2026\/02\/gazzede-oldu-sanilip-kefenlendikten-sonra-hayatta-oldugu-tespit-edildi-1-9CNy4DTu.jpg\"\/><\/p>\n<p><img decoding=\"async\" src=\"https:\/\/bihavadis.com\/wp-content\/uploads\/2026\/02\/gazzede-oldu-sanilip-kefenlendikten-sonra-hayatta-oldugu-tespit-edildi-2-CQcKZvKZ.jpg\"\/><\/p>\n<p><img decoding=\"async\" src=\"https:\/\/bihavadis.com\/wp-content\/uploads\/2026\/02\/gazzede-oldu-sanilip-kefenlendikten-sonra-hayatta-oldugu-tespit-edildi-3-vYFqPDw4.jpg\"\/><\/p>\n<p><img decoding=\"async\" src=\"https:\/\/bihavadis.com\/wp-content\/uploads\/2026\/02\/gazzede-oldu-sanilip-kefenlendikten-sonra-hayatta-oldugu-tespit-edildi-4-O7v5zprd.jpg\"\/><\/p>\n<p><img decoding=\"async\" src=\"https:\/\/bihavadis.com\/wp-content\/uploads\/2026\/02\/gazzede-oldu-sanilip-kefenlendikten-sonra-hayatta-oldugu-tespit-edildi-5-ytIwNcnL.jpg\"\/><\/p>\n<p><img decoding=\"async\" src=\"https:\/\/bihavadis.com\/wp-content\/uploads\/2026\/02\/gazzede-oldu-sanilip-kefenlendikten-sonra-hayatta-oldugu-tespit-edildi-6-b9KwPXTL.jpg\"\/><\/p>\n","protected":false},"excerpt":{"rendered":"<p>Gazze&#8217;de \u0130srail sald\u0131r\u0131s\u0131nda y\u00fcz\u00fcnden a\u011f\u0131r yaralanan Necva Ebu Atiyye, \u00f6ld\u00fc san\u0131l\u0131p kefene konulmas\u0131na ra\u011fmen hayatta kald\u0131. \u00c7ocuklar\u0131yla ya\u015fam m\u00fccadelesi veren Atiyye, yurt d\u0131\u015f\u0131na \u00e7\u0131k\u0131p tedavi olmak istiyor.<\/p>\n","protected":false},"author":1,"featured_media":28936,"comment_status":"open","ping_status":"open","sticky":false,"template":"","format":"standard","meta":{"footnotes":""},"categories":[6],"tags":[577,4600],"class_list":["post-28935","post","type-post","status-publish","format-standard","has-post-thumbnail","hentry","category-dunya","tag-tedavi","tag-yuzun"],"_links":{"self":[{"href":"https:\/\/bihavadis.com\/index.php\/wp-json\/wp\/v2\/posts\/28935","targetHints":{"allow":["GET"]}}],"collection":[{"href":"https:\/\/bihavadis.com\/index.php\/wp-json\/wp\/v2\/posts"}],"about":[{"href":"https:\/\/bihavadis.com\/index.php\/wp-json\/wp\/v2\/types\/post"}],"author":[{"embeddable":true,"href":"https:\/\/bihavadis.com\/index.php\/wp-json\/wp\/v2\/users\/1"}],"replies":[{"embeddable":true,"href":"https:\/\/bihavadis.com\/index.php\/wp-json\/wp\/v2\/comments?post=28935"}],"version-history":[{"count":1,"href":"https:\/\/bihavadis.com\/index.php\/wp-json\/wp\/v2\/posts\/28935\/revisions"}],"predecessor-version":[{"id":28944,"href":"https:\/\/bihavadis.com\/index.php\/wp-json\/wp\/v2\/posts\/28935\/revisions\/28944"}],"wp:featuredmedia":[{"embeddable":true,"href":"https:\/\/bihavadis.com\/index.php\/wp-json\/wp\/v2\/media\/28936"}],"wp:attachment":[{"href":"https:\/\/bihavadis.com\/index.php\/wp-json\/wp\/v2\/media?parent=28935"}],"wp:term":[{"taxonomy":"category","embeddable":true,"href":"https:\/\/bihavadis.com\/index.php\/wp-json\/wp\/v2\/categories?post=28935"},{"taxonomy":"post_tag","embeddable":true,"href":"https:\/\/bihavadis.com\/index.php\/wp-json\/wp\/v2\/tags?post=28935"}],"curies":[{"name":"wp","href":"https:\/\/api.w.org\/{rel}","templated":true}]}}