{"id":28969,"date":"2026-02-12T06:30:09","date_gmt":"2026-02-12T06:30:09","guid":{"rendered":"https:\/\/bihavadis.com\/?p=28969"},"modified":"2026-02-12T06:30:09","modified_gmt":"2026-02-12T06:30:09","slug":"yeni-adalet-binalari-ihalesi","status":"publish","type":"post","link":"https:\/\/bihavadis.com\/index.php\/2026\/02\/12\/yeni-adalet-binalari-ihalesi\/","title":{"rendered":"Yeni Adalet Binalar\u0131 \u0130halesi"},"content":{"rendered":"<p>\n<p>ADALET Bakan\u0131 Y\u0131lmaz Tun\u00e7, Bilecik ve Manisa&#8217;n\u0131n Ala\u015fehir il\u00e7esinde yap\u0131lmas\u0131 planlanan adalet binalar\u0131n\u0131n ihalesinin yar\u0131n ger\u00e7ekle\u015ftirilece\u011fini bildirdi.<\/p>\n<p>Bakan Tun\u00e7, sanal medya hesab\u0131ndan yapt\u0131\u011f\u0131 payla\u015f\u0131mda adalet hizmetlerinin sunumunun kalitesini art\u0131rmak i\u00e7in gerekli ad\u0131mlar\u0131 kararl\u0131l\u0131kla atmaya devam ettiklerini belirtti. Bakan Tun\u00e7, \u015fehirlere yeni adalet binalar\u0131 kazand\u0131rd\u0131klar\u0131n\u0131 ve fiziki kapasiteyi g\u00fc\u00e7lendirdiklerini kaydetti. Bu kapsamda Bilecik Adalet Binas\u0131n\u0131n yap\u0131m ihalesini yar\u0131n ger\u00e7ekle\u015ftireceklerini ifade eden Bakan Tun\u00e7, &#8220;Adalet binam\u0131z, 22 bin 100 metrekare kullan\u0131m alan\u0131, bodrum, zemin ve 4 kat, 45 hakim ve Cumhuriyet savc\u0131s\u0131 odas\u0131, 19 duru\u015fma salonu, 100 ki\u015filik toplant\u0131 ve konferans salonu, 200 ara\u00e7l\u0131k otoparktan olu\u015facak. Depreme dayan\u0131kl\u0131, modern, teknolojinin t\u00fcm imkanlar\u0131n\u0131n kullan\u0131laca\u011f\u0131 Bilecik Adalet Binam\u0131z\u0131n \u015fimdiden \u015fehrimize ve \u00fclkemize hay\u0131rl\u0131 olmas\u0131n\u0131 diliyorum&#8221; dedi.<\/p>\n<p>Manisa Ala\u015fehir Adalet Binas\u0131n\u0131n yap\u0131m ihalesini de yar\u0131n ger\u00e7ekle\u015ftireceklerini duyuran Adalet Bakan\u0131 Tun\u00e7, &#8220;Ala\u015fehir Adalet Binam\u0131z, 21 bin 776 metrekare kullan\u0131m alan\u0131, bodrum, zemin ve 4 kat, 39 hakim ve Cumhuriyet savc\u0131s\u0131 odas\u0131, 12 duru\u015fma salonu, 106 ki\u015filik toplant\u0131 ve konferans salonu, 186 ara\u00e7l\u0131k kapal\u0131 ve a\u00e7\u0131k otoparktan olu\u015facak. \u0130halenin ard\u0131ndan en k\u0131sa s\u00fcrede temelini ataca\u011f\u0131m\u0131z Ala\u015fehir Adalet Binam\u0131z\u0131n il\u00e7emize, \u015fehrimize ve \u00fclkemize hay\u0131rl\u0131, u\u011furlu olmas\u0131n\u0131 diliyorum&#8221; ifadelerini kulland\u0131. <\/p>\n","protected":false},"excerpt":{"rendered":"<p>Bakan Tun\u00e7, Bilecik ve Manisa Ala\u015fehir&#8217;de adalet binalar\u0131n\u0131n ihalesinin yar\u0131n yap\u0131laca\u011f\u0131n\u0131 duyurdu.<\/p>\n","protected":false},"author":1,"featured_media":28970,"comment_status":"open","ping_status":"open","sticky":false,"template":"","format":"standard","meta":{"footnotes":""},"categories":[9,4,13],"tags":[3234,436,2204],"class_list":["post-28969","post","type-post","status-publish","format-standard","has-post-thumbnail","hentry","category-genel","category-gundem","category-son-dakika","tag-adalet","tag-bakan","tag-tunc"],"_links":{"self":[{"href":"https:\/\/bihavadis.com\/index.php\/wp-json\/wp\/v2\/posts\/28969","targetHints":{"allow":["GET"]}}],"collection":[{"href":"https:\/\/bihavadis.com\/index.php\/wp-json\/wp\/v2\/posts"}],"about":[{"href":"https:\/\/bihavadis.com\/index.php\/wp-json\/wp\/v2\/types\/post"}],"author":[{"embeddable":true,"href":"https:\/\/bihavadis.com\/index.php\/wp-json\/wp\/v2\/users\/1"}],"replies":[{"embeddable":true,"href":"https:\/\/bihavadis.com\/index.php\/wp-json\/wp\/v2\/comments?post=28969"}],"version-history":[{"count":1,"href":"https:\/\/bihavadis.com\/index.php\/wp-json\/wp\/v2\/posts\/28969\/revisions"}],"predecessor-version":[{"id":28971,"href":"https:\/\/bihavadis.com\/index.php\/wp-json\/wp\/v2\/posts\/28969\/revisions\/28971"}],"wp:featuredmedia":[{"embeddable":true,"href":"https:\/\/bihavadis.com\/index.php\/wp-json\/wp\/v2\/media\/28970"}],"wp:attachment":[{"href":"https:\/\/bihavadis.com\/index.php\/wp-json\/wp\/v2\/media?parent=28969"}],"wp:term":[{"taxonomy":"category","embeddable":true,"href":"https:\/\/bihavadis.com\/index.php\/wp-json\/wp\/v2\/categories?post=28969"},{"taxonomy":"post_tag","embeddable":true,"href":"https:\/\/bihavadis.com\/index.php\/wp-json\/wp\/v2\/tags?post=28969"}],"curies":[{"name":"wp","href":"https:\/\/api.w.org\/{rel}","templated":true}]}}