{"id":28980,"date":"2026-02-12T06:39:05","date_gmt":"2026-02-12T06:39:05","guid":{"rendered":"https:\/\/bihavadis.com\/?p=28980"},"modified":"2026-02-12T06:39:05","modified_gmt":"2026-02-12T06:39:05","slug":"abdli-kayakci-lindsey-vonn-yarista-kaza-gecirdi","status":"publish","type":"post","link":"https:\/\/bihavadis.com\/index.php\/2026\/02\/12\/abdli-kayakci-lindsey-vonn-yarista-kaza-gecirdi\/","title":{"rendered":"ABD&#8217;li kayak\u00e7\u0131 Lindsey Vonn, yar\u0131\u015fta kaza ge\u00e7irdi"},"content":{"rendered":"<p>\u0130talya&#8217;da d\u00fczenlenen 2026 Milano-Cortina K\u0131\u015f Olimpiyatlar\u0131&#8217;n\u0131n ikinci g\u00fcn\u00fcnde alp disiplini kad\u0131nlar ini\u015f yar\u0131\u015flar\u0131, Cortina&#8217;daki Tofane Alp Disiplini Kayak Merkezi&#8217;nde yap\u0131ld\u0131.<\/p>\n<p>Kariyerinde 5. kez olimpiyatlara kat\u0131lan 41 ya\u015f\u0131ndaki ABD&#8217;li kayak\u00e7\u0131 Lindsey Vonn, yar\u0131\u015f\u0131n 14. saniyesinde kaza yaparak sert bir \u015fekilde kara d\u00fc\u015ft\u00fc.<\/p>\n<p><img decoding=\"async\" src=\"https:\/\/bihavadis.com\/wp-content\/uploads\/2026\/02\/abdli-kayakci-lindsey-vonn-yarista-kaza-gecirdi-0-RZKNEZjQ.jpg\"\/><\/p>\n<p><strong>HEL\u0130KOPTERLE HASTANEYE SEVK ED\u0130LD\u0130<\/strong><\/p>\n<p>D\u00f6rd\u00fcnc\u00fc kap\u0131dan ge\u00e7erken meydana gelen kazada sa\u011f kolu kap\u0131ya tak\u0131lan Vonn, dengesini kaybetti ve uzun s\u00fcre yerde kald\u0131.<\/p>\n<p>Sa\u011fl\u0131k ekibinin 10 dakikadan fazla m\u00fcdahale etti\u011fi tecr\u00fcbeli kayak\u00e7\u0131, daha sonra ambulans helikopterle hastaneye sevk edildi.<\/p>\n<p><img decoding=\"async\" src=\"https:\/\/bihavadis.com\/wp-content\/uploads\/2026\/02\/abdli-kayakci-lindsey-vonn-yarista-kaza-gecirdi-1-y5U376rD.jpg\"\/><\/p>\n<p><strong>R\u0130SK ALDI<\/strong><\/p>\n<p>Vonn, \u0130svi\u00e7re&#8217;deki D\u00fcnya Kupas\u0131 etab\u0131nda sol dizinden ya\u015fad\u0131\u011f\u0131 \u00f6n \u00e7apraz ba\u011f sakatl\u0131\u011f\u0131na ra\u011fmen risk alarak olimpiyatlara kat\u0131lmaya karar vermi\u015fti.<\/p>\n<p>Alp disiplininde bir olimpiyat ve 2 d\u00fcnya \u015fampiyonlu\u011fu bulunan Vonn, D\u00fcnya Kupas\u0131 yar\u0131\u015flar\u0131nda ise 84 etap galibiyeti elde etti.<\/p>\n","protected":false},"excerpt":{"rendered":"<p>2026 Milano-Cortina K\u0131\u015f Olimpiyatlar\u0131&#8217;n\u0131n alp disiplini kad\u0131nlar ini\u015f kategorisinde m\u00fccadele eden ABD&#8217;li kayak\u00e7\u0131 Lindsey Vonn, yar\u0131\u015f\u0131n ba\u015f\u0131nda kaza ge\u00e7irerek hastaneye kald\u0131r\u0131ld\u0131.<\/p>\n","protected":false},"author":1,"featured_media":28981,"comment_status":"open","ping_status":"open","sticky":false,"template":"","format":"standard","meta":{"footnotes":""},"categories":[14],"tags":[],"class_list":["post-28980","post","type-post","status-publish","format-standard","has-post-thumbnail","hentry","category-spor"],"_links":{"self":[{"href":"https:\/\/bihavadis.com\/index.php\/wp-json\/wp\/v2\/posts\/28980","targetHints":{"allow":["GET"]}}],"collection":[{"href":"https:\/\/bihavadis.com\/index.php\/wp-json\/wp\/v2\/posts"}],"about":[{"href":"https:\/\/bihavadis.com\/index.php\/wp-json\/wp\/v2\/types\/post"}],"author":[{"embeddable":true,"href":"https:\/\/bihavadis.com\/index.php\/wp-json\/wp\/v2\/users\/1"}],"replies":[{"embeddable":true,"href":"https:\/\/bihavadis.com\/index.php\/wp-json\/wp\/v2\/comments?post=28980"}],"version-history":[{"count":1,"href":"https:\/\/bihavadis.com\/index.php\/wp-json\/wp\/v2\/posts\/28980\/revisions"}],"predecessor-version":[{"id":28984,"href":"https:\/\/bihavadis.com\/index.php\/wp-json\/wp\/v2\/posts\/28980\/revisions\/28984"}],"wp:featuredmedia":[{"embeddable":true,"href":"https:\/\/bihavadis.com\/index.php\/wp-json\/wp\/v2\/media\/28981"}],"wp:attachment":[{"href":"https:\/\/bihavadis.com\/index.php\/wp-json\/wp\/v2\/media?parent=28980"}],"wp:term":[{"taxonomy":"category","embeddable":true,"href":"https:\/\/bihavadis.com\/index.php\/wp-json\/wp\/v2\/categories?post=28980"},{"taxonomy":"post_tag","embeddable":true,"href":"https:\/\/bihavadis.com\/index.php\/wp-json\/wp\/v2\/tags?post=28980"}],"curies":[{"name":"wp","href":"https:\/\/api.w.org\/{rel}","templated":true}]}}