{"id":28988,"date":"2026-02-12T06:45:08","date_gmt":"2026-02-12T06:45:08","guid":{"rendered":"https:\/\/bihavadis.com\/?p=28988"},"modified":"2026-02-12T06:45:08","modified_gmt":"2026-02-12T06:45:08","slug":"epsteinin-israil-ordusuna-yardim-ettigi-ortaya-cikti","status":"publish","type":"post","link":"https:\/\/bihavadis.com\/index.php\/2026\/02\/12\/epsteinin-israil-ordusuna-yardim-ettigi-ortaya-cikti\/","title":{"rendered":"Epstein&#8217;in \u0130srail ordusuna yard\u0131m etti\u011fi ortaya \u00e7\u0131kt\u0131"},"content":{"rendered":"<p>ABD&#8217;de k\u00fc\u00e7\u00fck k\u0131z \u00e7ocuklar\u0131na y\u00f6nelik fuhu\u015f skandal\u0131&#8230;<\/p>\n<p>Epstein ile ilgili ABD Adalet Bakanl\u0131\u011f\u0131n\u0131n kamuoyuyla payla\u015ft\u0131\u011f\u0131 belgelerde, yeni detaylar ortaya \u00e7\u0131kmaya devam ediyor.<\/p>\n<p><strong>\u0130SRA\u0130L ORDUSUNA YARDIM ETM\u0130\u015e <\/strong><\/p>\n<p>2005 y\u0131l\u0131nda vergi i\u00e7in sundu\u011fu belgelere bak\u0131ld\u0131\u011f\u0131nda Epstein&#8217;in, \u0130srail ordusu ve Filistin topraklar\u0131n\u0131 gasbeden \u0130sraillilere yard\u0131m etti\u011fi g\u00f6r\u00fcl\u00fcyor.<\/p>\n<p><strong>45 B\u0130N DOLAR BA\u011eI\u015e YAPMI\u015e <\/strong><\/p>\n<p>Epstein&#8217;in 3 Mart 2005&#8217;te<em><b> &#8220;\u0130srail Savunma Kuvvetleri Dostlar\u0131&#8221;<\/b><\/em> isimli derne\u011fe 25 bin dolar ba\u011f\u0131\u015f yapt\u0131\u011f\u0131, ayr\u0131ca Bat\u0131 \u015eeria&#8217;daki yasa d\u0131\u015f\u0131 Yahudi yerle\u015fimcilere fon sa\u011flayan<em><b> &#8220;Yahudi Ulusal Fonu&#8221; <\/b><\/em>isimli derne\u011fe de 15 bin dolar ve Yahudi Kad\u0131nlar Ulusal Konseyi isimli kurulu\u015fa 5 bin dolar ba\u011f\u0131\u015fta bulundu\u011fu g\u00f6ze \u00e7arp\u0131yor.<\/p>\n<p><img decoding=\"async\" src=\"https:\/\/bihavadis.com\/wp-content\/uploads\/2026\/02\/epsteinin-israil-ordusuna-yardim-ettigi-ortaya-cikti-0-3vqNhJTx.jpg\"\/><\/p>\n<p><strong>&#8220;F\u0130L\u0130ST\u0130N DEVLET\u0130 H\u0130\u00c7B\u0130R ZAMAN VAR OLMADI&#8221;<\/strong><\/p>\n<p>Epstein&#8217;in 20 May\u0131s 2012&#8217;de ad\u0131 a\u00e7\u0131klanmayan ki\u015fiye g\u00f6nderdi\u011fi e-postada Filistin ile ilgili g\u00f6r\u00fc\u015fleri dikkat \u00e7ekiyor.<\/p>\n<p>E-postada Epstein, <em><b>&#8220;7. y\u00fczy\u0131lda M\u00fcsl\u00fcmanlar\u0131n i\u015fgalinin ard\u0131ndan Arap\u00e7a gitgide halk\u0131n \u00e7o\u011funlu\u011funun dili olsa da Filistin, hi\u00e7bir zaman tam olarak Arap \u00fclkesi olmad\u0131. Filistin&#8217;de hi\u00e7bir zaman ba\u011f\u0131ms\u0131z bir Arap ya da Filistin Devleti var olmad\u0131.&#8221; <\/b><\/em>ifadelerini kullan\u0131yor.<\/p>\n<p><strong>GAZETEC\u0130LERE EPSTEIN&#8217;\u0130N CENAZES\u0130 YER\u0130NE KUTU G\u00d6STERM\u0130\u015eLER <\/strong><\/p>\n<p>Belgelerde Epstein&#8217;in cenaze t\u00f6renine dair detaylar da yer al\u0131yor.<\/p>\n<p>FBI&#8217;a ait 12 A\u011fustos 2019 tarihli belgede, ad\u0131 kapat\u0131lan ki\u015finin ifadesine yer al\u0131yor.<\/p>\n<p>Bu ki\u015fi, ifadesinde Epstein&#8217;in cenaze t\u00f6reninde bas\u0131n mensuplar\u0131n\u0131n i\u00e7ine bo\u015f kutular yerle\u015ftirilen arac\u0131 takip etmesinin sa\u011fland\u0131\u011f\u0131 detay\u0131n\u0131 veriyor.<\/p>\n<p>Tan\u0131k, bu ara\u00e7 ayr\u0131ld\u0131ktan sonra Epstein&#8217;in cenazesinin ba\u015fka bir ara\u00e7la g\u00f6t\u00fcr\u00fcld\u00fc\u011f\u00fcn\u00fc belirtiyor.<\/p>\n<p><img decoding=\"async\" src=\"https:\/\/bihavadis.com\/wp-content\/uploads\/2026\/02\/epsteinin-israil-ordusuna-yardim-ettigi-ortaya-cikti-1-jJTOkrHV.jpg\"\/><\/p>\n<p><strong>ABD&#8217;DE JEFFREY EPSTEIN SKANDALI <\/strong><\/p>\n<p>En k\u00fc\u00e7\u00fc\u011f\u00fc 14 olmak \u00fczere 18 ya\u015f alt\u0131ndaki onlarca k\u0131z \u00e7ocu\u011funa cinsel istismarda bulunmak ve fuhu\u015f a\u011f\u0131 olu\u015fturmak su\u00e7lamas\u0131yla yarg\u0131lanan Epstein, tutuklu oldu\u011fu New York Manhattan Metropolitan Merkez Hapishanesi&#8217;ndeki h\u00fccresinde 10 A\u011fustos 2019&#8217;da \u00f6l\u00fc bulunmu\u015ftu.<\/p>\n<p>A\u00e7\u0131klanan Epstein dava dosyalar\u0131nda Prens Andrew, ABD Ba\u015fkan\u0131 Donald Trump, eski ABD Ba\u015fkan\u0131 Bill Clinton, eski \u0130srail Ba\u015fbakan\u0131 Ehud Barak, eski ABD Ba\u015fkan Yard\u0131mc\u0131s\u0131 Al Gore, akt\u00f6r Kevin Spacey, \u015fark\u0131c\u0131 Michael Jackson, ill\u00fczyonist David Copperfield, avukat Alan Dershowitz ve eski New Mexico Valisi Bill Richardson gibi \u00fcnl\u00fc isimler yer alm\u0131\u015ft\u0131.<\/p>\n<p>ABD Federal Soru\u015fturma B\u00fcrosu (FBI) da ABD Adalet Bakanl\u0131\u011f\u0131 ile yapt\u0131\u011f\u0131 inceleme sonucunda, \u00fcnl\u00fc isimlerden olu\u015fan &#8220;m\u00fc\u015fteri listesi&#8221;nin tutuldu\u011funa dair herhangi bir kan\u0131ta ula\u015f\u0131lamad\u0131\u011f\u0131n\u0131, aralar\u0131nda h\u00fck\u00fcmet yetkilileri, \u00fcnl\u00fcler ve i\u015f insanlar\u0131n\u0131n da bulundu\u011fu ki\u015filerin su\u00e7una ortak oldu\u011fu gerek\u00e7esiyle \u00f6rtbas amac\u0131yla \u00f6ld\u00fcr\u00fcld\u00fc\u011f\u00fc \u00f6ne s\u00fcr\u00fclen Epstein&#8217;in ise asl\u0131nda h\u00fccresinde intihar etti\u011fi neticesine var\u0131ld\u0131\u011f\u0131n\u0131 a\u00e7\u0131klam\u0131\u015ft\u0131.<\/p>\n","protected":false},"excerpt":{"rendered":"<p>Jeffrey Epstein&#8217;e ili\u015fkin yay\u0131nlana yeni dosyalar\u0131nda, \u0130srail ordusuna ve Filistin topraklar\u0131n\u0131 gasbeden \u0130sraillilere yard\u0131m etti\u011fi g\u00f6r\u00fcl\u00fcyor.<\/p>\n","protected":false},"author":1,"featured_media":28989,"comment_status":"open","ping_status":"open","sticky":false,"template":"","format":"standard","meta":{"footnotes":""},"categories":[6],"tags":[272,2183,414,792],"class_list":["post-28988","post","type-post","status-publish","format-standard","has-post-thumbnail","hentry","category-dunya","tag-abd","tag-epstein","tag-filistin","tag-israil"],"_links":{"self":[{"href":"https:\/\/bihavadis.com\/index.php\/wp-json\/wp\/v2\/posts\/28988","targetHints":{"allow":["GET"]}}],"collection":[{"href":"https:\/\/bihavadis.com\/index.php\/wp-json\/wp\/v2\/posts"}],"about":[{"href":"https:\/\/bihavadis.com\/index.php\/wp-json\/wp\/v2\/types\/post"}],"author":[{"embeddable":true,"href":"https:\/\/bihavadis.com\/index.php\/wp-json\/wp\/v2\/users\/1"}],"replies":[{"embeddable":true,"href":"https:\/\/bihavadis.com\/index.php\/wp-json\/wp\/v2\/comments?post=28988"}],"version-history":[{"count":1,"href":"https:\/\/bihavadis.com\/index.php\/wp-json\/wp\/v2\/posts\/28988\/revisions"}],"predecessor-version":[{"id":28992,"href":"https:\/\/bihavadis.com\/index.php\/wp-json\/wp\/v2\/posts\/28988\/revisions\/28992"}],"wp:featuredmedia":[{"embeddable":true,"href":"https:\/\/bihavadis.com\/index.php\/wp-json\/wp\/v2\/media\/28989"}],"wp:attachment":[{"href":"https:\/\/bihavadis.com\/index.php\/wp-json\/wp\/v2\/media?parent=28988"}],"wp:term":[{"taxonomy":"category","embeddable":true,"href":"https:\/\/bihavadis.com\/index.php\/wp-json\/wp\/v2\/categories?post=28988"},{"taxonomy":"post_tag","embeddable":true,"href":"https:\/\/bihavadis.com\/index.php\/wp-json\/wp\/v2\/tags?post=28988"}],"curies":[{"name":"wp","href":"https:\/\/api.w.org\/{rel}","templated":true}]}}