{"id":28996,"date":"2026-02-12T06:51:03","date_gmt":"2026-02-12T06:51:03","guid":{"rendered":"https:\/\/bihavadis.com\/?p=28996"},"modified":"2026-02-12T06:51:03","modified_gmt":"2026-02-12T06:51:03","slug":"izmir-tabip-odasinda-secim-hazirligi","status":"publish","type":"post","link":"https:\/\/bihavadis.com\/index.php\/2026\/02\/12\/izmir-tabip-odasinda-secim-hazirligi\/","title":{"rendered":"\u0130zmir Tabip Odas\u0131\u2019nda Se\u00e7im Haz\u0131rl\u0131\u011f\u0131 !"},"content":{"rendered":"<p>\u0130zmir Tabip Odas\u0131\u2019nda se\u00e7im haz\u0131rl\u0131\u011f\u0131: G\u00f6zler bahar aylar\u0131ndaki genel kurula \u00e7evrildi. \u0130zmir\u2019de hekimlerin meslek \u00f6rg\u00fct\u00fc olan \u0130zmir Tabip Odas\u0131, iki y\u0131lda bir ger\u00e7ekle\u015ftirilen se\u00e7im s\u00fcrecine yeniden giriyor. Genel kurul ve se\u00e7imlerin Nisan ay\u0131 i\u00e7inde yap\u0131lmas\u0131 planlan\u0131rken, se\u00e7im atmosferi \u015fimdiden meslek camias\u0131nda konu\u015fulmaya ba\u015fland\u0131.<\/p>\n<p><b>De\u011fi\u015fim mi mevcut y\u00f6netim mi ?<\/b><\/p>\n<p>Her se\u00e7im d\u00f6neminde oldu\u011fu gibi bu y\u0131l da farkl\u0131 g\u00f6r\u00fc\u015fleri ve iddialar\u0131 temsil eden gruplar\u0131n yar\u0131\u015fmas\u0131 bekleniyor. Hen\u00fcz netle\u015fmemekle birlikte iki ya da \u00fc\u00e7 grubun se\u00e7imlerde yer alaca\u011f\u0131 ifade ediliyor. S\u00fcre\u00e7, \u00f6nceki se\u00e7imlerdekine benzer \u015fekilde genel hatlar\u0131yla \u201cde\u011fi\u015fim\u201d iddias\u0131 ta\u015f\u0131yanlar, mevcut y\u00f6netimi ele\u015ftirenler ve mevcut y\u00f6netim anlay\u0131\u015f\u0131n\u0131n devam\u0131n\u0131 savunanlar aras\u0131nda ge\u00e7ecek. Tabip odalar\u0131n\u0131n sa\u011fl\u0131k politikalar\u0131 ve meslek \u00f6rg\u00fctlenmesi a\u00e7\u0131s\u0131ndan toplumdaki a\u011f\u0131rl\u0131\u011f\u0131 ve me\u015fruiyeti dikkate al\u0131nd\u0131\u011f\u0131nda, se\u00e7im sonu\u00e7lar\u0131n\u0131n yaln\u0131zca hekimler i\u00e7in de\u011fil, sa\u011fl\u0131k alan\u0131 a\u00e7\u0131s\u0131ndan da \u00f6nem ta\u015f\u0131d\u0131\u011f\u0131 vurgulan\u0131yor. \u00d6te yandan son y\u0131llarda s\u0131k\u00e7a dile getirilen \u201ctabip odalar\u0131 ile hekimler aras\u0131ndaki ba\u011f\u0131n zay\u0131flad\u0131\u011f\u0131\u201d y\u00f6n\u00fcndeki ele\u015ftiriler de se\u00e7im tart\u0131\u015fmalar\u0131n\u0131n \u00f6nemli ba\u015fl\u0131klar\u0131ndan biri olarak \u00f6ne \u00e7\u0131k\u0131yor.<\/p>\n<p><b>T\u00fcrk Tabipler Birli\u011fi se\u00e7imlerini de do\u011frudan etkileyecek!<\/b><\/p>\n<p>Se\u00e7imlerde; y\u00f6netim kurulu, onur kurulu ve denetleme kurulu \u00fcyelerinin yan\u0131 s\u0131ra T\u00fcrk Tabipleri Birli\u011fi Merkez Konseyi\u2019ni belirleyecek delegeler de belirlenecek. Bu y\u00f6n\u00fcyle se\u00e7imler, yaln\u0131zca yerel y\u00f6netimi de\u011fil, \u00fclke genelindeki meslek \u00f6rg\u00fctlenmesini de do\u011frudan etkiliyor. Kat\u0131l\u0131m oran\u0131 ise her d\u00f6nem oldu\u011fu gibi bu y\u0131l da tart\u0131\u015fma konusu. Tabip Odas\u0131 se\u00e7imlerine genel kat\u0131l\u0131m\u0131n d\u00fc\u015f\u00fck oldu\u011fu y\u00f6n\u00fcndeki ele\u015ftiriler s\u00fcrse de \u0130zmir\u2019de \u00e7ok say\u0131da grubun yar\u0131\u015fmas\u0131 nedeniyle kat\u0131l\u0131m oran\u0131n\u0131n di\u011fer illere k\u0131yasla g\u00f6rece daha y\u00fcksek oldu\u011fu belirtiliyor. Meslek \u00e7evrelerinde, \u201ckat\u0131l\u0131m artt\u0131k\u00e7a temsil g\u00fcc\u00fc ve memnuniyet de artar\u201d g\u00f6r\u00fc\u015f\u00fc dile getiriliyor. \u0130zmir\u2019de yap\u0131lacak se\u00e7imlerin, hem meslek \u00f6rg\u00fct\u00fcn\u00fcn gelece\u011fi hem de hekimlerin oda ile ili\u015fkisi a\u00e7\u0131s\u0131ndan belirleyici bir d\u00f6neme\u00e7 olmas\u0131 bekleniyor. (BSHA \u2013 Bilim ve Sa\u011fl\u0131k Haber Ajans\u0131)<\/p>\n","protected":false},"excerpt":{"rendered":"<p>\u0130zmir Tabip Odas\u0131 se\u00e7imlerinin \u00f6n\u00fcm\u00fczdeki nisan ay\u0131nda yap\u0131lmas\u0131 planlan\u0131yor. Se\u00e7imleri BSHA yak\u0131ndan takip edecek .<\/p>\n","protected":false},"author":1,"featured_media":28997,"comment_status":"open","ping_status":"open","sticky":false,"template":"","format":"standard","meta":{"footnotes":""},"categories":[11],"tags":[439,3529,2020,4602,369],"class_list":["post-28996","post","type-post","status-publish","format-standard","has-post-thumbnail","hentry","category-saglik","tag-meslek","tag-oda","tag-secim","tag-tabip","tag-yonetim"],"_links":{"self":[{"href":"https:\/\/bihavadis.com\/index.php\/wp-json\/wp\/v2\/posts\/28996","targetHints":{"allow":["GET"]}}],"collection":[{"href":"https:\/\/bihavadis.com\/index.php\/wp-json\/wp\/v2\/posts"}],"about":[{"href":"https:\/\/bihavadis.com\/index.php\/wp-json\/wp\/v2\/types\/post"}],"author":[{"embeddable":true,"href":"https:\/\/bihavadis.com\/index.php\/wp-json\/wp\/v2\/users\/1"}],"replies":[{"embeddable":true,"href":"https:\/\/bihavadis.com\/index.php\/wp-json\/wp\/v2\/comments?post=28996"}],"version-history":[{"count":1,"href":"https:\/\/bihavadis.com\/index.php\/wp-json\/wp\/v2\/posts\/28996\/revisions"}],"predecessor-version":[{"id":28998,"href":"https:\/\/bihavadis.com\/index.php\/wp-json\/wp\/v2\/posts\/28996\/revisions\/28998"}],"wp:featuredmedia":[{"embeddable":true,"href":"https:\/\/bihavadis.com\/index.php\/wp-json\/wp\/v2\/media\/28997"}],"wp:attachment":[{"href":"https:\/\/bihavadis.com\/index.php\/wp-json\/wp\/v2\/media?parent=28996"}],"wp:term":[{"taxonomy":"category","embeddable":true,"href":"https:\/\/bihavadis.com\/index.php\/wp-json\/wp\/v2\/categories?post=28996"},{"taxonomy":"post_tag","embeddable":true,"href":"https:\/\/bihavadis.com\/index.php\/wp-json\/wp\/v2\/tags?post=28996"}],"curies":[{"name":"wp","href":"https:\/\/api.w.org\/{rel}","templated":true}]}}