{"id":29071,"date":"2026-02-12T07:36:06","date_gmt":"2026-02-12T07:36:06","guid":{"rendered":"https:\/\/bihavadis.com\/?p=29071"},"modified":"2026-02-12T07:36:06","modified_gmt":"2026-02-12T07:36:06","slug":"galatasarayda-kayserispor-maci-icin-4-degisiklik","status":"publish","type":"post","link":"https:\/\/bihavadis.com\/index.php\/2026\/02\/12\/galatasarayda-kayserispor-maci-icin-4-degisiklik\/","title":{"rendered":"Galatasaray&#8217;da Kayserispor Ma\u00e7\u0131 \u0130\u00e7in 4 De\u011fi\u015fiklik!"},"content":{"rendered":"<p> Galatasaray Teknik Direkt\u00f6r\u00fc Okan Buruk son oynad\u0131klar\u0131 Manchester City ma\u00e7\u0131n\u0131n 11&#8217;ine g\u00f6re Kayserispor kar\u015f\u0131s\u0131nda 2&#8217;si zorunlu, 4 de\u011fi\u015fiklik yapt\u0131.<\/p>\n<p>Trendyol S\u00fcper Lig&#8217;in 20. haftas\u0131nda Galatasaray, RAMS Park&#8217;ta Kayserispor ile kar\u015f\u0131la\u015f\u0131yor. Galatasaray Teknik Direkt\u00f6r\u00fc Okan Buruk, son oynad\u0131klar\u0131 Manchester City ma\u00e7\u0131n\u0131n 11&#8217;ine g\u00f6re Kayseri ekibi kar\u015f\u0131s\u0131nda 2&#8217;si zorunlu toplam 4 de\u011fi\u015fiklik yapt\u0131. Buruk; Ismail Jakobs, \u0130lkay G\u00fcndo\u011fan, Leroy Sane ve Bar\u0131\u015f Alper Y\u0131lmaz&#8217;\u0131n yerine Eren Elmal\u0131, Lucas Torreira, Yunus Akg\u00fcn ve Noa Lang&#8217;a g\u00f6rev verdi.<\/p>\n<p>Sar\u0131-k\u0131rm\u0131z\u0131l\u0131larda sakatl\u0131klar\u0131 bulunan Leroy Sane ve Arda \u00dcnyay&#8217;\u0131n d\u0131\u015f\u0131nda Bar\u0131\u015f Alper Y\u0131lmaz da sar\u0131 kart cezas\u0131ndan dolay\u0131 kadroda yer almad\u0131. Yusuf Demir ise teknik heyet karar\u0131yla kadroda de\u011fil.<\/p>\n<p>Yeni transferlerden Lang 11&#8217;de, Asprilla yedek<\/p>\n<p>Galatasaray&#8217;\u0131n yeni transferleri Hollandal\u0131 futbolcu Noa Lang ile Kolombiyal\u0131 futbolcu Yaser Asprilla, ilk kez Kayserispor ma\u00e7\u0131n\u0131n kadrosunda yer ald\u0131. M\u00fcsabakada Lang 11&#8217;de g\u00f6rev al\u0131rken, Asprilla ise yedek kul\u00fcbesinde bekledi.<\/p>\n<p>Galatasaray&#8217;\u0131n 11&#8217;i<\/p>\n<p>Galatasaray m\u00fccadeleye; U\u011furcan \u00c7ak\u0131r, Roland Sallai, Davinson Sanchez, Abd\u00fclkerim Bardakc\u0131, Eren Elmal\u0131, Mario Lemina, Lucas Torreira, Gabriel Sara, Yunus Akg\u00fcn, Noa Lang ve Victor Osimhen 11&#8217;i ile ba\u015flad\u0131.<\/p>\n<p>Yedeklerde G\u00fcnay G\u00fcven\u00e7, Ismail Jakobs, Mauro Icardi, \u0130lkay G\u00fcndo\u011fan, Ahmed Kutucu, Yaser Asprilla, Kaan Ayhan, G\u00f6kdeniz G\u00fcrp\u00fcz, Kaz\u0131mcan Karata\u015f ve Wilfried Singo bekledi.<\/p>\n<p>UEFA \u015eampiyonlar Ligi&#8217;nde deplasmanda oynad\u0131klar\u0131 Manchester City ma\u00e7\u0131nda Tijjani Reijnders ile girdi\u011fi ikili m\u00fccadelede kafas\u0131ndan sakatl\u0131k ya\u015fayan Davinson Sanchez, sa\u011fl\u0131k ekibinin m\u00fcdahalesinin ard\u0131ndan kafas\u0131 sarg\u0131l\u0131 bir \u015fekilde ma\u00e7a devam etmi\u015fti. Sanchez, Kayserispor kar\u015f\u0131la\u015fmas\u0131na da kafas\u0131 sarg\u0131l\u0131 ve \u00f6zel bantla sahaya \u00e7\u0131kt\u0131.<\/p>\n<p> Bar\u0131\u015f Man\u00e7o unutulmad\u0131<\/p>\n<p>Galatasaray ile Kayserispor aras\u0131nda oynanan m\u00fcsabakada 1 \u015eubat 1999 tarihinde vefat eden sanat\u00e7\u0131 Bar\u0131\u015f Man\u00e7o unutulmad\u0131. Stadyumda bulunan barkovizyonlardan Bar\u0131\u015f Man\u00e7o&#8217;nun foto\u011fraflar\u0131 g\u00f6sterilirken ayr\u0131ca hoparl\u00f6rden de Man\u00e7o&#8217;nun \u015fark\u0131lar\u0131 \u00e7al\u0131nd\u0131. &#8211; \u0130STANBUL<\/p>\n","protected":false},"excerpt":{"rendered":"<p>Okan Buruk, Kayserispor ma\u00e7\u0131nda 4 de\u011fi\u015fiklik yapt\u0131; yeni transfer Noa Lang 11&#8217;de yer ald\u0131.<\/p>\n","protected":false},"author":1,"featured_media":29072,"comment_status":"open","ping_status":"open","sticky":false,"template":"","format":"standard","meta":{"footnotes":""},"categories":[14],"tags":[1888,496,2496,2922],"class_list":["post-29071","post","type-post","status-publish","format-standard","has-post-thumbnail","hentry","category-spor","tag-baris","tag-galatasaray","tag-kayserispor","tag-lang"],"_links":{"self":[{"href":"https:\/\/bihavadis.com\/index.php\/wp-json\/wp\/v2\/posts\/29071","targetHints":{"allow":["GET"]}}],"collection":[{"href":"https:\/\/bihavadis.com\/index.php\/wp-json\/wp\/v2\/posts"}],"about":[{"href":"https:\/\/bihavadis.com\/index.php\/wp-json\/wp\/v2\/types\/post"}],"author":[{"embeddable":true,"href":"https:\/\/bihavadis.com\/index.php\/wp-json\/wp\/v2\/users\/1"}],"replies":[{"embeddable":true,"href":"https:\/\/bihavadis.com\/index.php\/wp-json\/wp\/v2\/comments?post=29071"}],"version-history":[{"count":1,"href":"https:\/\/bihavadis.com\/index.php\/wp-json\/wp\/v2\/posts\/29071\/revisions"}],"predecessor-version":[{"id":29073,"href":"https:\/\/bihavadis.com\/index.php\/wp-json\/wp\/v2\/posts\/29071\/revisions\/29073"}],"wp:featuredmedia":[{"embeddable":true,"href":"https:\/\/bihavadis.com\/index.php\/wp-json\/wp\/v2\/media\/29072"}],"wp:attachment":[{"href":"https:\/\/bihavadis.com\/index.php\/wp-json\/wp\/v2\/media?parent=29071"}],"wp:term":[{"taxonomy":"category","embeddable":true,"href":"https:\/\/bihavadis.com\/index.php\/wp-json\/wp\/v2\/categories?post=29071"},{"taxonomy":"post_tag","embeddable":true,"href":"https:\/\/bihavadis.com\/index.php\/wp-json\/wp\/v2\/tags?post=29071"}],"curies":[{"name":"wp","href":"https:\/\/api.w.org\/{rel}","templated":true}]}}