{"id":29144,"date":"2026-02-12T08:33:06","date_gmt":"2026-02-12T08:33:06","guid":{"rendered":"https:\/\/bihavadis.com\/?p=29144"},"modified":"2026-02-12T08:33:06","modified_gmt":"2026-02-12T08:33:06","slug":"kar-kutlesi-dusmesi-bir-yarali-bir-arac-hasar-gordu","status":"publish","type":"post","link":"https:\/\/bihavadis.com\/index.php\/2026\/02\/12\/kar-kutlesi-dusmesi-bir-yarali-bir-arac-hasar-gordu\/","title":{"rendered":"Kar K\u00fctlesi D\u00fc\u015fmesi: Bir Yaral\u0131, Bir Ara\u00e7 Hasar G\u00f6rd\u00fc"},"content":{"rendered":"<p>HAVALARIN \u0131s\u0131nmas\u0131yla birlikte A\u011fr\u0131&#8217;da \u00e7at\u0131da biriken kar k\u00fctlesinin \u00fczerine d\u00fc\u015ft\u00fc\u011f\u00fc bir ki\u015fi yaraland\u0131. Erzurum&#8217;da ise \u00e7at\u0131s\u0131ndan akan kar k\u00fctlesi bir otomobile zarar verirken bir ba\u015fka binadan akan kar k\u00fctlesi \u00e7evredeki vatanda\u015flar\u0131 endi\u015felendirdi.<\/p>\n<p>A\u011fr\u0131 merkez Leylekp\u0131nar Mahallesi Vali Kona\u011f\u0131 Caddesinde kald\u0131r\u0131mda y\u00fcr\u00fcyen Ceren G\u00fcral&#8217;\u0131n \u00fczerine 5 katl\u0131 binan\u0131n \u00e7at\u0131s\u0131ndan akan kar k\u00fctlesi d\u00fc\u015ft\u00fc. Vatanda\u015flar\u0131n yard\u0131mc\u0131 oldu\u011fu G\u00fcral, ambulansla A\u011fr\u0131 Devlet Hastanesi&#8217;ne kald\u0131r\u0131ld\u0131. Hastanede tedavi alt\u0131na al\u0131nan G\u00fcral&#8217;\u0131n sa\u011fl\u0131k durumunun iyi oldu\u011fu \u00f6\u011frenildi. G\u00fcral&#8217;\u0131n kar k\u00fctlesi d\u00fc\u015fmesi sonucu kafas\u0131nda olu\u015fan k\u00fc\u00e7\u00fck \u00e7apl\u0131 a\u00e7\u0131lmaya diki\u015f at\u0131ld\u0131\u011f\u0131, el bile\u011finde ise hafif s\u0131yr\u0131klar oldu\u011fu \u00f6\u011frenildi.<\/p>\n<p>KAR K\u00dcTLES\u0130 OTOMOB\u0130L\u0130N \u00dcZER\u0130NE AKTI<\/p>\n<p>Erzurum Yakutiye il\u00e7esi Lalapa\u015fa Mahallesi Mumcu Caddesi&#8217;nde \u00e7at\u0131da biriken kar \u0131s\u0131nan havayla birlikte d\u00fc\u015ft\u00fc. Kar k\u00fctlesi yol kenar\u0131nda park halindeki bir otomobilde hasara yol a\u00e7t\u0131.<\/p>\n<p>Lalapa\u015fa Mahallesi \u00c7aykara Caddesi&#8217;nde ise bir binan\u0131n \u00e7at\u0131s\u0131ndan d\u00f6k\u00fclen kar k\u00fctlesi \u00e7evredeki vatanda\u015flar\u0131 endi\u015felendirdi. \u00c7at\u0131dan akan kar\u0131n d\u00fc\u015ft\u00fc\u011f\u00fc anda kald\u0131r\u0131mda ve caddede kimsenin olmamas\u0131 olas\u0131 yaralanma ve hasarlar\u0131 \u00f6nledi. <\/p>\n","protected":false},"excerpt":{"rendered":"<p>A\u011fr\u0131&#8217;da \u00e7at\u0131da biriken kar k\u00fctlesi bir ki\u015fiye d\u00fc\u015ft\u00fc, Erzurum&#8217;da ise bir araca zarar verdi.<\/p>\n","protected":false},"author":1,"featured_media":29145,"comment_status":"open","ping_status":"open","sticky":false,"template":"","format":"standard","meta":{"footnotes":""},"categories":[9,4,13],"tags":[4616],"class_list":["post-29144","post","type-post","status-publish","format-standard","has-post-thumbnail","hentry","category-genel","category-gundem","category-son-dakika","tag-kar-kutlesi"],"_links":{"self":[{"href":"https:\/\/bihavadis.com\/index.php\/wp-json\/wp\/v2\/posts\/29144","targetHints":{"allow":["GET"]}}],"collection":[{"href":"https:\/\/bihavadis.com\/index.php\/wp-json\/wp\/v2\/posts"}],"about":[{"href":"https:\/\/bihavadis.com\/index.php\/wp-json\/wp\/v2\/types\/post"}],"author":[{"embeddable":true,"href":"https:\/\/bihavadis.com\/index.php\/wp-json\/wp\/v2\/users\/1"}],"replies":[{"embeddable":true,"href":"https:\/\/bihavadis.com\/index.php\/wp-json\/wp\/v2\/comments?post=29144"}],"version-history":[{"count":1,"href":"https:\/\/bihavadis.com\/index.php\/wp-json\/wp\/v2\/posts\/29144\/revisions"}],"predecessor-version":[{"id":29146,"href":"https:\/\/bihavadis.com\/index.php\/wp-json\/wp\/v2\/posts\/29144\/revisions\/29146"}],"wp:featuredmedia":[{"embeddable":true,"href":"https:\/\/bihavadis.com\/index.php\/wp-json\/wp\/v2\/media\/29145"}],"wp:attachment":[{"href":"https:\/\/bihavadis.com\/index.php\/wp-json\/wp\/v2\/media?parent=29144"}],"wp:term":[{"taxonomy":"category","embeddable":true,"href":"https:\/\/bihavadis.com\/index.php\/wp-json\/wp\/v2\/categories?post=29144"},{"taxonomy":"post_tag","embeddable":true,"href":"https:\/\/bihavadis.com\/index.php\/wp-json\/wp\/v2\/tags?post=29144"}],"curies":[{"name":"wp","href":"https:\/\/api.w.org\/{rel}","templated":true}]}}