{"id":29185,"date":"2026-02-12T08:57:04","date_gmt":"2026-02-12T08:57:04","guid":{"rendered":"https:\/\/bihavadis.com\/?p=29185"},"modified":"2026-02-12T08:57:04","modified_gmt":"2026-02-12T08:57:04","slug":"boluspor-sakaryasporu-2-0-yendi","status":"publish","type":"post","link":"https:\/\/bihavadis.com\/index.php\/2026\/02\/12\/boluspor-sakaryasporu-2-0-yendi\/","title":{"rendered":"Boluspor, Sakaryaspor&#8217;u 2-0 Yendi"},"content":{"rendered":"<p>Trendyol 1. Lig&#8217;in 23. haftas\u0131nda Boluspor- Sakaryaspor ma\u00e7\u0131n\u0131 ard\u0131ndan iki tak\u0131m\u0131n teknik direkt\u00f6r\u00fc a\u00e7\u0131klamalarda bulundu.<\/p>\n<p>Trendyol 1. Lig&#8217;in 23. haftas\u0131nda Boluspor, sahas\u0131nda Sakaryaspor&#8217;u 2-0 ma\u011flup etti. Kar\u015f\u0131la\u015fman\u0131n ard\u0131ndan d\u00fczenlenen bas\u0131n toplant\u0131s\u0131nda Boluspor Teknik Direkt\u00f6r\u00fc Erdal G\u00fcne\u015f ile Sakaryaspor Teknik Sorumlusu Yusuf Randa m\u00fccadeleyi de\u011ferlendirdi.<\/p>\n<p>&#8220;Sadece bir ma\u00e7 kazand\u0131k, daha yolumuz uzun&#8221;<\/p>\n<p>Tak\u0131m\u0131n ba\u015f\u0131na 5 g\u00fcn \u00f6nce geldi\u011fini ve 5 g\u00fcnl\u00fck s\u00fcre\u00e7te oyunculara psikolojik anlamda rahatlamalar\u0131 i\u00e7in \u00e7al\u0131\u015fmalar yapt\u0131klar\u0131n\u0131 dile getiren Boluspor Teknik Direkt\u00f6r\u00fc Erdal G\u00fcne\u015f, &#8220;\u00d6ncelikle burada olmaktan \u00e7ok mutlu oldu\u011fumu belirtmek istiyorum. Nereye geldi\u011fimin fark\u0131nday\u0131m, nas\u0131l bir kul\u00fcbe geldi\u011fimi, nas\u0131l bir camiaya geldi\u011fimi fark\u0131nday\u0131m. Burada olmaktan, bu tak\u0131mla \u00e7al\u0131\u015fmaktan \u00e7ok mutlu oldu\u011fumu \u00f6ncelikle belirtmek istiyorum. Ma\u00e7a gelirsek; ma\u00e7\u0131n zorluk derecesini zaten ma\u00e7tan \u00f6nce s\u00f6ylemi\u015ftim. Kar\u015f\u0131m\u0131zdaki rakibin ne kadar g\u00fc\u00e7l\u00fc oldu\u011funu, hedeflerinin farkl\u0131 oldu\u011funun fark\u0131ndayd\u0131k. \u00c7\u00fcnk\u00fc sezon ba\u015f\u0131 farkl\u0131 hedeflerle kurulmu\u015f bir Sakaryaspor vard\u0131 ama maalesef son haftalarda i\u015fte kadronun, kar\u015f\u0131l\u0131\u011f\u0131 olmayan bir s\u0131ralamadayd\u0131. Tabii devre aras\u0131 \u00e7ok ciddi takviyeler yapt\u0131lar. Bizim i\u00e7in zor bir ma\u00e7 olaca\u011f\u0131n\u0131 d\u00fc\u015f\u00fcn\u00fcyorduk evet. Keza bizim i\u00e7inde bulundu\u011fumuz psikolojiden kurtulma ad\u0131na oyuncular\u0131n ciddi bir reaksiyon g\u00f6stermesi gerekiyordu. 5 g\u00fcnl\u00fck s\u00fcre\u00e7te saha \u00e7al\u0131\u015fmalar\u0131ndan ziyade oyuncular\u0131n psikolojik taraf\u0131nda rahatlamalar\u0131, ger\u00e7ek kimli\u011fini; \u00e7\u00fcnk\u00fc Boluspor tak\u0131m\u0131, benim oyuncular\u0131m son iki haftada g\u00f6stermi\u015f olduklar\u0131 ger\u00e7ek performanslar\u0131 de\u011fildi. Sezon ba\u015f\u0131ndan bu yana \u00e7ok farkl\u0131 bir g\u00f6r\u00fcnt\u00fc vard\u0131 ama son iki hafta maalesef o sezon ba\u015f\u0131ndaki g\u00f6r\u00fcnt\u00fclerden uzakt\u0131. Bizim d\u00fc\u015f\u00fcncemiz de bu k\u0131sa s\u00fcrede, 5 g\u00fcnl\u00fck bir antrenmanda \u00e7ocuklar\u0131 tekrar kendi kimli\u011fini kazand\u0131rma ad\u0131na \u00e7al\u0131\u015fmalar yapt\u0131k ki bug\u00fcnk\u00fc g\u00f6stermi\u015f oldu\u011fu reaksiyonlarda da do\u011fru te\u015fhis ve do\u011fru \u00e7al\u0131\u015fmalarla sonucu ald\u0131\u011f\u0131m\u0131z\u0131 d\u00fc\u015f\u00fcn\u00fcyorum. Tabii sadece bir ma\u00e7 kazand\u0131k, bunu da s\u00f6ylemek istiyorum. Bizim i\u00e7in \u00f6nemli bir ba\u015flang\u0131\u00e7t\u0131 hem bizim i\u00e7in hem tak\u0131m i\u00e7in. Sadece bir ma\u00e7 kazand\u0131k, daha yolumuz uzun. Hafta i\u00e7i bir kupa ma\u00e7\u0131m\u0131z var. Say\u0131sal olarak, tak\u0131m olarak biraz eksi\u011fiz, takviyelerimiz gerekecek. Bununla alakal\u0131 da y\u00f6netim kurulumuzla, ba\u015fkanlar\u0131m\u0131zla gayet kontak halinde \u00e7al\u0131\u015f\u0131yoruz. \u0130n\u015fallah aram\u0131za kat\u0131lacak yeni arkada\u015flarla hedefe odaklanm\u0131\u015f, daha m\u00fccadeleci, daha iyi ve daha kreatif bir Boluspor izletiriz diye temenni ediyorum&#8221; dedi.<\/p>\n<p>&#8220;Sakaryaspor alt\u0131nd\u0131r, alt\u0131n \u00e7amura d\u00fc\u015fse de de\u011ferini kaybetmez&#8221;<\/p>\n<p>Kaybettikleri i\u00e7in \u00fczg\u00fcn olduklar\u0131n\u0131 ifade eden Sakaryaspor Teknik Sorumlusu Yusuf Randa ise, &#8220;\u00d6ncelikle kaybetti\u011fimiz i\u00e7in \u00fczg\u00fcn\u00fcz. Bolu tak\u0131m\u0131n\u0131 tebrik ederim galibiyetinden dolay\u0131. Asl\u0131nda ma\u00e7\u0131n ilk yar\u0131s\u0131na bakt\u0131\u011f\u0131m\u0131z zaman kaybetmeyi hak etti\u011fimiz bir oyun oldu\u011funu d\u00fc\u015f\u00fcnm\u00fcyorum. Ge\u00e7i\u015flerle iki tane, \u00fc\u00e7 tane \u00e7ok net gol pozisyonumuz vard\u0131, sonu\u00e7land\u0131ramad\u0131k. Hani oyunun iki taraf ad\u0131na bak\u0131ld\u0131\u011f\u0131 zaman en k\u00f6t\u00fc bizim ad\u0131m\u0131za bir puan alabilece\u011fimiz bir ma\u00e7t\u0131. Duran toptan yedi\u011fimiz bir gol, ikinci gol de hani art\u0131k oyun ge\u00e7mi\u015fti yani. Bireysel bir hata yapm\u0131\u015ft\u0131k, hani \u00e7ok o k\u0131sma tak\u0131lm\u0131yoruz. Az \u00f6nce i\u00e7eride de s\u00f6yledim; yani iki tane problemimiz var. Birisi bizden kaynakl\u0131 olan, birisi bizden kaynakl\u0131 olmayan. Bizden kaynakl\u0131 olmayan problemler; \u00e7ok fazla say\u0131da ilk 11 oyuncusu kaybettik transfer s\u00fcrecinde. Ge\u00e7en hafta Melih&#8217;le Poyraz bir antrenmanla ma\u00e7a \u00e7\u0131kt\u0131. \u0130lk 11&#8217;imizde fazla say\u0131da yeni oyuncu aram\u0131za kat\u0131l\u0131yor. Bu da oyuncular\u0131n birbirini tan\u0131ma s\u00fcreci, ekibi tan\u0131ma s\u00fcreci, oynatmak istedi\u011fimiz oyuna adaptasyon s\u00fcreci derken tabii ki bir de skor alamad\u0131\u011f\u0131m\u0131z zaman bunlar\u0131n \u00e7ok da anlatman\u0131n anlam ifade etti\u011fini d\u00fc\u015f\u00fcnm\u00fcyorum a\u00e7\u0131k\u00e7as\u0131. Sakaryaspor g\u00fc\u00e7l\u00fc bir camia. Sakaryaspor alt\u0131nd\u0131r, alt\u0131n \u00e7amura d\u00fc\u015fse de de\u011ferini kaybetmez. Sakaryaspor her zaman \u00e7ok de\u011ferli ve g\u00fc\u00e7l\u00fc bir camiad\u0131r. Biz \u015funa inan\u0131yoruz ki teknik ekibimiz, futbolcu grubumuz, y\u00f6netim kurulumuz Sakaryaspor&#8217;u bu zor durumdan \u00e7\u0131kartacakt\u0131r. Bundan kaynakl\u0131 en ufak bir \u015f\u00fcphemiz yok. S\u00fcre\u00e7 ilerledik\u00e7e sistemimiz oturduk\u00e7a, oyuncular\u0131m\u0131z birbirini tan\u0131d\u0131k\u00e7a, aram\u0131za yeni oyuncular kat\u0131ld\u0131k\u00e7a ve bu oyuncular\u0131n birbirine olan adaptasyon problemi tamamland\u0131ktan sonra Sakaryaspor&#8217;un problem ya\u015fayaca\u011f\u0131na biz inanm\u0131yoruz. Kalan s\u00fcre\u00e7te Bolu tak\u0131m\u0131na da ba\u015far\u0131lar diliyorum&#8221; diye konu\u015ftu. &#8211; BOLU<\/p>\n","protected":false},"excerpt":{"rendered":"<p>Boluspor Teknik Direkt\u00f6r\u00fc G\u00fcne\u015f, galibiyetin ba\u015flang\u0131\u00e7 oldu\u011funu vurgulad\u0131; Sakaryaspor ise eksik oyunculara dikkat \u00e7ekti.<\/p>\n","protected":false},"author":1,"featured_media":29186,"comment_status":"open","ping_status":"open","sticky":false,"template":"","format":"standard","meta":{"footnotes":""},"categories":[14],"tags":[2847,364,278,3115,366],"class_list":["post-29185","post","type-post","status-publish","format-standard","has-post-thumbnail","hentry","category-spor","tag-bolu","tag-mac","tag-oyun","tag-sakaryaspor","tag-takim"],"_links":{"self":[{"href":"https:\/\/bihavadis.com\/index.php\/wp-json\/wp\/v2\/posts\/29185","targetHints":{"allow":["GET"]}}],"collection":[{"href":"https:\/\/bihavadis.com\/index.php\/wp-json\/wp\/v2\/posts"}],"about":[{"href":"https:\/\/bihavadis.com\/index.php\/wp-json\/wp\/v2\/types\/post"}],"author":[{"embeddable":true,"href":"https:\/\/bihavadis.com\/index.php\/wp-json\/wp\/v2\/users\/1"}],"replies":[{"embeddable":true,"href":"https:\/\/bihavadis.com\/index.php\/wp-json\/wp\/v2\/comments?post=29185"}],"version-history":[{"count":1,"href":"https:\/\/bihavadis.com\/index.php\/wp-json\/wp\/v2\/posts\/29185\/revisions"}],"predecessor-version":[{"id":29187,"href":"https:\/\/bihavadis.com\/index.php\/wp-json\/wp\/v2\/posts\/29185\/revisions\/29187"}],"wp:featuredmedia":[{"embeddable":true,"href":"https:\/\/bihavadis.com\/index.php\/wp-json\/wp\/v2\/media\/29186"}],"wp:attachment":[{"href":"https:\/\/bihavadis.com\/index.php\/wp-json\/wp\/v2\/media?parent=29185"}],"wp:term":[{"taxonomy":"category","embeddable":true,"href":"https:\/\/bihavadis.com\/index.php\/wp-json\/wp\/v2\/categories?post=29185"},{"taxonomy":"post_tag","embeddable":true,"href":"https:\/\/bihavadis.com\/index.php\/wp-json\/wp\/v2\/tags?post=29185"}],"curies":[{"name":"wp","href":"https:\/\/api.w.org\/{rel}","templated":true}]}}