{"id":29227,"date":"2026-02-12T09:30:05","date_gmt":"2026-02-12T09:30:05","guid":{"rendered":"https:\/\/bihavadis.com\/?p=29227"},"modified":"2026-02-12T09:30:05","modified_gmt":"2026-02-12T09:30:05","slug":"bursa-denizinde-erkek-cesedi-bulundu","status":"publish","type":"post","link":"https:\/\/bihavadis.com\/index.php\/2026\/02\/12\/bursa-denizinde-erkek-cesedi-bulundu\/","title":{"rendered":"Bursa denizinde erkek cesedi bulundu"},"content":{"rendered":"<p>Bursa&#8217;da Gemlik K\u00f6rfezi a\u00e7\u0131klar\u0131nda denizde<span>\u00a0hareketsiz halde s\u00fcr\u00fcklenen bir cisme rastland\u0131.<\/span><\/p>\n<p>DEGAK \u00d6zel Tim Komutanl\u0131\u011f\u0131 taraf\u0131ndan tespit edilen cismin bir erkek cesedi oldu\u011fu \u00f6\u011frenildi.<\/p>\n<p><strong>CESET DEGAK \u00d6ZEL T\u0130M KOMUTANLI\u011eI EK\u0130PLER\u0130 TARAFINDAN \u00c7IKARILDI<\/strong><\/p>\n<p>Cesedin yakla\u015f\u0131k 40-50 ya\u015flar\u0131nda oldu\u011fu belirlendi.<\/p>\n<p>Ceset, Sahil G\u00fcvenlik Komutanl\u0131\u011f\u0131&#8217;na ba\u011fl\u0131 DEGAK \u00d6zel Timi Komutanl\u0131\u011f\u0131 ekipleri taraf\u0131ndan denizden \u00e7\u0131kar\u0131ld\u0131.<\/p>\n<p><strong>CENAZE BURSA ADL\u0130 TIP KURUMU MORGUNA G\u00d6NDER\u0130LD\u0130<\/strong><\/p>\n<p>Ekipler taraf\u0131ndan karaya al\u0131nan ceset, Gemlik \u0130l\u00e7e Sahil G\u00fcvenlik Komutanl\u0131\u011f\u0131 \u00f6n\u00fcne getirildi.<\/p>\n<p>Olay yerine gelen n\u00f6bet\u00e7i savc\u0131n\u0131n yapt\u0131\u011f\u0131 incelemenin ard\u0131ndan cenaze, kesin \u00f6l\u00fcm nedeninin belirlenmesi amac\u0131yla Bursa Adli T\u0131p Kurumu morguna sevk edildi.<\/p>\n<p><img decoding=\"async\" src=\"https:\/\/bihavadis.com\/wp-content\/uploads\/2026\/02\/bursa-denizinde-erkek-cesedi-bulundu-0-HiaJ8OkQ.jpg\"\/><\/p>\n","protected":false},"excerpt":{"rendered":"<p>Gemlik K\u00f6rfezi a\u00e7\u0131klar\u0131nda hareketsiz halde bulunan ve yakla\u015f\u0131k 45-50 ya\u015flar\u0131nda oldu\u011fu de\u011ferlendirilen bir erkek cesedi bulundu. Kesin \u00f6l\u00fcm nedeni hen\u00fcz bilinmezken, ceset Bursa Adli T\u0131p Kurumu morguna sevk edildi.<\/p>\n","protected":false},"author":1,"featured_media":29228,"comment_status":"open","ping_status":"open","sticky":false,"template":"","format":"standard","meta":{"footnotes":""},"categories":[4,13],"tags":[4623],"class_list":["post-29227","post","type-post","status-publish","format-standard","has-post-thumbnail","hentry","category-gundem","category-son-dakika","tag-komutanligi"],"_links":{"self":[{"href":"https:\/\/bihavadis.com\/index.php\/wp-json\/wp\/v2\/posts\/29227","targetHints":{"allow":["GET"]}}],"collection":[{"href":"https:\/\/bihavadis.com\/index.php\/wp-json\/wp\/v2\/posts"}],"about":[{"href":"https:\/\/bihavadis.com\/index.php\/wp-json\/wp\/v2\/types\/post"}],"author":[{"embeddable":true,"href":"https:\/\/bihavadis.com\/index.php\/wp-json\/wp\/v2\/users\/1"}],"replies":[{"embeddable":true,"href":"https:\/\/bihavadis.com\/index.php\/wp-json\/wp\/v2\/comments?post=29227"}],"version-history":[{"count":1,"href":"https:\/\/bihavadis.com\/index.php\/wp-json\/wp\/v2\/posts\/29227\/revisions"}],"predecessor-version":[{"id":29230,"href":"https:\/\/bihavadis.com\/index.php\/wp-json\/wp\/v2\/posts\/29227\/revisions\/29230"}],"wp:featuredmedia":[{"embeddable":true,"href":"https:\/\/bihavadis.com\/index.php\/wp-json\/wp\/v2\/media\/29228"}],"wp:attachment":[{"href":"https:\/\/bihavadis.com\/index.php\/wp-json\/wp\/v2\/media?parent=29227"}],"wp:term":[{"taxonomy":"category","embeddable":true,"href":"https:\/\/bihavadis.com\/index.php\/wp-json\/wp\/v2\/categories?post=29227"},{"taxonomy":"post_tag","embeddable":true,"href":"https:\/\/bihavadis.com\/index.php\/wp-json\/wp\/v2\/tags?post=29227"}],"curies":[{"name":"wp","href":"https:\/\/api.w.org\/{rel}","templated":true}]}}