{"id":29231,"date":"2026-02-12T09:33:04","date_gmt":"2026-02-12T09:33:04","guid":{"rendered":"https:\/\/bihavadis.com\/?p=29231"},"modified":"2026-02-12T09:33:04","modified_gmt":"2026-02-12T09:33:04","slug":"gulben-ergenden-epstein-cagrisi-dosyadaki-turkler-aciklansin","status":"publish","type":"post","link":"https:\/\/bihavadis.com\/index.php\/2026\/02\/12\/gulben-ergenden-epstein-cagrisi-dosyadaki-turkler-aciklansin\/","title":{"rendered":"G\u00fclben Ergen&#8217;den Epstein \u00e7a\u011fr\u0131s\u0131: Dosyadaki T\u00fcrkler a\u00e7\u0131klans\u0131n"},"content":{"rendered":"<p>Jeffrey Epstein skandal\u0131na ili\u015fkin a\u00e7\u0131klanan yeni belgeler d\u00fcnya genelinde yank\u0131 uyand\u0131r\u0131rken, tart\u0131\u015fma T\u00fcrkiye&#8217;ye de yans\u0131d\u0131. \u00dcnl\u00fc \u015fark\u0131c\u0131 G\u00fclben Ergen&#8217;in &#8220;Epstein dosyas\u0131nda ismi ge\u00e7en T\u00fcrkleri g\u00fcvenilir kaynaklardan \u00f6\u011frenmek istiyoruz. D\u00fcnyan\u0131n utanc\u0131 #Epstein&#8221; s\u00f6zleri, kamuoyunda merak ve tart\u0131\u015fmay\u0131 yeniden alevlendirdi.<\/p>\n<p>ABD&#8217;de kamuoyuna a\u00e7\u0131klanan belgeler, Epstein ile ba\u011flant\u0131l\u0131 oldu\u011fu iddia edilen ki\u015fi ve \u00e7evrelere dair ifadeler i\u00e7erirken, dosyalarda yer alan isimlerin b\u00fcy\u00fck b\u00f6l\u00fcm\u00fcn\u00fcn tan\u0131k beyanlar\u0131, temas kay\u0131tlar\u0131 ve iddialar kapsam\u0131nda ge\u00e7ti\u011fi belirtiliyor. Uzmanlar, bu durumun su\u00e7 isnad\u0131 ya da kesin yarg\u0131 anlam\u0131na gelmedi\u011finin alt\u0131n\u0131 \u00e7iziyor.<\/p>\n<p><b>G\u00dcLBEN ERGEN: G\u00dcVEN\u0130L\u0130R KAYNAKLARDAN \u00d6\u011eRENMEK \u0130ST\u0130YORUZ <\/b><\/p>\n<p>Sosyal medya hesab\u0131ndan yapt\u0131\u011f\u0131 payla\u015f\u0131mda G\u00fclben Ergen, Epstein dosyalar\u0131n\u0131n yaln\u0131zca magazinel bir tart\u0131\u015fma de\u011fil, k\u00fcresel bir insanl\u0131k su\u00e7u oldu\u011funu vurgulayarak, &#8220;Epstein dosyas\u0131nda ismi ge\u00e7en T\u00fcrkleri g\u00fcvenilir kaynaklardan \u00f6\u011frenmek istiyoruz. D\u00fcnyan\u0131n utanc\u0131&#8221; ifadelerini kulland\u0131. Payla\u015f\u0131m k\u0131sa s\u00fcrede geni\u015f yank\u0131 uyand\u0131rd\u0131.<\/p>\n<p><b>G\u00dcVEN\u0130L\u0130R KAYNAKLARDA DO\u011eRULANMI\u015e B\u0130R T\u00dcRK \u0130SM\u0130 YOK<\/b><\/p>\n<p>Uluslararas\u0131 sayg\u0131n medya kurulu\u015flar\u0131, resm\u00ee mahkeme kay\u0131tlar\u0131 ve yarg\u0131 belgeleri incelendi\u011finde, \u015fu ana kadar su\u00e7 isnad\u0131yla do\u011frulanm\u0131\u015f herhangi bir T\u00fcrk vatanda\u015f\u0131n\u0131n Epstein dosyalar\u0131nda yer ald\u0131\u011f\u0131na dair net ve g\u00fcvenilir bir bilgi bulunmuyor. Hukuk\u00e7ular, &#8220;isim ge\u00e7mesi&#8221; ile &#8220;su\u00e7lama&#8221; aras\u0131ndaki fark\u0131n \u00f6zellikle vurgulanmas\u0131 gerekti\u011fini belirtiyor.<\/p>\n","protected":false},"excerpt":{"rendered":"<p>\u00dcnl\u00fc \u015fark\u0131c\u0131 G\u00fclben Ergen, sosyal medya hesab\u0131ndan Epstein skandal\u0131 hakk\u0131nda bir \u00e7a\u011fr\u0131da bulundu. Epstein dosyas\u0131nda ismi ge\u00e7en T\u00fcrkleri g\u00fcvenilir kaynaklardan \u00f6\u011frenmek istediklerini belirtti. ABD&#8217;de a\u00e7\u0131klanan belgeler, Epstein ile ba\u011flant\u0131l\u0131 oldu\u011fu iddia edilen ki\u015fi ve \u00e7evrelere dair ifadeler i\u00e7eriyor. Ancak bu durumun su\u00e7 isnad\u0131 ya da kesin yarg\u0131 anlam\u0131na gelmedi\u011fi belirtiliyor. Ergen, Epstein dosyalar\u0131n\u0131n yaln\u0131zca magazinel bir tart\u0131\u015fma de\u011fil, k\u00fcresel bir insanl\u0131k su\u00e7u oldu\u011funu vurgulad\u0131.<\/p>\n","protected":false},"author":1,"featured_media":29232,"comment_status":"open","ping_status":"open","sticky":false,"template":"","format":"standard","meta":{"footnotes":""},"categories":[1],"tags":[2183,517],"class_list":["post-29231","post","type-post","status-publish","format-standard","has-post-thumbnail","hentry","category-uncategorized","tag-epstein","tag-turk"],"_links":{"self":[{"href":"https:\/\/bihavadis.com\/index.php\/wp-json\/wp\/v2\/posts\/29231","targetHints":{"allow":["GET"]}}],"collection":[{"href":"https:\/\/bihavadis.com\/index.php\/wp-json\/wp\/v2\/posts"}],"about":[{"href":"https:\/\/bihavadis.com\/index.php\/wp-json\/wp\/v2\/types\/post"}],"author":[{"embeddable":true,"href":"https:\/\/bihavadis.com\/index.php\/wp-json\/wp\/v2\/users\/1"}],"replies":[{"embeddable":true,"href":"https:\/\/bihavadis.com\/index.php\/wp-json\/wp\/v2\/comments?post=29231"}],"version-history":[{"count":1,"href":"https:\/\/bihavadis.com\/index.php\/wp-json\/wp\/v2\/posts\/29231\/revisions"}],"predecessor-version":[{"id":29233,"href":"https:\/\/bihavadis.com\/index.php\/wp-json\/wp\/v2\/posts\/29231\/revisions\/29233"}],"wp:featuredmedia":[{"embeddable":true,"href":"https:\/\/bihavadis.com\/index.php\/wp-json\/wp\/v2\/media\/29232"}],"wp:attachment":[{"href":"https:\/\/bihavadis.com\/index.php\/wp-json\/wp\/v2\/media?parent=29231"}],"wp:term":[{"taxonomy":"category","embeddable":true,"href":"https:\/\/bihavadis.com\/index.php\/wp-json\/wp\/v2\/categories?post=29231"},{"taxonomy":"post_tag","embeddable":true,"href":"https:\/\/bihavadis.com\/index.php\/wp-json\/wp\/v2\/tags?post=29231"}],"curies":[{"name":"wp","href":"https:\/\/api.w.org\/{rel}","templated":true}]}}