{"id":29411,"date":"2026-02-12T11:45:06","date_gmt":"2026-02-12T11:45:06","guid":{"rendered":"https:\/\/bihavadis.com\/?p=29411"},"modified":"2026-02-12T11:45:06","modified_gmt":"2026-02-12T11:45:06","slug":"tekirdagda-siddetli-ruzgar-catilari-ucurdu","status":"publish","type":"post","link":"https:\/\/bihavadis.com\/index.php\/2026\/02\/12\/tekirdagda-siddetli-ruzgar-catilari-ucurdu\/","title":{"rendered":"Tekirda\u011f&#8217;da \u015eiddetli R\u00fczgar \u00c7at\u0131lar\u0131 U\u00e7urdu"},"content":{"rendered":"<p> Tekirda\u011f&#8217;da \u015fiddetli r\u00fczgar nedeniyle bir i\u015f yeri ve evin \u00e7at\u0131s\u0131 u\u00e7tu.<\/p>\n<p>Kentte \u015fiddetli r\u00fczgar, Marmaraere\u011flisi ve \u00c7erkezk\u00f6y il\u00e7elerinde hayat\u0131 olumsuz etkiledi.<\/p>\n<p>R\u00fczgar nedeniyle Marmaraere\u011flisi il\u00e7e merkezinde bir i\u015f yerinin \u00e7at\u0131s\u0131 u\u00e7tu.<\/p>\n<p>\u00c7erkezk\u00f6y il\u00e7esinde de bir evin \u00e7at\u0131s\u0131ndan u\u00e7an par\u00e7alar yola savruldu.<\/p>\n<p>Savrulan \u00e7at\u0131 par\u00e7alar\u0131 bir s\u00fcre ula\u015f\u0131m\u0131 aksatt\u0131.<\/p>\n<p>Marmaraere\u011flisi Belediye Ba\u015fkan\u0131 Onur Bozkurter, \u015fiddetli r\u00fczgar nedeniyle bir i\u015f yerinin \u00e7at\u0131s\u0131n\u0131n u\u00e7tu\u011funu ve herhangi bir zarar\u0131n olu\u015fmad\u0131\u011f\u0131n\u0131 s\u00f6yledi.<\/p>\n<p>Bozkurter, vatanda\u015flar\u0131 dikkatli olmalar\u0131 konusunda uyar\u0131rken, belediye ekiplerinin sahada oldu\u011funu dile getirdi.<\/p>\n","protected":false},"excerpt":{"rendered":"<p>Tekirda\u011f&#8217;da \u015fiddetli r\u00fczgar, i\u015f yeri ve evlerin \u00e7at\u0131s\u0131n\u0131 u\u00e7urdu, ula\u015f\u0131mda aksakl\u0131klara yol a\u00e7t\u0131.<\/p>\n","protected":false},"author":1,"featured_media":29412,"comment_status":"open","ping_status":"open","sticky":false,"template":"","format":"standard","meta":{"footnotes":""},"categories":[9,4,13],"tags":[2540],"class_list":["post-29411","post","type-post","status-publish","format-standard","has-post-thumbnail","hentry","category-genel","category-gundem","category-son-dakika","tag-cati"],"_links":{"self":[{"href":"https:\/\/bihavadis.com\/index.php\/wp-json\/wp\/v2\/posts\/29411","targetHints":{"allow":["GET"]}}],"collection":[{"href":"https:\/\/bihavadis.com\/index.php\/wp-json\/wp\/v2\/posts"}],"about":[{"href":"https:\/\/bihavadis.com\/index.php\/wp-json\/wp\/v2\/types\/post"}],"author":[{"embeddable":true,"href":"https:\/\/bihavadis.com\/index.php\/wp-json\/wp\/v2\/users\/1"}],"replies":[{"embeddable":true,"href":"https:\/\/bihavadis.com\/index.php\/wp-json\/wp\/v2\/comments?post=29411"}],"version-history":[{"count":1,"href":"https:\/\/bihavadis.com\/index.php\/wp-json\/wp\/v2\/posts\/29411\/revisions"}],"predecessor-version":[{"id":29413,"href":"https:\/\/bihavadis.com\/index.php\/wp-json\/wp\/v2\/posts\/29411\/revisions\/29413"}],"wp:featuredmedia":[{"embeddable":true,"href":"https:\/\/bihavadis.com\/index.php\/wp-json\/wp\/v2\/media\/29412"}],"wp:attachment":[{"href":"https:\/\/bihavadis.com\/index.php\/wp-json\/wp\/v2\/media?parent=29411"}],"wp:term":[{"taxonomy":"category","embeddable":true,"href":"https:\/\/bihavadis.com\/index.php\/wp-json\/wp\/v2\/categories?post=29411"},{"taxonomy":"post_tag","embeddable":true,"href":"https:\/\/bihavadis.com\/index.php\/wp-json\/wp\/v2\/tags?post=29411"}],"curies":[{"name":"wp","href":"https:\/\/api.w.org\/{rel}","templated":true}]}}