{"id":29414,"date":"2026-02-12T11:48:06","date_gmt":"2026-02-12T11:48:06","guid":{"rendered":"https:\/\/bihavadis.com\/?p=29414"},"modified":"2026-02-12T11:48:06","modified_gmt":"2026-02-12T11:48:06","slug":"duzcede-3-gundur-kayip-olan-kadinin-esyalari-sahilde-bulundu","status":"publish","type":"post","link":"https:\/\/bihavadis.com\/index.php\/2026\/02\/12\/duzcede-3-gundur-kayip-olan-kadinin-esyalari-sahilde-bulundu\/","title":{"rendered":"D\u00fczce&#8217;de 3 g\u00fcnd\u00fcr kay\u0131p olan kad\u0131n\u0131n e\u015fyalar\u0131 sahilde bulundu"},"content":{"rendered":"<p>D\u00fczce&#8217;de kendisinden 3 g\u00fcnd\u00fcr haber al\u0131namayan H.E.&#8217;nin yak\u0131nlar\u0131, Ak\u00e7akoca A\u015f\u0131klar Tepesi&#8217;nde arama yapt\u0131\u011f\u0131 esnada kad\u0131n\u0131n e\u015fyalar\u0131n\u0131 buldu.<\/p>\n<p>Kay\u0131p ihbar\u0131n\u0131n yap\u0131lmas\u0131n\u0131n ard\u0131ndan b\u00f6lgeye sa\u011fl\u0131k, polis, sahil g\u00fcvenlik ve AFAD ekipleri sevk edildi. 3 g\u00fcnd\u00fcr haber al\u0131namayan kad\u0131n\u0131n e\u015fyalar\u0131n\u0131n bulundu\u011fu b\u00f6lgede yap\u0131lan \u00e7al\u0131\u015fmalar \u00e7er\u00e7evesinde denize d\u00fc\u015fm\u00fc\u015f olabilece\u011fi de\u011ferlendirildi.<\/p>\n<p><strong>DEN\u0130ZDE ARAMA \u00c7ALI\u015eMALARI BA\u015eLATILDI<\/strong><\/p>\n<p>Sahil G\u00fcvenlik ekipleri denizde arama \u00e7al\u0131\u015fmas\u0131 ba\u015flat\u0131rken, AFAD ekipleri de drone ile arama \u00e7al\u0131\u015fmalar\u0131na ba\u015flad\u0131.<\/p>\n<p>B\u00f6lgede bulunan kad\u0131n\u0131n yak\u0131nlar\u0131 da ekiplerin \u00e7al\u0131\u015fmalar\u0131n\u0131 yak\u0131ndan takip ederken, H.E.&#8217;nin bulunmas\u0131 i\u00e7in \u00e7al\u0131\u015fma s\u00fcr\u00fcyor.<\/p>\n<p><img decoding=\"async\" src=\"https:\/\/bihavadis.com\/wp-content\/uploads\/2026\/02\/duzcede-3-gundur-kayip-olan-kadinin-esyalari-sahilde-bulundu-0-gR3Nd6qC.jpg\"\/><\/p>\n","protected":false},"excerpt":{"rendered":"<p>D\u00fczce\u2019de \u00fc\u00e7 g\u00fcnd\u00fcr kendisinden haber al\u0131namayan H.E.\u2019ye ait oldu\u011fu belirlenen ki\u015fisel e\u015fyalar, Ak\u00e7akoca il\u00e7esindeki A\u015f\u0131klar Tepesi mevkiinde deniz kenar\u0131nda bulundu. Geli\u015fme \u00fczerine b\u00f6lgede geni\u015f \u00e7apl\u0131 arama \u00e7al\u0131\u015fmas\u0131 ba\u015flat\u0131ld\u0131.<\/p>\n","protected":false},"author":1,"featured_media":29415,"comment_status":"open","ping_status":"open","sticky":false,"template":"","format":"standard","meta":{"footnotes":""},"categories":[4,13],"tags":[378],"class_list":["post-29414","post","type-post","status-publish","format-standard","has-post-thumbnail","hentry","category-gundem","category-son-dakika","tag-calisma"],"_links":{"self":[{"href":"https:\/\/bihavadis.com\/index.php\/wp-json\/wp\/v2\/posts\/29414","targetHints":{"allow":["GET"]}}],"collection":[{"href":"https:\/\/bihavadis.com\/index.php\/wp-json\/wp\/v2\/posts"}],"about":[{"href":"https:\/\/bihavadis.com\/index.php\/wp-json\/wp\/v2\/types\/post"}],"author":[{"embeddable":true,"href":"https:\/\/bihavadis.com\/index.php\/wp-json\/wp\/v2\/users\/1"}],"replies":[{"embeddable":true,"href":"https:\/\/bihavadis.com\/index.php\/wp-json\/wp\/v2\/comments?post=29414"}],"version-history":[{"count":1,"href":"https:\/\/bihavadis.com\/index.php\/wp-json\/wp\/v2\/posts\/29414\/revisions"}],"predecessor-version":[{"id":29417,"href":"https:\/\/bihavadis.com\/index.php\/wp-json\/wp\/v2\/posts\/29414\/revisions\/29417"}],"wp:featuredmedia":[{"embeddable":true,"href":"https:\/\/bihavadis.com\/index.php\/wp-json\/wp\/v2\/media\/29415"}],"wp:attachment":[{"href":"https:\/\/bihavadis.com\/index.php\/wp-json\/wp\/v2\/media?parent=29414"}],"wp:term":[{"taxonomy":"category","embeddable":true,"href":"https:\/\/bihavadis.com\/index.php\/wp-json\/wp\/v2\/categories?post=29414"},{"taxonomy":"post_tag","embeddable":true,"href":"https:\/\/bihavadis.com\/index.php\/wp-json\/wp\/v2\/tags?post=29414"}],"curies":[{"name":"wp","href":"https:\/\/api.w.org\/{rel}","templated":true}]}}