{"id":29539,"date":"2026-02-12T13:24:09","date_gmt":"2026-02-12T13:24:09","guid":{"rendered":"https:\/\/bihavadis.com\/?p=29539"},"modified":"2026-02-12T13:24:09","modified_gmt":"2026-02-12T13:24:09","slug":"amedspor-adana-demirsporu-7-0-yendi","status":"publish","type":"post","link":"https:\/\/bihavadis.com\/index.php\/2026\/02\/12\/amedspor-adana-demirsporu-7-0-yendi\/","title":{"rendered":"Amedspor, Adana Demirspor&#8217;u 7-0 Yendi"},"content":{"rendered":"<p>AMED Sportif Faaliyetler, 1&#8217;inci Lig&#8217;in 23&#8217;\u00fcnc\u00fc haftas\u0131nda sahas\u0131nda konuk etti\u011fi Adana Demirspor&#8217;u 7-0 ma\u011flup etti.<\/p>\n<p>Kar\u015f\u0131la\u015fman\u0131n ard\u0131ndan d\u00fczenlenen bas\u0131n toplant\u0131s\u0131nda Amed Sportif Faaliyetler Teknik Direkt\u00f6r\u00fc Sinan Kalo\u011flu ve Adana Demirspor Teknik Direkt\u00f6r\u00fc Kubilayhan Y\u00fccel a\u00e7\u0131klamalarda bulundu.<\/p>\n<p>S\u0130NAN KALO\u011eLU: ADANA DEM\u0130RSPORLU FUTBOLCULAR, B\u0130Z\u0130M FUTBOLUMUZUN GELECE\u011e\u0130<\/p>\n<p>Ma\u00e7\u0131n ard\u0131ndan Adana Demirsporlu futbolcular\u0131 \u00f6ven a\u00e7\u0131klamalarda bulunan Amed Sportif Faaliyetler Teknik Direkt\u00f6r\u00fc Sinan Kalo\u011flu, &#8220;\u00d6ncelikle tabii tak\u0131m\u0131m\u0131 galibiyetten dolay\u0131 kutluyorum, Adana Demirsporlu karde\u015flerimi daha \u00e7ok kutluyorum. Neden mi? \u00c7\u00fcnk\u00fc \u00e7ok k\u00f6kl\u00fc bir camia, zor g\u00fcnler ge\u00e7iriyor ama aslan y\u00fcrekli gen\u00e7 karde\u015flerimiz her ma\u00e7a \u00e7\u0131karak ve \u00e7ok da iyi m\u00fccadele ederek y\u00fcreklerini ortaya koyuyor. Bana g\u00f6re onlar kaybetmedi, onlar kazananlar. Her ma\u00e7ta kazanacaklar. \u00c7\u00fcnk\u00fc onlar bizim futbolumuzun gelece\u011fi. \u00c7ok gen\u00e7ler, \u00e7ok iyi m\u00fccadele ediyorlar. Siz skora bakmay\u0131n. Yani skor \u00e7ok da \u015fey de\u011fil. Evet, bug\u00fcn farkl\u0131 bir galibiyet bizim i\u00e7in iyi bir moral oldu. \u0130lk defa gol atan oyuncular oldu. Bu formayla golle tan\u0131\u015fan oyuncular oldu. Bu taraftan evet bizim i\u00e7in pozitif etkileri \u00e7ok iyi oldu ama daha ziyade futbolumuzun gen\u00e7lerini burada g\u00f6rmek, onlar\u0131n sahada y\u00fcreklerini ortaya koymalar\u0131n\u0131 izlemek ger\u00e7ekten sevindirici. O y\u00fczden Adana Demirspor&#8217;lu karde\u015flerim hi\u00e7 \u00fcz\u00fclmesin. Onlar\u0131n gelecekleri, yollar\u0131 \u00e7ok a\u00e7\u0131k. Onlara bundan sonra da ba\u015far\u0131lar diliyorum. \u00c7ok ciddi oynad\u0131k. Adana Demirspor&#8217;un son iki rakibi \u00c7orumspor ve Band\u0131rmaspor ma\u00e7lar\u0131na bakt\u0131\u011f\u0131m\u0131zda Adana Demirspor, o ma\u00e7larda \u00e7ok daha efektifti, \u00e7ok daha iyi oynam\u0131\u015ft\u0131. Bug\u00fcn tak\u0131m i\u015fini ciddiye ald\u0131. Hi\u00e7 pozisyon vermedik neredeyse. O y\u00fczden sevindirici taraf her ma\u00e7\u0131n ciddiye al\u0131nmas\u0131 ve sayg\u0131 duyulmas\u0131 rakibe. Bizim i\u00e7in en \u00f6nemli \u015fey bu. Biz egodan, kibirden uzak duraca\u011f\u0131z. Biz her zaman i\u015fimizi yapaca\u011f\u0131z ve bir \u015fekilde de mutlu sona ula\u015faca\u011f\u0131z&#8221; dedi.<\/p>\n<p>Y\u00dcCEL: BU KADAR A\u00c7IK B\u0130R SKORU BEKLEM\u0130YORDUK<\/p>\n<p>7-0&#8217;l\u0131k yenilginin kendileri i\u00e7in s\u00fcrpriz bir sonu\u00e7 oldu\u011funa de\u011finen Adana Demirspor Teknik Direkt\u00f6r\u00fc Kubilayhan Y\u00fccel; &#8221; Amedspor, grubun g\u00fc\u00e7l\u00fc ve iddial\u0131 tak\u0131mlar\u0131ndan. Centilmence \u00e7\u0131k\u0131p m\u00fccadele etmeye \u00e7al\u0131\u015ft\u0131k. \u00c7ocuklar futbol oynamaya \u00e7al\u0131\u015ft\u0131. Ama g\u00fc\u00e7leri bu kadar, yetmedi. Tabii bu kadar a\u00e7\u0131k bir skoru da beklemiyorduk. Bizim i\u00e7in birazc\u0131k s\u00fcrpriz oldu diyebilirim&#8221; diye konu\u015ftu. <\/p>\n","protected":false},"excerpt":{"rendered":"<p>Amed Sportif Faaliyetler, Adana Demirspor&#8217;u 7-0&#8217;la ge\u00e7erek b\u00fcy\u00fck bir galibiyet elde etti.<\/p>\n","protected":false},"author":1,"featured_media":29540,"comment_status":"open","ping_status":"open","sticky":false,"template":"","format":"standard","meta":{"footnotes":""},"categories":[14],"tags":[4399,2915,365,1265],"class_list":["post-29539","post","type-post","status-publish","format-standard","has-post-thumbnail","hentry","category-spor","tag-adana-demirspor","tag-bizim","tag-futbol","tag-onlar"],"_links":{"self":[{"href":"https:\/\/bihavadis.com\/index.php\/wp-json\/wp\/v2\/posts\/29539","targetHints":{"allow":["GET"]}}],"collection":[{"href":"https:\/\/bihavadis.com\/index.php\/wp-json\/wp\/v2\/posts"}],"about":[{"href":"https:\/\/bihavadis.com\/index.php\/wp-json\/wp\/v2\/types\/post"}],"author":[{"embeddable":true,"href":"https:\/\/bihavadis.com\/index.php\/wp-json\/wp\/v2\/users\/1"}],"replies":[{"embeddable":true,"href":"https:\/\/bihavadis.com\/index.php\/wp-json\/wp\/v2\/comments?post=29539"}],"version-history":[{"count":1,"href":"https:\/\/bihavadis.com\/index.php\/wp-json\/wp\/v2\/posts\/29539\/revisions"}],"predecessor-version":[{"id":29541,"href":"https:\/\/bihavadis.com\/index.php\/wp-json\/wp\/v2\/posts\/29539\/revisions\/29541"}],"wp:featuredmedia":[{"embeddable":true,"href":"https:\/\/bihavadis.com\/index.php\/wp-json\/wp\/v2\/media\/29540"}],"wp:attachment":[{"href":"https:\/\/bihavadis.com\/index.php\/wp-json\/wp\/v2\/media?parent=29539"}],"wp:term":[{"taxonomy":"category","embeddable":true,"href":"https:\/\/bihavadis.com\/index.php\/wp-json\/wp\/v2\/categories?post=29539"},{"taxonomy":"post_tag","embeddable":true,"href":"https:\/\/bihavadis.com\/index.php\/wp-json\/wp\/v2\/tags?post=29539"}],"curies":[{"name":"wp","href":"https:\/\/api.w.org\/{rel}","templated":true}]}}