{"id":29600,"date":"2026-02-12T14:12:37","date_gmt":"2026-02-12T14:12:37","guid":{"rendered":"https:\/\/bihavadis.com\/?p=29600"},"modified":"2026-02-12T14:12:37","modified_gmt":"2026-02-12T14:12:37","slug":"yayman-silahlarin-birakilmasi-icin-kararliyiz","status":"publish","type":"post","link":"https:\/\/bihavadis.com\/index.php\/2026\/02\/12\/yayman-silahlarin-birakilmasi-icin-kararliyiz\/","title":{"rendered":"Yayman: Silahlar\u0131n B\u0131rak\u0131lmas\u0131 \u0130\u00e7in Kararl\u0131y\u0131z"},"content":{"rendered":"<p> AK Parti Genel Ba\u015fkan Yard\u0131mc\u0131s\u0131 H\u00fcseyin Yayman, &#8220;Bu defa asla engelleyemeyecekler. Silahlar\u0131n b\u0131rak\u0131lmas\u0131n\u0131n \u00f6n\u00fcne asla ge\u00e7emeyecekler. Kumpaslar\u0131 geri \u00e7evirece\u011fiz, engellemeleri ortadan kald\u0131raca\u011f\u0131z.&#8221; dedi.<\/p>\n<p>Programlara kat\u0131lmak \u00fczere Hakkari&#8217;ye gelen Yayman, S\u00fcmb\u00fcl Mahallesi M\u00fccahit Tun\u00e7 Konferans Salonu&#8217;nda d\u00fczenlenen AK Parti \u0130l Dan\u0131\u015fma Meclisi Toplant\u0131s\u0131&#8217;na kat\u0131ld\u0131.<\/p>\n<p>Yayman, burada yapt\u0131\u011f\u0131 konu\u015fmada, salondakilere Cumhurba\u015fkan\u0131 Recep Tayyip Erdo\u011fan&#8217;\u0131n selam\u0131n\u0131 iletti.<\/p>\n<p>Hakkari&#8217;den y\u00fckselecek s\u00f6z ve mesaj\u0131n dalga dalga b\u00fcy\u00fcyerek b\u00fct\u00fcn Anadolu&#8217;ya, t\u00fcm T\u00fcrkiye&#8217;ye ula\u015faca\u011f\u0131n\u0131 belirten Yayman, kentin y\u0131llarca hep \u015fiddetle, \u00e7at\u0131\u015fmalarla, ter\u00f6rle an\u0131ld\u0131\u011f\u0131n\u0131 s\u00f6yledi.<\/p>\n<p>Kente 1995&#8217;te Gazi \u00dcniversitesi&#8217;nde Kamu Y\u00f6netimi b\u00f6l\u00fcm\u00fcnde asistan olarak anket yapmak i\u00e7in geldi\u011fini anlatan Yayman, son 25 y\u0131lda Cumhurba\u015fkan\u0131 Recep Tayyip Erdo\u011fan&#8217;\u0131n liderli\u011finde kentin ne kadar de\u011fi\u015fti\u011fini, b\u00fcy\u00fcd\u00fc\u011f\u00fcn\u00fc, g\u00fczelle\u015fti\u011fini bizzat g\u00f6rmenin mutlulu\u011funu ya\u015fad\u0131\u011f\u0131n\u0131 vurgulad\u0131.<\/p>\n<p>Art\u0131k her \u015feyin de\u011fi\u015fti\u011fini, g\u00fczel geli\u015fmelerin ya\u015fand\u0131\u011f\u0131n\u0131 dile getiren Yayman, &#8220;Milli Dayan\u0131\u015fma, Karde\u015flik ve Demokrasi Komisyonu&#8217;nda olan bir karde\u015finiz olarak \u015funu Hakkari&#8217;den b\u00fct\u00fcn T\u00fcrkiye&#8217;ye s\u00f6ylemek istiyorum. Bu defa asla engelleyemeyecekler. Silahlar\u0131n b\u0131rak\u0131lmas\u0131n\u0131n \u00f6n\u00fcne asla ge\u00e7emeyecekler. Kumpaslar\u0131 geri \u00e7evirece\u011fiz, engellemeleri ortadan kald\u0131raca\u011f\u0131z. Cumhurba\u015fkan\u0131m\u0131z\u0131n ifadesi ile bu tarihi f\u0131rsat\u0131 in\u015fallah T\u00fcrkiye Y\u00fczy\u0131l\u0131&#8217;n\u0131n en b\u00fcy\u00fck projesi olarak hayata ge\u00e7irece\u011fiz.&#8221; diye konu\u015ftu.<\/p>\n<p>AK Parti kuruldu\u011funda s\u00f6ylenen \u00fc\u00e7 temel talepten birinin OHAL&#8217;in kald\u0131r\u0131lmas\u0131 oldu\u011funu anlatan Yayman, AK Parti&#8217;nin iktidara geldi\u011fi ilk ayda yap\u0131lan Bakanlar Kurulu toplant\u0131s\u0131nda OHAL&#8217;i kald\u0131rd\u0131\u011f\u0131n\u0131 an\u0131msatt\u0131.<\/p>\n<p>&#8220;Bug\u00fcn geldi\u011fimiz noktada art\u0131k silahlar\u0131n b\u0131rak\u0131lmas\u0131 \u015fartt\u0131r&#8221;<\/p>\n<p>Yayman, &#8220;\u0130kinci talep yol kontrollerinin azalt\u0131lmas\u0131yd\u0131. \u015eimdi hi\u00e7bir yerde kontrol noktas\u0131nda durmadan duble yoldan geldik. Y\u00fcksekova&#8217;daki havaliman\u0131 Hakkari&#8217;nin kaderini de\u011fi\u015ftiren \u00f6nemli g\u00f6stergelerden birisidir. \u00dc\u00e7\u00fcnc\u00fc talep ise yayla yasaklar\u0131n\u0131n kald\u0131r\u0131lmas\u0131yd\u0131. Allah&#8217;a \u00e7ok \u015f\u00fck\u00fcr yine bunu Cumhurba\u015fkan\u0131m\u0131z Recep Tayyip Erdo\u011fan yapt\u0131.&#8221; ifadelerini kulland\u0131.<\/p>\n<p>T\u00fcrkiye&#8217;de ter\u00f6rle m\u00fccadele devam ederken, karakollar bas\u0131l\u0131rken, \u015fehirlerde bombalar patlarken AK Parti&#8217;nin reformlardan, demokratikle\u015fme ad\u0131mlar\u0131n\u0131 atmaktan vazge\u00e7medi\u011fini vurgulayan Yayman, \u015f\u00f6yle devam etti: <\/p>\n<p>&#8220;Biz bunlara &#8216;sessiz devrimler&#8217; diyoruz. Bug\u00fcn geldi\u011fimiz noktada art\u0131k silahlar\u0131n b\u0131rak\u0131lmas\u0131 \u015fartt\u0131r. Milli Dayan\u0131\u015fma, Karde\u015flik ve Demokrasi hedefi bir devlet politikas\u0131d\u0131r, bir millet politikas\u0131d\u0131r ve Allah&#8217;\u0131n izni ile in\u015fallah art\u0131k paradigma de\u011fi\u015fmi\u015ftir. Yeni paradigmada T\u00fcrkiye Y\u00fczy\u0131l\u0131&#8217;n\u0131 T\u00fcrklerin, K\u00fcrtlerin y\u00fczy\u0131l\u0131 yapmaya ant i\u00e7mi\u015f iki b\u00fcy\u00fck liderimiz var. Bir tanesi Say\u0131n Recep Tayyip Erdo\u011fan, bir di\u011feri ise Say\u0131n Devlet Bah\u00e7eli.&#8221;<\/p>\n<p>&#8220;Silah b\u0131rakma s\u00fcrecine verilen destek y\u00fczde 75&#8217;tir&#8221;<\/p>\n<p>Cumhur \u0130ttifak\u0131 olarak, AK Parti olarak pozitif dil kulland\u0131klar\u0131n\u0131 ifade eden Yayman, konu\u015fmas\u0131n\u0131 \u015f\u00f6yle s\u00fcrd\u00fcrd\u00fc: <\/p>\n<p>&#8220;1 Ekim&#8217;de Say\u0131n Devlet Bah\u00e7eli&#8217;nin el s\u0131k\u0131\u015fmas\u0131 ile ba\u015flayan bu s\u00fcre\u00e7 bug\u00fcn \u00e7ok olumlu bir noktada yoluna devam etmektedir. Emperyalistlerin bu s\u00fcreci bozma \u00e7abalar\u0131na ra\u011fmen milletimizin feraseti, dirayeti ve basireti sayesinde s\u00fcre\u00e7 \u00e7ok olumlu bir havada menziline do\u011fru ilerlemektedir. Ocak ay\u0131nda yap\u0131lan kamuoyu ara\u015ft\u0131rmalar\u0131nda Ter\u00f6rs\u00fcz T\u00fcrkiye s\u00fcrecine, silah b\u0131rakma s\u00fcrecine verilen destek y\u00fczde 75&#8217;tir. \u0130lerleyen s\u00fcre\u00e7te bu deste\u011fin daha da artarak devam edece\u011fini g\u00f6r\u00fcyoruz. Milli Dayan\u0131\u015fma, Karde\u015flik ve Demokrasi Komisyonu&#8217;nda olan bir karde\u015finiz olarak \u015funu bir kez daha kay\u0131tlara ge\u00e7irmek isterim. Say\u0131n Numan Kurtulmu\u015f ba\u015fkan\u0131m\u0131z\u0131n ba\u015fkanl\u0131\u011f\u0131nda y\u00fcr\u00fcyen s\u00fcre\u00e7te art\u0131k raporun sonuna gelindi. Bir ortak mutabakatla in\u015fallah t\u00fcm milletimizin alt\u0131na imza ataca\u011f\u0131 bir ortak deklarasyonu in\u015fallah Say\u0131n Numan Kurtulmu\u015f ba\u015fkan\u0131m\u0131z t\u00fcm milletimize ilan edecek ve orada da g\u00f6receksiniz art\u0131k bu bir devlet politikas\u0131d\u0131r. Milletimizin kararl\u0131l\u0131\u011f\u0131 da s\u00fcrecektir. Karde\u015flik iklimini muhakkak tesis edece\u011fiz.&#8221;<\/p>\n<p>Herkesin pozitif bir dil kullanmas\u0131 gerekti\u011finin alt\u0131n\u0131 \u00e7izen Yayman, &#8220;Hakkari&#8217;den t\u00fcm T\u00fcrkiye&#8217;ye \u015fu mesaj\u0131 vermek istiyorum. Herkesin s\u00f6z\u00fcnde durmas\u0131, herkesin s\u00f6z\u00fcn\u00fc yerine getirmesi gerekiyor. Hem \u00f6rg\u00fct\u00fcn hem \u00f6rg\u00fct bile\u015fenlerinin silah b\u0131rakmay\u0131 s\u00f6zde de\u011fil \u00f6zde yapmas\u0131 gerekiyor. Silahlar\u0131n sadece elden de\u011fil, g\u00f6n\u00fcllerden de b\u0131rak\u0131lmas\u0131 gerekiyor. Bug\u00fcn geldi\u011fimiz noktada bak\u0131n Hakkari&#8217;de karde\u015flik var, uyum var, huzur var. Art\u0131k o g\u00fcnler geride kald\u0131.&#8221; ifadelerini kulland\u0131.<\/p>\n<p>Bu s\u00fcreci hangi \u00fclkelerin bozmak istedi\u011fini \u00e7ok iyi bildiklerini belirten Yayman, &#8220;Ba\u015fta \u0130srail olmak \u00fczere Milli Dayan\u0131\u015fma, Karde\u015flik ve Demokrasi Komisyonu&#8217;nun hedefine varmamas\u0131 i\u00e7in her t\u00fcrl\u00fc fitneyi, fesad\u0131 yapt\u0131klar\u0131n\u0131 hep beraber takip ediyoruz. Art\u0131k paradigma de\u011fi\u015fmi\u015ftir. \u0130n\u015fallah tarihin de\u011fi\u015fti\u011fi g\u00fcnlere hep beraber \u015fahitlik edece\u011fiz. Hakkari turizmi, k\u00fclt\u00fcr\u00fc, gastronomisiyle \u00f6ne \u00e7\u0131kacakt\u0131r. Mardin, Diyarbak\u0131r k\u00fclt\u00fcr\u00fc ile turizmi, gastronomisi ile \u00f6ne \u00e7\u0131kacakt\u0131r.&#8221; dedi.<\/p>\n<p>&#8220;K\u00fcrtlerin devleti T\u00fcrkiye Cumhuriyeti Devleti&#8217;dir&#8221;<\/p>\n<p>Suriye&#8217;de ya\u015fanan olaylar\u0131 hep beraber dikkatle takip ettiklerini dile getiren Yayman, s\u00f6zlerini \u015f\u00f6yle tamamlad\u0131: <\/p>\n<p>&#8220;T\u00fcrkiye bu meselede \u00e7ok b\u00fcy\u00fck bedeller \u00f6demi\u015f bir \u00fclkedir. Bir, Suriye&#8217;nin toprak b\u00fct\u00fcnl\u00fc\u011f\u00fcn\u00fc savunuyoruz. \u0130ki, b\u00fct\u00fcn kimliklerin ku\u015fat\u0131c\u0131 bir devlet form\u00fclasyonunu savunuyoruz. \u00dc\u00e7, &#8216;Suriye Suriyelilerindir.&#8217; diyoruz. Burada vekalet sava\u015f\u0131n\u0131 y\u00fcr\u00fctenlere bir kez daha \u015funu s\u00f6yl\u00fcyoruz. D\u00fcn nas\u0131l oyunlar\u0131n\u0131z bozulduysa bug\u00fcn de hi\u00e7 endi\u015feniz olmas\u0131n oyunlar\u0131n\u0131z bozulacakt\u0131r. Ahmed \u015eara y\u00f6netiminde ba\u015flayan yeni s\u00fcre\u00e7le beraber art\u0131k Suriye&#8217;de birlik ve beraberlik olacak. Oradaki K\u00fcrt karde\u015flerimizin hukuku da Hakkari&#8217;deki karde\u015flerimizin hukuku gibi bizlere emanettir. K\u00fcrt karde\u015flerimiz ayr\u0131d\u0131r ter\u00f6r \u00f6rg\u00fctleri ayr\u0131d\u0131r ve asla ama asla bu \u00e7izgimizi bozmayaca\u011f\u0131z. Allah izin verirse silahlar\u0131n b\u0131rak\u0131lmas\u0131 ile beraber silahlar\u0131n sadece elden de\u011fil g\u00f6n\u00fclden de b\u0131rak\u0131lmas\u0131yla zihinlerde, beyinlerde b\u0131rak\u0131lmas\u0131yla T\u00fcrkiye Y\u00fczy\u0131l\u0131 hem K\u00fcrtlerin hem T\u00fcrklerin hem de Araplar\u0131n Y\u00fczy\u0131l\u0131 olacakt\u0131r. K\u00fcrtlerin devleti var zaten. K\u00fcrtlerin devleti T\u00fcrkiye Cumhuriyeti Devleti&#8217;dir. Herkesin e\u015fit ve birinci s\u0131n\u0131f vatanda\u015f oldu\u011fu ve herkesin kendini ifade etti\u011fi bir demokratikle\u015fme ortam\u0131 i\u00e7erisinde bir ve beraber olmaya devam edece\u011fiz.&#8221;<\/p>\n<p>AK Parti Konya Milletvekili Orhan Erdem de Cumhurba\u015fkan\u0131 Erdo\u011fan&#8217;\u0131n yol arkada\u015flar\u0131 olduklar\u0131n\u0131 s\u00f6yleyerek, &#8220;Allah&#8217;\u0131n izniyle Suriye de huzur bulacak, \u0130ran da huzur bulacak. T\u00fcm karde\u015flerimizle g\u00fc\u00e7l\u00fc bir millet olaca\u011f\u0131z, birlik olaca\u011f\u0131z ve gelece\u011fe, T\u00fcrkiye Y\u00fczy\u0131l\u0131&#8217;na hep birlikte kavu\u015faca\u011f\u0131z.&#8221; diye konu\u015ftu.<\/p>\n<p>AK Parti K\u00fclt\u00fcr ve Sanat Politikalar\u0131 Ba\u015fkan Yard\u0131mc\u0131s\u0131 \u015eeyhmus Din\u00e7el ise te\u015fkilatlarda g\u00f6rev yapman\u0131n fedakarl\u0131k gerektirdi\u011fini dile getirerek, bu do\u011frultuda yap\u0131lan \u00e7al\u0131\u015fmalar\u0131n \u00e7ok k\u0131ymetli oldu\u011funu s\u00f6yledi.<\/p>\n<p>AK Parti \u0130l Koordinat\u00f6r\u00fc Bahattin Y\u0131ld\u0131z da te\u015fkilat olarak kar, k\u0131\u015f demeden sahada olduklar\u0131n\u0131 belirterek, &#8220;24 y\u0131lda b\u00fcy\u00fck devrimler, b\u00fcy\u00fck hizmetler yap\u0131ld\u0131. Bunu biz te\u015fkilatlar olarak her zaman anlataca\u011f\u0131z. Bu do\u011frultuda saflar\u0131m\u0131z\u0131 s\u0131kla\u015ft\u0131rarak, gelmeyenlere biz gidece\u011fiz, aramayan\u0131 biz arayaca\u011f\u0131z, k\u00fcsenin kap\u0131s\u0131n\u0131 biz \u00e7alaca\u011f\u0131z, yorulan\u0131 y\u00fcreklendirece\u011fiz.&#8221; dedi.<\/p>\n<p>AK Parti \u0130l Ba\u015fkan\u0131 Zeydin Kaya, Cumhurba\u015fkan\u0131 Erdo\u011fan&#8217;\u0131n liderli\u011finde, Cumhur \u0130ttifak\u0131&#8217;n\u0131n deste\u011fiyle \u015fiddetin, ter\u00f6r\u00fcn, k\u00f6t\u00fcl\u00fc\u011f\u00fcn, kan ve g\u00f6zya\u015f\u0131n\u0131n olmad\u0131\u011f\u0131, tam tersine karde\u015fli\u011fin, sevginin, huzurun oldu\u011fu bir d\u00f6nemden ge\u00e7tiklerini vurgulad\u0131.<\/p>\n<p>Toplant\u0131n\u0131n ard\u0131ndan Gazi Mahallesi&#8217;ne ge\u00e7en Yayman, Durankaya Belde Belediye Ba\u015fkan\u0131 \u0130smail Demirci&#8217;nin evinde d\u00fczenlenen &#8220;Mahalle Bulu\u015fmalar\u0131&#8221; program\u0131na kat\u0131larak, vatanda\u015flarla sohbet etti, sorun ve talepleri dinledi.<\/p>\n<p>Dengbej dinletisinin ard\u0131ndan Da\u011fg\u00f6l Mahallesi&#8217;ndeki \u015eehit Top\u00e7u Uzman \u00c7avu\u015f Nedim Korkmaz&#8217;\u0131n ailesini ziyaret eden Yayman, \u015fehidin yak\u0131nlar\u0131yla g\u00f6r\u00fc\u015ft\u00fc.<\/p>\n<p>\u015eehidin babas\u0131 Ramazan Korkmaz, devleti ve vatan\u0131 i\u00e7in her zaman bedel \u00f6demeye haz\u0131r oldu\u011funu belirterek, Cumhurba\u015fkan\u0131 Erdo\u011fan&#8217;\u0131n yan\u0131nda olduklar\u0131n\u0131 dile getirdi.<\/p>\n","protected":false},"excerpt":{"rendered":"<p>AK Parti Genel Ba\u015fkan Yard\u0131mc\u0131s\u0131 H\u00fcseyin Yayman, &#8220;Bu defa asla engelleyemeyecekler.<\/p>\n","protected":false},"author":1,"featured_media":29601,"comment_status":"open","ping_status":"open","sticky":false,"template":"","format":"standard","meta":{"footnotes":""},"categories":[12],"tags":[1389,3113,1247,197,3377],"class_list":["post-29600","post","type-post","status-publish","format-standard","has-post-thumbnail","hentry","category-siyaset","tag-ak-parti","tag-artik","tag-devlet","tag-turkiye","tag-yayman"],"_links":{"self":[{"href":"https:\/\/bihavadis.com\/index.php\/wp-json\/wp\/v2\/posts\/29600","targetHints":{"allow":["GET"]}}],"collection":[{"href":"https:\/\/bihavadis.com\/index.php\/wp-json\/wp\/v2\/posts"}],"about":[{"href":"https:\/\/bihavadis.com\/index.php\/wp-json\/wp\/v2\/types\/post"}],"author":[{"embeddable":true,"href":"https:\/\/bihavadis.com\/index.php\/wp-json\/wp\/v2\/users\/1"}],"replies":[{"embeddable":true,"href":"https:\/\/bihavadis.com\/index.php\/wp-json\/wp\/v2\/comments?post=29600"}],"version-history":[{"count":1,"href":"https:\/\/bihavadis.com\/index.php\/wp-json\/wp\/v2\/posts\/29600\/revisions"}],"predecessor-version":[{"id":29602,"href":"https:\/\/bihavadis.com\/index.php\/wp-json\/wp\/v2\/posts\/29600\/revisions\/29602"}],"wp:featuredmedia":[{"embeddable":true,"href":"https:\/\/bihavadis.com\/index.php\/wp-json\/wp\/v2\/media\/29601"}],"wp:attachment":[{"href":"https:\/\/bihavadis.com\/index.php\/wp-json\/wp\/v2\/media?parent=29600"}],"wp:term":[{"taxonomy":"category","embeddable":true,"href":"https:\/\/bihavadis.com\/index.php\/wp-json\/wp\/v2\/categories?post=29600"},{"taxonomy":"post_tag","embeddable":true,"href":"https:\/\/bihavadis.com\/index.php\/wp-json\/wp\/v2\/tags?post=29600"}],"curies":[{"name":"wp","href":"https:\/\/api.w.org\/{rel}","templated":true}]}}