{"id":29628,"date":"2026-02-12T14:36:08","date_gmt":"2026-02-12T14:36:08","guid":{"rendered":"https:\/\/bihavadis.com\/?p=29628"},"modified":"2026-02-12T14:36:08","modified_gmt":"2026-02-12T14:36:08","slug":"tekirdagda-firtina-hasari","status":"publish","type":"post","link":"https:\/\/bihavadis.com\/index.php\/2026\/02\/12\/tekirdagda-firtina-hasari\/","title":{"rendered":"Tekirda\u011f&#8217;da F\u0131rt\u0131na Hasar\u0131"},"content":{"rendered":"<p>TEK\u0130RDA\u011e&#8217;da etkili olan f\u0131rt\u0131na nedeniyle Marmaraere\u011flisi ve \u00c7orlu il\u00e7esinde bir\u00e7ok evin \u00e7at\u0131s\u0131 u\u00e7tu, a\u011fa\u00e7lar devrildi. <\/p>\n<p>Meteoroloji Genel M\u00fcd\u00fcrl\u00fc\u011f\u00fc&#8217;n\u00fcn kuvvetli r\u00fczgar ve yer yer f\u0131rt\u0131na uyar\u0131s\u0131nda bulundu\u011fu b\u00f6lgeler aras\u0131ndaki Tekirda\u011f&#8217;da ak\u015fam saatlerinde f\u0131rt\u0131na hayat\u0131 olumsuz etkiledi. \u00c7orlu&#8217;da saatteki h\u0131z\u0131 yer yer 70 kilometreyi bulan f\u0131rt\u0131nada Muhittin Mahallesi&#8217;nde a\u011fa\u00e7lar devrildi, H\u0131d\u0131ra\u011fa Mahallesi&#8217;nde elektrik telleri koptu. Mahalle sakini Tayfun A\u011f\u0131rba\u015f, a\u011fac\u0131n b\u00fcy\u00fck bir g\u00fcr\u00fclt\u00fcyle devrildi\u011fini belirterek, R\u00fczgar\u0131n ve ya\u011fmurun ba\u015flamas\u0131yla birlikte devrilen a\u011fa\u00e7 bir apartman dairesine zarar verdi. Ekipler buraya gelerek m\u00fcdahale etti&#8221; dedi.<\/p>\n<p>POL\u0130S S\u00dcR\u00dcC\u00dcLER\u0130 ANONSLA UYARDI<\/p>\n<p>\u00c7orlu&#8217;nun H\u0131d\u0131ra\u011fa Mahallesi Ahmet Taner K\u0131\u015flal\u0131 Caddesi \u00fczerinde f\u0131rt\u0131na nedeniyle elektrik telleri koparak, yola d\u00fc\u015ft\u00fc. B\u00f6lgeye sevk edilen polis ekipleri yolu yaya ve ara\u00e7 trafi\u011fine kapatt\u0131. Polis, s\u00fcr\u00fcc\u00fcleri, &#8220;Yol g\u00fcvenlik \u00f6nlemi nedeniyle kapal\u0131d\u0131r. \u0130leride elektrik telleri var. G\u00fcvenli bir \u015fekilde d\u00f6n\u00fc\u015fleri al\u0131n, farkla bir g\u00fczergahtan devam ediniz&#8221; anonsu yaparak uyard\u0131. Ekipler b\u00f6lgede enerjiyi keserek, kopan telleri kald\u0131rmak i\u00e7in \u00e7al\u0131\u015fma ba\u015flatt\u0131.<\/p>\n<p>\u00c7ATILAR U\u00c7TU<\/p>\n<p> F\u0131rt\u0131na Marmaraere\u011flisi il\u00e7esinde \u00e7at\u0131lar\u0131 u\u00e7urup, a\u011fa\u00e7lar\u0131 devirdi. Yeni\u00e7iftlik Mahallesi&#8217;nde devrilen a\u011fa\u00e7lar yollar\u0131n kapanmas\u0131na neden oldu. \u0130l\u00e7e merkezinde bir i\u015f yeri, Sultank\u00f6y Mahallesi&#8217;nde ise bir evin \u00e7at\u0131s\u0131 u\u00e7tu. Belediye ekipleri u\u00e7an \u00e7at\u0131lar ile devrilen a\u011fa\u00e7lar\u0131 kald\u0131rmak i\u00e7in \u00e7al\u0131\u015fma ba\u015flatt\u0131. Marmaraere\u011flisi Belediye Ba\u015fkan\u0131 Onur Bozkurter, olumsuz hava ko\u015fullar\u0131ndan etkilenen b\u00f6lgelerde incelemelerde bulundu. <\/p>\n<p>\u015eiddetli bir f\u0131rt\u0131na ya\u015fad\u0131klar\u0131n\u0131 a\u011fa\u00e7lar\u0131n devrildi\u011fini belirten Ba\u015fkan Bozkurter, &#8220;\u015eu ana kadar bize 3-4 \u00e7at\u0131 u\u00e7mas\u0131, sahilde bir esnaflar\u0131m\u0131z\u0131n ma\u011fdur oldu\u011fu ihbar\u0131 geldi. Ama \u00e7ok \u015f\u00fck\u00fcr gelen ihbarlarda bir can kayb\u0131 yok. \u00c7ok ge\u00e7mi\u015f olsun. Bizim il\u00e7emiz deniz kenar\u0131nda olmas\u0131 Tekirda\u011f&#8217;da en \u00e7ok s\u0131k\u0131nt\u0131y\u0131 ya\u015fayan il\u00e7e konumunda. Ekiplerimiz sahada \u00e7al\u0131\u015f\u0131yorlar&#8221; dedi. <\/p>\n","protected":false},"excerpt":{"rendered":"<p>Tekirda\u011f&#8217;da etkili f\u0131rt\u0131na, evlerin \u00e7at\u0131s\u0131n\u0131 u\u00e7urdu, a\u011fa\u00e7lar\u0131 devirdi; b\u00f6lgeye m\u00fcdahale ediliyor.<\/p>\n","protected":false},"author":1,"featured_media":29629,"comment_status":"open","ping_status":"open","sticky":false,"template":"","format":"standard","meta":{"footnotes":""},"categories":[9,4,13],"tags":[4638,2540,279,2600,1018],"class_list":["post-29628","post","type-post","status-publish","format-standard","has-post-thumbnail","hentry","category-genel","category-gundem","category-son-dakika","tag-agaclar","tag-cati","tag-ekipler","tag-firtina","tag-mahalle"],"_links":{"self":[{"href":"https:\/\/bihavadis.com\/index.php\/wp-json\/wp\/v2\/posts\/29628","targetHints":{"allow":["GET"]}}],"collection":[{"href":"https:\/\/bihavadis.com\/index.php\/wp-json\/wp\/v2\/posts"}],"about":[{"href":"https:\/\/bihavadis.com\/index.php\/wp-json\/wp\/v2\/types\/post"}],"author":[{"embeddable":true,"href":"https:\/\/bihavadis.com\/index.php\/wp-json\/wp\/v2\/users\/1"}],"replies":[{"embeddable":true,"href":"https:\/\/bihavadis.com\/index.php\/wp-json\/wp\/v2\/comments?post=29628"}],"version-history":[{"count":1,"href":"https:\/\/bihavadis.com\/index.php\/wp-json\/wp\/v2\/posts\/29628\/revisions"}],"predecessor-version":[{"id":29630,"href":"https:\/\/bihavadis.com\/index.php\/wp-json\/wp\/v2\/posts\/29628\/revisions\/29630"}],"wp:featuredmedia":[{"embeddable":true,"href":"https:\/\/bihavadis.com\/index.php\/wp-json\/wp\/v2\/media\/29629"}],"wp:attachment":[{"href":"https:\/\/bihavadis.com\/index.php\/wp-json\/wp\/v2\/media?parent=29628"}],"wp:term":[{"taxonomy":"category","embeddable":true,"href":"https:\/\/bihavadis.com\/index.php\/wp-json\/wp\/v2\/categories?post=29628"},{"taxonomy":"post_tag","embeddable":true,"href":"https:\/\/bihavadis.com\/index.php\/wp-json\/wp\/v2\/tags?post=29628"}],"curies":[{"name":"wp","href":"https:\/\/api.w.org\/{rel}","templated":true}]}}