{"id":29681,"date":"2026-02-12T15:18:06","date_gmt":"2026-02-12T15:18:06","guid":{"rendered":"https:\/\/bihavadis.com\/?p=29681"},"modified":"2026-02-12T15:18:06","modified_gmt":"2026-02-12T15:18:06","slug":"amed-sportif-faaliyetler-7-0-ile-moral-buldu","status":"publish","type":"post","link":"https:\/\/bihavadis.com\/index.php\/2026\/02\/12\/amed-sportif-faaliyetler-7-0-ile-moral-buldu\/","title":{"rendered":"Amed Sportif Faaliyetler 7-0 ile Moral Buldu"},"content":{"rendered":"<p> Trendyol 1. Lig&#8217;in 23. haftas\u0131nda konuk etti\u011fi Adana Demirspor&#8217;u 7-0 yenen Amed Sportif Faaliyetler&#8217;in teknik direkt\u00f6r\u00fc Sinan Kalo\u011flu, &#8220;Bug\u00fcn farkl\u0131 bir galibiyet ald\u0131k, bizim i\u00e7in iyi bir moral oldu.&#8221; dedi.<\/p>\n<p>Kalo\u011flu, ma\u00e7\u0131n ard\u0131ndan d\u00fczenlenen bas\u0131n toplant\u0131s\u0131nda, tak\u0131m\u0131n\u0131 ald\u0131klar\u0131 galibiyetten dolay\u0131 tebrik etti\u011fini s\u00f6yledi.<\/p>\n<p>Rakip tak\u0131m\u0131n futbolcular\u0131n\u0131 da tebrik etti\u011fini ifade eden Kalo\u011flu, \u015f\u00f6yle konu\u015ftu: <\/p>\n<p>&#8220;\u00c7\u00fcnk\u00fc \u00e7ok k\u00f6kl\u00fc bir camia, zor g\u00fcnler ge\u00e7iriyor ama aslan y\u00fcrekli gen\u00e7 karde\u015flerimiz her ma\u00e7a \u00e7\u0131karak ve \u00e7ok da iyi m\u00fccadele ederek y\u00fcreklerini ortaya koyuyorlar. Bana g\u00f6re onlar kaybetmedi, onlar her ma\u00e7ta kazanacaklar \u00e7\u00fcnk\u00fc onlar bizim futbolumuzun gelece\u011fi. \u00c7ok gen\u00e7ler, \u00e7ok iyi m\u00fccadele ediyorlar. Siz skora bakmay\u0131n. Bug\u00fcn farkl\u0131 bir galibiyet ald\u0131k, bizim i\u00e7in iyi bir moral oldu. \u0130lk defa gol atan oyuncular oldu. Bu formayla golle tan\u0131\u015fan oyuncular oldu. Bu taraftan bizim i\u00e7in pozitif etkileri \u00e7ok iyi oldu. Ama daha ziyade, futbolumuzun gen\u00e7lerini burada g\u00f6rmek, onlar\u0131n sahada y\u00fcreklerini ortaya koymalar\u0131n\u0131 izlemek ger\u00e7ekten sevindirici. O y\u00fczden Adana Demirsporlu karde\u015flerim hi\u00e7 \u00fcz\u00fclmesin, onlar\u0131n gelecekleri, yollar\u0131 \u00e7ok a\u00e7\u0131k. Onlara bundan sonra da ba\u015far\u0131lar diliyorum.&#8221;<\/p>\n<p>Futbolcular\u0131n\u0131n \u00e7ok ciddi oynad\u0131klar\u0131n\u0131 ifade eden Kalo\u011flu, &#8220;Bug\u00fcn tak\u0131m i\u015fini ciddiye ald\u0131, neredeyse hi\u00e7 pozisyon vermedik. O y\u00fczden sevindirici taraf her ma\u00e7\u0131n ciddiye al\u0131nmas\u0131 ve sayg\u0131 duyulmas\u0131 rakibe. Bizim i\u00e7in en \u00f6nemli \u015fey bu. Biz egodan, kibirden uzak duraca\u011f\u0131z. Biz her zaman i\u015fimizi yapaca\u011f\u0131z ve bir \u015fekilde de mutlu sona ula\u015faca\u011f\u0131z.&#8221; ifadelerini kulland\u0131.<\/p>\n<p>Adana Demirspor cephesi<\/p>\n<p>Adana Demirspor Teknik Direkt\u00f6r\u00fc Kubilayhan Y\u00fccel de futbolcular\u0131n\u0131n oyunundan memnun kalmad\u0131\u011f\u0131n\u0131 s\u00f6yledi. Y\u00fccel, \u015funlar\u0131 kaydetti: <\/p>\n<p>&#8220;Tabii ki Amed Spor grubun g\u00fc\u00e7l\u00fc ve iddial\u0131 tak\u0131mlar\u0131ndan, centilmence \u00e7\u0131k\u0131p m\u00fccadele etmeye \u00e7al\u0131\u015ft\u0131k. \u00c7ocuklar futbol oynamaya \u00e7al\u0131\u015ft\u0131 ama g\u00fc\u00e7leri bu kadar, yetmedi. Tabi bu kadar a\u00e7\u0131k bir skoru da beklemiyorduk, bizim i\u00e7in birazc\u0131k s\u00fcrpriz oldu diyebilirim.&#8221;<\/p>\n","protected":false},"excerpt":{"rendered":"<p>Amed&#8217;in teknik direkt\u00f6r\u00fc Kalo\u011flu, farkl\u0131 galibiyetin tak\u0131m i\u00e7in moral oldu\u011funu belirtti.<\/p>\n","protected":false},"author":1,"featured_media":29682,"comment_status":"open","ping_status":"open","sticky":false,"template":"","format":"standard","meta":{"footnotes":""},"categories":[14],"tags":[365,1265],"class_list":["post-29681","post","type-post","status-publish","format-standard","has-post-thumbnail","hentry","category-spor","tag-futbol","tag-onlar"],"_links":{"self":[{"href":"https:\/\/bihavadis.com\/index.php\/wp-json\/wp\/v2\/posts\/29681","targetHints":{"allow":["GET"]}}],"collection":[{"href":"https:\/\/bihavadis.com\/index.php\/wp-json\/wp\/v2\/posts"}],"about":[{"href":"https:\/\/bihavadis.com\/index.php\/wp-json\/wp\/v2\/types\/post"}],"author":[{"embeddable":true,"href":"https:\/\/bihavadis.com\/index.php\/wp-json\/wp\/v2\/users\/1"}],"replies":[{"embeddable":true,"href":"https:\/\/bihavadis.com\/index.php\/wp-json\/wp\/v2\/comments?post=29681"}],"version-history":[{"count":1,"href":"https:\/\/bihavadis.com\/index.php\/wp-json\/wp\/v2\/posts\/29681\/revisions"}],"predecessor-version":[{"id":29683,"href":"https:\/\/bihavadis.com\/index.php\/wp-json\/wp\/v2\/posts\/29681\/revisions\/29683"}],"wp:featuredmedia":[{"embeddable":true,"href":"https:\/\/bihavadis.com\/index.php\/wp-json\/wp\/v2\/media\/29682"}],"wp:attachment":[{"href":"https:\/\/bihavadis.com\/index.php\/wp-json\/wp\/v2\/media?parent=29681"}],"wp:term":[{"taxonomy":"category","embeddable":true,"href":"https:\/\/bihavadis.com\/index.php\/wp-json\/wp\/v2\/categories?post=29681"},{"taxonomy":"post_tag","embeddable":true,"href":"https:\/\/bihavadis.com\/index.php\/wp-json\/wp\/v2\/tags?post=29681"}],"curies":[{"name":"wp","href":"https:\/\/api.w.org\/{rel}","templated":true}]}}