{"id":2969,"date":"2026-01-28T09:09:04","date_gmt":"2026-01-28T09:09:04","guid":{"rendered":"https:\/\/bihavadis.com\/?p=2969"},"modified":"2026-01-28T09:09:04","modified_gmt":"2026-01-28T09:09:04","slug":"bozkirin-sesi-izmirde-yankilanacak-neset-ertas-turkuleriyle-duygu-dolu-bir-gece","status":"publish","type":"post","link":"https:\/\/bihavadis.com\/index.php\/2026\/01\/28\/bozkirin-sesi-izmirde-yankilanacak-neset-ertas-turkuleriyle-duygu-dolu-bir-gece\/","title":{"rendered":"Bozk\u0131r\u0131n Sesi \u0130zmir&#8217;de Yank\u0131lanacak: Ne\u015fet Erta\u015f T\u00fcrk\u00fcleriyle Duygu Dolu Bir Gece"},"content":{"rendered":"<p>T\u00fcrk halk m\u00fczi\u011finin unutulmaz ustas\u0131, \u201cBozk\u0131r\u0131n Tezenesi\u201d Ne\u015fet Erta\u015f, Karaba\u011flar\u2019da d\u00fczenlenecek \u00f6zel bir konserle an\u0131lacak. Karaba\u011flar Atat\u00fcrk\u00e7\u00fc D\u00fc\u015f\u00fcnce Derne\u011fi taraf\u0131ndan organize edilen \u201cNe\u015fet Erta\u015f\u2019\u0131 Anma Gecesi\u201d, t\u00fcrk\u00fclerin birle\u015ftirici g\u00fcc\u00fcn\u00fc ayn\u0131 \u00e7at\u0131 alt\u0131nda bulu\u015fturacak anlaml\u0131 bir k\u00fclt\u00fcr bulu\u015fmas\u0131 olacak.<\/p>\n<p>\u015eef \u00d6\u011fr. G\u00f6r. Erdal G\u00fcral y\u00f6netiminde ger\u00e7ekle\u015fecek konserde, Ne\u015fet Erta\u015f\u2019\u0131n y\u00fcreklere dokunan eserleri koro ve solistler taraf\u0131ndan seslendirilecek. Anadolu\u2019nun \u00f6z\u00fcn\u00fc, a\u015fk\u0131n\u0131, hasretini ve insan hik\u00e2yelerini notalara d\u00f6ken t\u00fcrk\u00fcler; izleyicilere hem nostalji hem de derin bir duygu yolculu\u011fu ya\u015fatacak.<\/p>\n<p>Etkinlik, 31 Ocak 2026 Cuma ak\u015fam\u0131 saat 20.00\u2019de, Mustafa Necati K\u00fclt\u00fcr Merkezi\u2019nde (Ordu Caddesi, Esenlik Mah. No:106-110 Karaba\u011flar \/ \u0130zmir) d\u00fczenlenecek. Konser \u00fccretsiz olarak ger\u00e7ekle\u015ftirilecek.<\/p>\n<p>Bu \u00f6zel gece; sadece bir konser de\u011fil, ayn\u0131 zamanda k\u00fclt\u00fcrel haf\u0131zam\u0131za, halk m\u00fczi\u011fi gelene\u011fimize ve Ne\u015fet Erta\u015f\u2019\u0131n insan sevgisiyle yo\u011frulmu\u015f miras\u0131na bir sayg\u0131 duru\u015fu niteli\u011fi ta\u015f\u0131yor.<\/p>\n<p>\u00a0<\/p>\n<p>Kaynak: (BYZHA) Beyaz Haber Ajans\u0131<\/p>\n","protected":false},"excerpt":{"rendered":"<p>T\u00fcrk halk m\u00fczi\u011finin unutulmaz ustas\u0131, \u201cBozk\u0131r\u0131n Tezenesi\u201d Ne\u015fet Erta\u015f, Karaba\u011flar\u2019da d\u00fczenlenecek \u00f6zel bir konserle an\u0131lacak.<\/p>\n","protected":false},"author":1,"featured_media":2970,"comment_status":"open","ping_status":"open","sticky":false,"template":"","format":"standard","meta":{"footnotes":""},"categories":[1],"tags":[],"class_list":["post-2969","post","type-post","status-publish","format-standard","has-post-thumbnail","hentry","category-uncategorized"],"_links":{"self":[{"href":"https:\/\/bihavadis.com\/index.php\/wp-json\/wp\/v2\/posts\/2969","targetHints":{"allow":["GET"]}}],"collection":[{"href":"https:\/\/bihavadis.com\/index.php\/wp-json\/wp\/v2\/posts"}],"about":[{"href":"https:\/\/bihavadis.com\/index.php\/wp-json\/wp\/v2\/types\/post"}],"author":[{"embeddable":true,"href":"https:\/\/bihavadis.com\/index.php\/wp-json\/wp\/v2\/users\/1"}],"replies":[{"embeddable":true,"href":"https:\/\/bihavadis.com\/index.php\/wp-json\/wp\/v2\/comments?post=2969"}],"version-history":[{"count":1,"href":"https:\/\/bihavadis.com\/index.php\/wp-json\/wp\/v2\/posts\/2969\/revisions"}],"predecessor-version":[{"id":2971,"href":"https:\/\/bihavadis.com\/index.php\/wp-json\/wp\/v2\/posts\/2969\/revisions\/2971"}],"wp:featuredmedia":[{"embeddable":true,"href":"https:\/\/bihavadis.com\/index.php\/wp-json\/wp\/v2\/media\/2970"}],"wp:attachment":[{"href":"https:\/\/bihavadis.com\/index.php\/wp-json\/wp\/v2\/media?parent=2969"}],"wp:term":[{"taxonomy":"category","embeddable":true,"href":"https:\/\/bihavadis.com\/index.php\/wp-json\/wp\/v2\/categories?post=2969"},{"taxonomy":"post_tag","embeddable":true,"href":"https:\/\/bihavadis.com\/index.php\/wp-json\/wp\/v2\/tags?post=2969"}],"curies":[{"name":"wp","href":"https:\/\/api.w.org\/{rel}","templated":true}]}}