{"id":29690,"date":"2026-02-12T15:27:06","date_gmt":"2026-02-12T15:27:06","guid":{"rendered":"https:\/\/bihavadis.com\/?p=29690"},"modified":"2026-02-12T15:27:06","modified_gmt":"2026-02-12T15:27:06","slug":"orduda-iki-otomobil-carpistigi-kazada-2-kisi-yaralandi","status":"publish","type":"post","link":"https:\/\/bihavadis.com\/index.php\/2026\/02\/12\/orduda-iki-otomobil-carpistigi-kazada-2-kisi-yaralandi\/","title":{"rendered":"Ordu\u2019da iki otomobil \u00e7arp\u0131\u015ft\u0131\u011f\u0131 kazada 2 ki\u015fi yaraland\u0131"},"content":{"rendered":"<p>Ordu&#8217;nun Fatsa il\u00e7esinde y\u00fcrekler a\u011f\u0131za geldi.<\/p>\n<p>Ehliyetsiz s\u00fcr\u00fcc\u00fc Cemal Gen\u00e7er y\u00f6netimindeki otomobil ile Muhammed Kuru idaresindeki otomobil \u00e7arp\u0131\u015ft\u0131.<\/p>\n<p>\u00c7evredekilerin ihbar\u0131 \u00fczerine b\u00f6lgeye sa\u011fl\u0131k, polis ve itfaiye ekipleri sevk edildi.<\/p>\n<p><strong>HASTANEYE KALDIRILDILAR<\/strong><\/p>\n<p><img decoding=\"async\" src=\"https:\/\/bihavadis.com\/wp-content\/uploads\/2026\/02\/orduda-iki-otomobil-carpistigi-kazada-2-kisi-yaralandi-0-9IAh1OlG.jpg\"\/><\/p>\n<p><strong>B\u0130R\u0130N\u0130N DURUMU A\u011eIR<\/strong><\/p>\n<p>Cemal Gen\u00e7er\u2019in durumunun a\u011f\u0131r oldu\u011fu \u00f6\u011frenildi.<\/p>\n<p>Kazaya ili\u015fkin soru\u015fturma ba\u015flat\u0131ld\u0131.<\/p>\n<p><img decoding=\"async\" src=\"https:\/\/bihavadis.com\/wp-content\/uploads\/2026\/02\/orduda-iki-otomobil-carpistigi-kazada-2-kisi-yaralandi-1-741Tf82a.jpg\"\/><\/p>\n","protected":false},"excerpt":{"rendered":"<p>Fatsa il\u00e7esinde iki otomobilin \u00e7arp\u0131\u015fmas\u0131 sonucu ya\u015fanan kazada iki s\u00fcr\u00fcc\u00fc de yaralan\u0131rken s\u00fcr\u00fcc\u00fclerden birinin ehliyetinin olmad\u0131\u011f\u0131 tespit edildi.<\/p>\n","protected":false},"author":1,"featured_media":29691,"comment_status":"open","ping_status":"open","sticky":false,"template":"","format":"standard","meta":{"footnotes":""},"categories":[4,13],"tags":[],"class_list":["post-29690","post","type-post","status-publish","format-standard","has-post-thumbnail","hentry","category-gundem","category-son-dakika"],"_links":{"self":[{"href":"https:\/\/bihavadis.com\/index.php\/wp-json\/wp\/v2\/posts\/29690","targetHints":{"allow":["GET"]}}],"collection":[{"href":"https:\/\/bihavadis.com\/index.php\/wp-json\/wp\/v2\/posts"}],"about":[{"href":"https:\/\/bihavadis.com\/index.php\/wp-json\/wp\/v2\/types\/post"}],"author":[{"embeddable":true,"href":"https:\/\/bihavadis.com\/index.php\/wp-json\/wp\/v2\/users\/1"}],"replies":[{"embeddable":true,"href":"https:\/\/bihavadis.com\/index.php\/wp-json\/wp\/v2\/comments?post=29690"}],"version-history":[{"count":1,"href":"https:\/\/bihavadis.com\/index.php\/wp-json\/wp\/v2\/posts\/29690\/revisions"}],"predecessor-version":[{"id":29694,"href":"https:\/\/bihavadis.com\/index.php\/wp-json\/wp\/v2\/posts\/29690\/revisions\/29694"}],"wp:featuredmedia":[{"embeddable":true,"href":"https:\/\/bihavadis.com\/index.php\/wp-json\/wp\/v2\/media\/29691"}],"wp:attachment":[{"href":"https:\/\/bihavadis.com\/index.php\/wp-json\/wp\/v2\/media?parent=29690"}],"wp:term":[{"taxonomy":"category","embeddable":true,"href":"https:\/\/bihavadis.com\/index.php\/wp-json\/wp\/v2\/categories?post=29690"},{"taxonomy":"post_tag","embeddable":true,"href":"https:\/\/bihavadis.com\/index.php\/wp-json\/wp\/v2\/tags?post=29690"}],"curies":[{"name":"wp","href":"https:\/\/api.w.org\/{rel}","templated":true}]}}