{"id":29824,"date":"2026-02-12T17:15:08","date_gmt":"2026-02-12T17:15:08","guid":{"rendered":"https:\/\/bihavadis.com\/?p=29824"},"modified":"2026-02-12T17:15:08","modified_gmt":"2026-02-12T17:15:08","slug":"baris-manco-kerkukte-anildi","status":"publish","type":"post","link":"https:\/\/bihavadis.com\/index.php\/2026\/02\/12\/baris-manco-kerkukte-anildi\/","title":{"rendered":"Bar\u0131\u015f Man\u00e7o, Kerk\u00fck&#8217;te An\u0131ld\u0131"},"content":{"rendered":"<p>Irak&#8217;\u0131n Kerk\u00fck kentinde, Anadolu rock m\u00fczi\u011finin usta ismi \u015fark\u0131c\u0131, besteci ve s\u00f6z yazar\u0131 Bar\u0131\u015f Man\u00e7o, vefat\u0131n\u0131n 27. y\u0131l\u0131nda an\u0131ld\u0131.<\/p>\n<p>Anma merasimi B\u00fcy\u00fck Pazar \u00e7ar\u015f\u0131s\u0131nda bulunan tarihi Kayseri kapal\u0131 \u00e7ar\u015f\u0131daki Bar\u0131\u015f Man\u00e7o Kafesi&#8217;nde yap\u0131ld\u0131.<\/p>\n<p>Sanat\u00e7\u0131n\u0131n vefat\u0131n\u0131n seneyi devriyesine kat\u0131lan sanat\u00e7\u0131n\u0131n Kerk\u00fckl\u00fc hayranlar\u0131 kapal\u0131 \u00e7ar\u015f\u0131ya konulan Man\u00e7o&#8217;nun b\u00fcy\u00fck posteri \u00f6n\u00fcne \u00e7i\u00e7ek ve karanfiller b\u0131rakt\u0131.<\/p>\n<p>Kafe sahibi Huti A\u011fa, AA muhabirine yapt\u0131\u011f\u0131 a\u00e7\u0131klamada, \u015fark\u0131lar\u0131yla b\u00fcy\u00fcd\u00fc\u011f\u00fc ve T\u00fcrk d\u00fcnyas\u0131 kadar Irak T\u00fcrkmenlerinin de hayran\u0131 oldu\u011fu sanat\u00e7\u0131 Man\u00e7o i\u00e7in anma merasimi d\u00fczenlediklerini s\u00f6yledi.<\/p>\n<p>Vefat\u0131n\u0131n \u00fczerinden 27 y\u0131l ge\u00e7mesine ra\u011fmen Man\u00e7o&#8217;nun hala insanlar\u0131n kalbinde ya\u015fad\u0131\u011f\u0131n\u0131 aktaran A\u011fa, bug\u00fcn anma merasimine onlarca Man\u00e7o hayran\u0131n\u0131n kat\u0131ld\u0131\u011f\u0131n\u0131 bildirdi.<\/p>\n<p>A\u011fa, bir Bar\u0131\u015f Man\u00e7o hayran\u0131 olarak s\u0131rf eserleri ve \u015fark\u0131lar\u0131n\u0131 ya\u015fatmak i\u00e7in yakla\u015f\u0131k 3 y\u0131l \u00f6nce Kayseri kapal\u0131 \u00e7ar\u015f\u0131s\u0131nda Bar\u0131\u015f Man\u00e7o ad\u0131n\u0131 ta\u015f\u0131yan bir kafe a\u00e7t\u0131\u011f\u0131n\u0131 ifade etti.<\/p>\n<p>Man\u00e7o&#8217;nun \u015fark\u0131lar\u0131n\u0131n T\u00fcrkiye s\u0131n\u0131rlar\u0131n\u0131 a\u015ft\u0131\u011f\u0131n\u0131 aktaran Salihi, \u015fark\u0131 ve s\u00f6zlerinin 7&#8217;den 70&#8217;e insanlar\u0131 etkiledi\u011fini bildirdi.<\/p>\n<p>Avrupa&#8217;da ya\u015fayan ve Kerk\u00fck&#8217;e aile ziyareti i\u00e7in gelen Cihat Fevzi, Man\u00e7o&#8217;nun kendisi i\u00e7in bir sanat idolu oldu\u011funu s\u00f6yledi.<\/p>\n<p>Bir Kerk\u00fck T\u00fcrkmeni olarak gen\u00e7li\u011finde hep Man\u00e7o&#8217;nun \u015fark\u0131lar\u0131n\u0131 dinledi\u011fini bildiren Fevzi, vefat\u0131n\u0131n \u00fczerinden 27 y\u0131l ge\u00e7mesine ra\u011fmen hala onun vefat\u0131n\u0131n \u00fcz\u00fcnt\u00fcs\u00fcn\u00fc ya\u015fad\u0131klar\u0131n\u0131 aktard\u0131.<\/p>\n<p>\u0130stanbul&#8217;da ya\u015fad\u0131\u011f\u0131 i\u00e7in zaman zaman Man\u00e7o&#8217;nun mezar\u0131 ve m\u00fczesini ziyaret etti\u011fini belirten Ziya Bulaval\u0131 ise Man\u00e7o&#8217;nun \u015fark\u0131lar\u0131 ve besteleriyle kendilerine vatanseverli\u011fini a\u015f\u0131lad\u0131\u011f\u0131n\u0131 s\u00f6yledi.<\/p>\n","protected":false},"excerpt":{"rendered":"<p>Kerk\u00fck&#8217;te Bar\u0131\u015f Man\u00e7o, vefat\u0131n\u0131n 27. y\u0131l\u0131nda anma merasimiyle yad edildi.<\/p>\n","protected":false},"author":1,"featured_media":29825,"comment_status":"open","ping_status":"open","sticky":false,"template":"","format":"standard","meta":{"footnotes":""},"categories":[9,4,13],"tags":[2812,2811,4644],"class_list":["post-29824","post","type-post","status-publish","format-standard","has-post-thumbnail","hentry","category-genel","category-gundem","category-son-dakika","tag-manco","tag-sarki","tag-vefatinin"],"_links":{"self":[{"href":"https:\/\/bihavadis.com\/index.php\/wp-json\/wp\/v2\/posts\/29824","targetHints":{"allow":["GET"]}}],"collection":[{"href":"https:\/\/bihavadis.com\/index.php\/wp-json\/wp\/v2\/posts"}],"about":[{"href":"https:\/\/bihavadis.com\/index.php\/wp-json\/wp\/v2\/types\/post"}],"author":[{"embeddable":true,"href":"https:\/\/bihavadis.com\/index.php\/wp-json\/wp\/v2\/users\/1"}],"replies":[{"embeddable":true,"href":"https:\/\/bihavadis.com\/index.php\/wp-json\/wp\/v2\/comments?post=29824"}],"version-history":[{"count":1,"href":"https:\/\/bihavadis.com\/index.php\/wp-json\/wp\/v2\/posts\/29824\/revisions"}],"predecessor-version":[{"id":29826,"href":"https:\/\/bihavadis.com\/index.php\/wp-json\/wp\/v2\/posts\/29824\/revisions\/29826"}],"wp:featuredmedia":[{"embeddable":true,"href":"https:\/\/bihavadis.com\/index.php\/wp-json\/wp\/v2\/media\/29825"}],"wp:attachment":[{"href":"https:\/\/bihavadis.com\/index.php\/wp-json\/wp\/v2\/media?parent=29824"}],"wp:term":[{"taxonomy":"category","embeddable":true,"href":"https:\/\/bihavadis.com\/index.php\/wp-json\/wp\/v2\/categories?post=29824"},{"taxonomy":"post_tag","embeddable":true,"href":"https:\/\/bihavadis.com\/index.php\/wp-json\/wp\/v2\/tags?post=29824"}],"curies":[{"name":"wp","href":"https:\/\/api.w.org\/{rel}","templated":true}]}}