{"id":29842,"date":"2026-02-12T17:30:06","date_gmt":"2026-02-12T17:30:06","guid":{"rendered":"https:\/\/bihavadis.com\/?p=29842"},"modified":"2026-02-12T17:30:06","modified_gmt":"2026-02-12T17:30:06","slug":"edremitin-gururu-ecrin-yanittan-bir-turkiye-sampiyonlugu-daha","status":"publish","type":"post","link":"https:\/\/bihavadis.com\/index.php\/2026\/02\/12\/edremitin-gururu-ecrin-yanittan-bir-turkiye-sampiyonlugu-daha\/","title":{"rendered":"Edremit&#8217;in gururu Ecrin Yan\u0131t&#8217;tan bir T\u00fcrkiye \u015eampiyonlu\u011fu daha"},"content":{"rendered":"<p>Gen\u00e7 ya\u015f\u0131na ra\u011fmen ulusal ve uluslararas\u0131 arenada elde etti\u011fi \u015fampiyonluklarla ad\u0131ndan s\u00f6z ettiren, 6 T\u00fcrkiye \u015eampiyonlu\u011fu, 1 Avrupa \u015eampiyonlu\u011fu ve D\u00fcnya Ba\u015fkanl\u0131k Kupas\u0131 \u015eampiyonlu\u011fu ba\u015fta olmak \u00fczere bir\u00e7ok \u00f6nemli dereceye imza atan Edremit\u2019in gururu milli sporcu Ecrin Yan\u0131t, ba\u015far\u0131lar\u0131na bir yenisini daha ekledi.<\/p>\n<p>Edremit\u2019in ba\u015far\u0131l\u0131 milli sporcusu Ecrin Yan\u0131t, elde etti\u011fi derecelere bir yenisini daha ekleyerek T\u00fcrkiye \u015eampiyonu oldu. Gen\u00e7 ya\u015f\u0131na ra\u011fmen \u00f6nemli ba\u015far\u0131lara imza atan Yan\u0131t, Ankara\u2019da d\u00fczenlenen T\u00fcrkiye Taekwondo Poomsae \u015eampiyonas\u0131\u2019nda birincilik k\u00fcrs\u00fcs\u00fcne \u00e7\u0131karak Edremit\u2019in gururu oldu.<\/p>\n<p>6-8 \u015eubat tarihleri aras\u0131nda Ankara\u2019da ger\u00e7ekle\u015ftirilen \u201cT\u00fcrkiye Taekwondo Poomsae \u015eampiyonas\u0131\u201dnda m\u00fccadele eden Edremit Belediyesi Taekwondo Spor Kul\u00fcb\u00fc Milli Sporcusu Ecrin Yan\u0131t, 12-17 Ya\u015f Serbest Stil Bayanlar Ferdi Kategorisi\u2019nde T\u00fcrkiye \u015eampiyonu olarak alt\u0131n madalyan\u0131n sahibi oldu.<\/p>\n<p>Ba\u015far\u0131larla dolu spor kariyerinde; 6 T\u00fcrkiye \u015eampiyonlu\u011fu, 2 T\u00fcrkiye \u0130kincili\u011fi, 1 T\u00fcrkiye \u00dc\u00e7\u00fcnc\u00fcl\u00fc\u011f\u00fc, 1 Avrupa \u015eampiyonlu\u011fu, D\u00fcnya Ba\u015fkanl\u0131k Kupas\u0131 \u015eampiyonlu\u011fu, 3 Avrupa \u00dc\u00e7\u00fcnc\u00fcl\u00fc\u011f\u00fc ve 4 T\u00fcrkiye Uluslararas\u0131 Open \u015eampiyonlu\u011fu bulunan gen\u00e7 sporcu, istikrarl\u0131 performans\u0131yla dikkat \u00e7ekiyor.<\/p>\n<p>T\u00fcrkiye \u015eampiyonlu\u011fu\u2019nun ard\u0131ndan Edremit Belediye Ba\u015fkan\u0131 Mehmet Erta\u015f\u2019\u0131 ziyaret eden Ecrin Yan\u0131t, kazand\u0131\u011f\u0131 \u015fampiyonluk madalyas\u0131n\u0131 Ba\u015fkan Erta\u015f\u2019a takdim etti. Gen\u00e7 sporcuyu tebrik eden Ba\u015fkan Erta\u015f, \u201cGen\u00e7 ya\u015fta ard\u0131 ard\u0131na ald\u0131\u011f\u0131 madalyalarla g\u00f6\u011fs\u00fcm\u00fcz\u00fc kabartan milli sporcumuz Ecrin\u2019i y\u00fcrekten kutluyor, ba\u015far\u0131lar\u0131n\u0131n devam\u0131n\u0131 diliyorum\u201d ifadelerini kulland\u0131.<\/p>\n<p>\u00a0<\/p>\n<p>Kaynak: (BYZHA) Beyaz Haber Ajans\u0131<\/p>\n","protected":false},"excerpt":{"rendered":"<p>Gen\u00e7 ya\u015f\u0131na ra\u011fmen ulusal ve uluslararas\u0131 arenada elde etti\u011fi \u015fampiyonluklarla ad\u0131ndan s\u00f6z ettiren, 6 T\u00fcrkiye \u015eampiyonlu\u011fu, 1 Avrupa \u015eampiyonlu\u011fu ve D\u00fcnya Ba\u015fkanl\u0131k Kupas\u0131 \u015eampiyonlu\u011fu ba\u015fta olmak \u00fczere bir\u00e7ok \u00f6nemli dereceye imza atan Edremit\u2019in gururu milli sporcu Ecrin Yan\u0131t, ba\u015far\u0131lar\u0131na bir yenisini daha ekledi.<\/p>\n","protected":false},"author":1,"featured_media":29843,"comment_status":"open","ping_status":"open","sticky":false,"template":"","format":"standard","meta":{"footnotes":""},"categories":[14],"tags":[516,4645,1288,197,4646],"class_list":["post-29842","post","type-post","status-publish","format-standard","has-post-thumbnail","hentry","category-spor","tag-baskan","tag-sampiyonlugu","tag-sporcu","tag-turkiye","tag-yanit"],"_links":{"self":[{"href":"https:\/\/bihavadis.com\/index.php\/wp-json\/wp\/v2\/posts\/29842","targetHints":{"allow":["GET"]}}],"collection":[{"href":"https:\/\/bihavadis.com\/index.php\/wp-json\/wp\/v2\/posts"}],"about":[{"href":"https:\/\/bihavadis.com\/index.php\/wp-json\/wp\/v2\/types\/post"}],"author":[{"embeddable":true,"href":"https:\/\/bihavadis.com\/index.php\/wp-json\/wp\/v2\/users\/1"}],"replies":[{"embeddable":true,"href":"https:\/\/bihavadis.com\/index.php\/wp-json\/wp\/v2\/comments?post=29842"}],"version-history":[{"count":1,"href":"https:\/\/bihavadis.com\/index.php\/wp-json\/wp\/v2\/posts\/29842\/revisions"}],"predecessor-version":[{"id":29844,"href":"https:\/\/bihavadis.com\/index.php\/wp-json\/wp\/v2\/posts\/29842\/revisions\/29844"}],"wp:featuredmedia":[{"embeddable":true,"href":"https:\/\/bihavadis.com\/index.php\/wp-json\/wp\/v2\/media\/29843"}],"wp:attachment":[{"href":"https:\/\/bihavadis.com\/index.php\/wp-json\/wp\/v2\/media?parent=29842"}],"wp:term":[{"taxonomy":"category","embeddable":true,"href":"https:\/\/bihavadis.com\/index.php\/wp-json\/wp\/v2\/categories?post=29842"},{"taxonomy":"post_tag","embeddable":true,"href":"https:\/\/bihavadis.com\/index.php\/wp-json\/wp\/v2\/tags?post=29842"}],"curies":[{"name":"wp","href":"https:\/\/api.w.org\/{rel}","templated":true}]}}