{"id":29855,"date":"2026-02-12T17:42:05","date_gmt":"2026-02-12T17:42:05","guid":{"rendered":"https:\/\/bihavadis.com\/?p=29855"},"modified":"2026-02-12T17:42:05","modified_gmt":"2026-02-12T17:42:05","slug":"mesut-ozarslan-canli-yayinda-chpyi-bombaladi-hangi-hakla-anama-sovuyorsun","status":"publish","type":"post","link":"https:\/\/bihavadis.com\/index.php\/2026\/02\/12\/mesut-ozarslan-canli-yayinda-chpyi-bombaladi-hangi-hakla-anama-sovuyorsun\/","title":{"rendered":"Mesut \u00d6zarslan canl\u0131 yay\u0131nda CHP&#8217;yi bombalad\u0131: Hangi hakla anama s\u00f6v\u00fcyorsun?"},"content":{"rendered":"<p>Ke\u00e7i\u00f6ren Belediye Ba\u015fkan\u0131 Mesut \u00d6zarslan, CHP\u2019den istifa etti\u011fini duyurdu.<\/p>\n<p>\u00d6zarslan mesaj\u0131nda, CHP Genel Ba\u015fkan\u0131 \u00d6zg\u00fcr \u00d6zel&#8217;den kendisine hakaret i\u00e7erikli mesajlar geldi\u011fini bunun istifa karar\u0131n\u0131 almas\u0131nda etkili oldu\u011funu belirtti.<\/p>\n<p>A\u00e7\u0131klamas\u0131ndan bir s\u00fcre sonra CNN T\u00dcRK canl\u0131 yay\u0131n\u0131na ba\u011flanan Ke\u00e7i\u00f6ren Belediye Ba\u015fkan\u0131 Mesut \u00d6zarslan, ya\u015fananlara ili\u015fkin burada gazetecilerin sorular\u0131n\u0131 yan\u0131tlad\u0131.<\/p>\n<p><strong>&#8220;KE\u00c7\u0130\u00d6REN&#8217;DEK\u0130 KENTSEL D\u00d6N\u00dc\u015e\u00dcM SORUNLARI \u0130\u00c7\u0130N MURAT KURUM&#8217;A G\u0130TT\u0130K&#8221;<\/strong><\/p>\n<p>\u00d6zarslan, istifa s\u00fcrecine ili\u015fkin \u015fu a\u00e7\u0131klamalarda bulundu:<\/p>\n<p>Halka hizmet, hakka hizmet anlay\u0131\u015f\u0131yla Ke\u00e7i\u00f6ren\u2019e hizmet ediyoruz. \u0130l\u00e7emizin kentsel d\u00f6n\u00fc\u015f\u00fcm, heyelan ve \u00e7evreyle ilgili ciddi sorunlar\u0131 var. Y\u0131llard\u0131r bu alanlarda yeterli akademik \u00e7al\u0131\u015fma yap\u0131lmad\u0131\u011f\u0131 i\u00e7in biz bu konulara el atmak istedik. Okul arkada\u015f\u0131m ve ayn\u0131 zamanda TOK\u0130\u2019den mesai arkada\u015f\u0131m olan bir isimle birlikte bu sorunlar\u0131 g\u00f6r\u00fc\u015fmek \u00fczere Bakan Murat Kurum\u2019un yan\u0131na gittik.<\/p>\n<p>Say\u0131n Kurum son derece ba\u015far\u0131l\u0131, \u00e7al\u0131\u015fkan ve d\u00fcr\u00fcst bir bakand\u0131r. Kendisiyle onur ve gurur duyuyoruz. Parti g\u00f6zetmeden yard\u0131m eden bir yap\u0131s\u0131 var. Ke\u00e7i\u00f6ren\u2019deki kentsel d\u00f6n\u00fc\u015f\u00fcm sorunlar\u0131n\u0131 kendisiyle konu\u015ftuk. Bizi TOK\u0130 Ba\u015fkanl\u0131\u011f\u0131na, \u0130ller Bankas\u0131na ve ilgili birimlere y\u00f6nlendirdi. S\u00fcre\u00e7 ba\u015far\u0131ya do\u011fru ilerliyordu, ciddi \u00e7al\u0131\u015fmalar\u0131n i\u00e7ine girmi\u015ftik.<\/p>\n<p><strong>&#8220;SEN NEDEN G\u0130D\u0130P G\u00d6R\u00dc\u015e\u00dcYORSUN?&#8221;<\/strong><\/p>\n<p>Ben muhafazak\u00e2r ve \u00fclk\u00fcc\u00fc bir insan\u0131m. Mansur Ba\u015fkan\u2019la birlikte CHP\u2019ye geldik ve burada da ba\u015far\u0131ya imza att\u0131k. Ancak \u00fclke sevdal\u0131s\u0131 insanlar olarak CHP i\u00e7erisindeki baz\u0131 klikler ve sorunlu ki\u015filer taraf\u0131ndan hedef al\u0131nd\u0131k. Kendi gelecekleri a\u00e7\u0131s\u0131ndan bizi bir engel olarak g\u00f6rd\u00fcler ve s\u00fcrekli sald\u0131r\u0131ya u\u011frad\u0131k.<\/p>\n<p>Anlam veremedi\u011fimiz \u015fekilde, \u2018Neden gidip g\u00f6r\u00fc\u015f\u00fcyorsun, AK Parti\u2019ye mi ge\u00e7iyorsun?\u2019 gibi s\u00f6ylemlerle kar\u015f\u0131la\u015ft\u0131k. Biz de bunun partizanl\u0131k konusu olmad\u0131\u011f\u0131n\u0131, Ke\u00e7i\u00f6ren halk\u0131n\u0131n bizden bunu bekledi\u011fini s\u00f6yledik. Ne h\u00fck\u00fcmete, ne Cumhurba\u015fkan\u0131na ne de Say\u0131n Kurum\u2019a y\u00f6nelik k\u00f6t\u00fc bir a\u00e7\u0131klama yapmam m\u00fcmk\u00fcn. Biz devlet k\u00fclt\u00fcr\u00fcyle yeti\u015fmi\u015f, \u00fclk\u00fcc\u00fc, milliyet\u00e7i ve muhafazak\u00e2r insanlar\u0131z. Bizim davam\u0131z insanl\u0131k davas\u0131d\u0131r, ba\u015fka bir \u015fey bilmeyiz.<\/p>\n<p>Ancak nedense bu duru\u015fumuzdan rahats\u0131z olanlar \u00e7\u0131kt\u0131. \u2018AK Parti\u2019ye ge\u00e7eceksin, MHP\u2019ye ge\u00e7eceksin\u2019 gibi ithamlarda bulundular. B\u00f6yle bir \u015feyin olmad\u0131\u011f\u0131n\u0131 ve bu tart\u0131\u015fmalar\u0131n Ke\u00e7i\u00f6ren\u2019de y\u00fcr\u00fctt\u00fc\u011f\u00fcm\u00fcz \u00e7al\u0131\u015fmalara zarar verdi\u011fini s\u00f6ylememe ra\u011fmen \u00fczerime gelinmeye devam edildi. Sosyal medyada ve haberlerde yo\u011fun bir bask\u0131 alt\u0131na al\u0131nd\u0131m.<\/p>\n<p><img decoding=\"async\" src=\"https:\/\/bihavadis.com\/wp-content\/uploads\/2026\/02\/mesut-ozarslan-canli-yayinda-chpyi-bombaladi-hangi-hakla-anama-sovuyorsun-0-PU9w7AI5.jpg\"\/><\/p>\n<p><strong>&#8220;SOSYAL MEDYADA DOLA\u015eAN \u0130DD\u0130ALARA CEVAP VERMEM\u0130 \u0130STED\u0130&#8221;<\/strong><\/p>\n<p>Son olarak Genel Ba\u015fkan\u0131m beni telefonla arad\u0131 ve \u2018Mesut ge\u00e7me, yapma. Ne istediysem dikkate ald\u0131m, elimden geleni yapt\u0131m\u2019 dedi. Ben de kendisine, Ke\u00e7i\u00f6ren\u2019e ili\u015fkin yapt\u0131\u011f\u0131m \u00e7al\u0131\u015fmalarla ilgili a\u00e7\u0131klamalar\u0131m\u0131n neden hedef al\u0131nd\u0131\u011f\u0131n\u0131 sordum ve bu konularda g\u00fcvenimi yeniden tesis edecek a\u00e7\u0131klamalar yap\u0131lmas\u0131n\u0131 istedim. Ard\u0131ndan bana bir mesaj att\u0131. Mesajda, sosyal medyada dola\u015fan iddialara cevap vermemi istedi. Ancak bunlar\u0131 yalanlamas\u0131 m\u00fcmk\u00fcn de\u011fil. O mesaj h\u00e2l\u00e2 duruyor ve kay\u0131tl\u0131.<\/p>\n<p>Mesaj\u0131nda bana hitaben, \u2018Ba\u015fkan\u0131m, \u015funlar\u0131 mahcup edecek, inanc\u0131m\u0131 yenileyecek bir \u015feyler yap\u2019 ifadelerini kulland\u0131.<\/p>\n<p><strong>&#8220;SEN HANG\u0130 HAKLA BEN\u0130M ANAMA S\u00d6V\u00dcYORSUN?&#8221;<\/strong><\/p>\n<p>Ertesi g\u00fcn medya ve televizyonlarda yine yo\u011fun bir \u015fekilde hedef g\u00f6sterildim. \u2018Herhalde bu ge\u00e7er\u2019 diye d\u00fc\u015f\u00fcnd\u00fcm ancak maalesef \u00e7ok \u00fcz\u00fcc\u00fc bir durum ya\u015fand\u0131. Ben CHP\u2019nin bir belediye ba\u015fkan\u0131yken, saat 23.59\u2019da ba\u015flayan ve 00.06\u2019ya kadar devam eden mesajlar ald\u0131m. \u00dcst \u00fcste, a\u011fza al\u0131nmayacak hakaretler i\u00e7eren mesajlard\u0131. B\u00f6yle bir \u00fcslubu, b\u00f6yle bir irade d\u0131\u015f\u0131 mesajla\u015fmay\u0131 daha \u00f6nce g\u00f6rmedim.<\/p>\n<p>Kos koca CHP\u2019nin genel ba\u015fkan\u0131n\u0131n, Atat\u00fcrk\u2019\u00fcn kurdu\u011fu bir partinin liderinin bu seviyede mesajlar atmas\u0131 asla kabul edilemez. Buradan a\u00e7\u0131k\u00e7a sesleniyorum: Ey \u00d6zg\u00fcr \u00d6zel, hangi hakla benim anam\u0131, rahmetli hac\u0131 babam\u0131 i\u015fin i\u00e7ine katarak, bana \u2018p.\u00e7\u2019 su\u00e7lamas\u0131yla bu mesajlar\u0131 at\u0131yorsun? Senin ne insanl\u0131\u011f\u0131n var, ne CHP\u2019lili\u011fin var, ne adaml\u0131\u011f\u0131n var, ne ahlak\u0131n var. E\u011fer sende \u015feref ve namus varsa, partinin ba\u015f\u0131ndan istifa edersin.<\/p>\n<p>B\u00fct\u00fcn samimiyetimle s\u00f6yl\u00fcyorum, \u00e7\u0131ks\u0131n ve yalanlas\u0131n. \u0130spat etmeyen onursuzdur, \u015ferefsizdir. Neden a\u00e7\u0131klama yapam\u0131yor? Cesareti nerede? Meydanlarda ba\u011f\u0131rmakla olmuyor bu i\u015fler. Kom\u00fcnist olacaksa da Naz\u0131m Hikmet\u2019lerle, Sabahattin Ali\u2019lerle bu \u00fclkenin ger\u00e7ek kom\u00fcnistleriyle yaps\u0131n. Che Guevara\u2019larla, Lenin\u2019lerle bu \u00fclkeye yabanc\u0131 bir kom\u00fcnistlik yapmas\u0131n.<\/p>\n<p><img decoding=\"async\" src=\"https:\/\/bihavadis.com\/wp-content\/uploads\/2026\/02\/mesut-ozarslan-canli-yayinda-chpyi-bombaladi-hangi-hakla-anama-sovuyorsun-1-vYvnGuqE.jpg\"\/><\/p>\n","protected":false},"excerpt":{"rendered":"<p>CHP&#8217;den istifa etti\u011fini duyuran Ke\u00e7i\u00f6ren Belediye Ba\u015fkan\u0131 Mesut \u00d6zarslan, CHP Genel Ba\u015fkan\u0131 \u00d6zg\u00fcr \u00d6zel&#8217;in kendisine y\u00f6nelik hakaret ve k\u00fcf\u00fcrlerinin i\u00e7eriklerini anlatarak, &#8220;Sen hangi hakla benim anama s\u00f6v\u00fcyorsun&#8221; dedi.<\/p>\n","protected":false},"author":1,"featured_media":29856,"comment_status":"open","ping_status":"open","sticky":false,"template":"","format":"standard","meta":{"footnotes":""},"categories":[9,13],"tags":[986,1637,4614,294,563],"class_list":["post-29855","post","type-post","status-publish","format-standard","has-post-thumbnail","hentry","category-genel","category-son-dakika","tag-baskani","tag-chp","tag-kecioren","tag-mesaj","tag-parti"],"_links":{"self":[{"href":"https:\/\/bihavadis.com\/index.php\/wp-json\/wp\/v2\/posts\/29855","targetHints":{"allow":["GET"]}}],"collection":[{"href":"https:\/\/bihavadis.com\/index.php\/wp-json\/wp\/v2\/posts"}],"about":[{"href":"https:\/\/bihavadis.com\/index.php\/wp-json\/wp\/v2\/types\/post"}],"author":[{"embeddable":true,"href":"https:\/\/bihavadis.com\/index.php\/wp-json\/wp\/v2\/users\/1"}],"replies":[{"embeddable":true,"href":"https:\/\/bihavadis.com\/index.php\/wp-json\/wp\/v2\/comments?post=29855"}],"version-history":[{"count":1,"href":"https:\/\/bihavadis.com\/index.php\/wp-json\/wp\/v2\/posts\/29855\/revisions"}],"predecessor-version":[{"id":29859,"href":"https:\/\/bihavadis.com\/index.php\/wp-json\/wp\/v2\/posts\/29855\/revisions\/29859"}],"wp:featuredmedia":[{"embeddable":true,"href":"https:\/\/bihavadis.com\/index.php\/wp-json\/wp\/v2\/media\/29856"}],"wp:attachment":[{"href":"https:\/\/bihavadis.com\/index.php\/wp-json\/wp\/v2\/media?parent=29855"}],"wp:term":[{"taxonomy":"category","embeddable":true,"href":"https:\/\/bihavadis.com\/index.php\/wp-json\/wp\/v2\/categories?post=29855"},{"taxonomy":"post_tag","embeddable":true,"href":"https:\/\/bihavadis.com\/index.php\/wp-json\/wp\/v2\/tags?post=29855"}],"curies":[{"name":"wp","href":"https:\/\/api.w.org\/{rel}","templated":true}]}}