{"id":29872,"date":"2026-02-12T17:54:07","date_gmt":"2026-02-12T17:54:07","guid":{"rendered":"https:\/\/bihavadis.com\/?p=29872"},"modified":"2026-02-12T17:54:07","modified_gmt":"2026-02-12T17:54:07","slug":"armagan-caglayandan-kutsal-mekanlara-saygi-cagrisi","status":"publish","type":"post","link":"https:\/\/bihavadis.com\/index.php\/2026\/02\/12\/armagan-caglayandan-kutsal-mekanlara-saygi-cagrisi\/","title":{"rendered":"Arma\u011fan \u00c7a\u011flayan&#8217;dan kutsal mekanlara sayg\u0131 \u00e7a\u011fr\u0131s\u0131"},"content":{"rendered":"<p>\u00dcnl\u00fc televizyoncu ve yap\u0131mc\u0131 Arma\u011fan \u00c7a\u011flayan, kutsal mek\u00e2nlarda uyulmas\u0131 gereken kurallara ili\u015fkin yapt\u0131\u011f\u0131 a\u00e7\u0131klamayla kamuoyunda yeni bir tart\u0131\u015fman\u0131n kap\u0131s\u0131n\u0131 aralad\u0131. farkl\u0131 inan\u00e7lara sahip olunabilece\u011fini ancak girilen kutsal alanlar\u0131n kurallar\u0131na sayg\u0131 g\u00f6sterilmesi gerekti\u011fini ifade eden \u00c7a\u011flayan camiye ba\u015f\u0131 a\u00e7\u0131k girilmemesi gerekti\u011fini s\u00f6yledi. <\/p>\n<p><b>&#8220;YEN\u0130 B\u0130R TARTI\u015eMANIN F\u0130T\u0130L\u0130N\u0130 ATE\u015eLEMEK \u0130STEMEM&#8221;<\/b><\/p>\n<p>Payla\u015f\u0131m\u0131na temkinli bir ifadeyle ba\u015flayan \u00c7a\u011flayan, uzun s\u00fcredir kendisini rahats\u0131z eden bir konuyu dile getirmek istedi\u011fini belirtti. A\u00e7\u0131klamas\u0131nda, tart\u0131\u015fma yaratma niyetinde olmad\u0131\u011f\u0131n\u0131 \u00f6zellikle vurgulayan \u00c7a\u011flayan herhangi bir kutsal mekana girilirken o dinin gereklerinin yerine getirilmesi gerekti\u011fini vurgulad\u0131. Bu durumun ki\u015fisel inan\u00e7lardan ba\u011f\u0131ms\u0131z oldu\u011funu belirten \u00c7a\u011flayan, kutsal mek\u00e2nlar\u0131n ortak bir sayg\u0131 alan\u0131 oldu\u011funu ifade etti.<\/p>\n<p><b>CAM\u0130\u0130YE BA\u015eI A\u00c7IK G\u0130R\u0130LMEMEL\u0130 <\/b><\/p>\n<p>Yurt d\u0131\u015f\u0131nda kiliselere \u015fapka ile girilememesini \u00f6rnek g\u00f6steren \u00c7a\u011flayan, camii avlusuna girerken de benzer bir hassasiyet g\u00f6sterilmesi gerekti\u011fini dile getirdi. \u00c7a\u011flayan, &#8220;Nas\u0131l ki yurtd\u0131\u015f\u0131nda kiliselere kafan\u0131zda \u015fapkayla girilemiyorsa, camii avlusunda da ba\u015f\u0131 a\u00e7\u0131k olmuyor bence&#8221;diyerek bu yakla\u015f\u0131m\u0131n evrensel bir sayg\u0131 kural\u0131 oldu\u011funu belirtti.<\/p>\n<p>A\u00e7\u0131klamas\u0131nda farkl\u0131 inan\u00e7lara sahip olunabilece\u011fini kabul eden \u00c7a\u011flayan, buna ra\u011fmen kutsal mek\u00e2nlardaki di\u011fer inananlar\u0131n rahats\u0131z edilmemesi gerekti\u011fini savundu. &#8220;\u0130\u00e7ine girdi\u011fimiz kutsal mek\u00e2ndaki di\u011fer inananlar\u0131 rahats\u0131z etmeye kimsenin hakk\u0131 yok&#8221; ifadelerini kulland\u0131.<\/p>\n<p><b>SOSYAL MEDYADA GEN\u0130\u015e YANKI BULDU <\/b><\/p>\n<p>\u00c7a\u011flayan&#8217;\u0131n a\u00e7\u0131klamalar\u0131 k\u0131sa s\u00fcrede sosyal medyada g\u00fcndem olurken, baz\u0131 kullan\u0131c\u0131lar s\u00f6zleri sayg\u0131 \u00e7a\u011fr\u0131s\u0131 olarak de\u011ferlendirirken, baz\u0131lar\u0131 ise ele\u015ftirel yorumlarda bulundu. Tart\u0131\u015fma, kutsal mek\u00e2nlarda bireysel \u00f6zg\u00fcrl\u00fckler ile toplumsal hassasiyetler aras\u0131ndaki dengeyi yeniden g\u00fcndeme ta\u015f\u0131d\u0131.<\/p>\n","protected":false},"excerpt":{"rendered":"<p>Televizyoncu ve yap\u0131mc\u0131 Arma\u011fan \u00c7a\u011flayan, kutsal mek\u00e2nlarda uyulmas\u0131 gereken kurallara ili\u015fkin yapt\u0131\u011f\u0131 a\u00e7\u0131klamayla sosyal medyada geni\u015f yank\u0131 uyand\u0131rd\u0131. Farkl\u0131 inan\u00e7lara sahip olunabilece\u011fini vurgulayan \u00c7a\u011flayan, buna ra\u011fmen girilen kutsal alanlar\u0131n kendi kurallar\u0131na sayg\u0131 g\u00f6sterilmesi gerekti\u011fini belirtti ve &#8220;Nas\u0131l ki yurtd\u0131\u015f\u0131nda kiliselere kafan\u0131zda \u015fapkayla girilemiyorsa, camii avlusunda da ba\u015f\u0131 a\u00e7\u0131k olmuyor.&#8221; dedi.<\/p>\n","protected":false},"author":1,"featured_media":29873,"comment_status":"open","ping_status":"open","sticky":false,"template":"","format":"standard","meta":{"footnotes":""},"categories":[6],"tags":[2177,376,4649],"class_list":["post-29872","post","type-post","status-publish","format-standard","has-post-thumbnail","hentry","category-dunya","tag-caglayan","tag-gerektigini","tag-kutsal"],"_links":{"self":[{"href":"https:\/\/bihavadis.com\/index.php\/wp-json\/wp\/v2\/posts\/29872","targetHints":{"allow":["GET"]}}],"collection":[{"href":"https:\/\/bihavadis.com\/index.php\/wp-json\/wp\/v2\/posts"}],"about":[{"href":"https:\/\/bihavadis.com\/index.php\/wp-json\/wp\/v2\/types\/post"}],"author":[{"embeddable":true,"href":"https:\/\/bihavadis.com\/index.php\/wp-json\/wp\/v2\/users\/1"}],"replies":[{"embeddable":true,"href":"https:\/\/bihavadis.com\/index.php\/wp-json\/wp\/v2\/comments?post=29872"}],"version-history":[{"count":1,"href":"https:\/\/bihavadis.com\/index.php\/wp-json\/wp\/v2\/posts\/29872\/revisions"}],"predecessor-version":[{"id":29874,"href":"https:\/\/bihavadis.com\/index.php\/wp-json\/wp\/v2\/posts\/29872\/revisions\/29874"}],"wp:featuredmedia":[{"embeddable":true,"href":"https:\/\/bihavadis.com\/index.php\/wp-json\/wp\/v2\/media\/29873"}],"wp:attachment":[{"href":"https:\/\/bihavadis.com\/index.php\/wp-json\/wp\/v2\/media?parent=29872"}],"wp:term":[{"taxonomy":"category","embeddable":true,"href":"https:\/\/bihavadis.com\/index.php\/wp-json\/wp\/v2\/categories?post=29872"},{"taxonomy":"post_tag","embeddable":true,"href":"https:\/\/bihavadis.com\/index.php\/wp-json\/wp\/v2\/tags?post=29872"}],"curies":[{"name":"wp","href":"https:\/\/api.w.org\/{rel}","templated":true}]}}