{"id":29934,"date":"2026-02-12T18:45:06","date_gmt":"2026-02-12T18:45:06","guid":{"rendered":"https:\/\/bihavadis.com\/?p=29934"},"modified":"2026-02-12T18:45:06","modified_gmt":"2026-02-12T18:45:06","slug":"josef-de-souza-besiktas-yonetimine-onerdigi-futbolcuyu-acikladi","status":"publish","type":"post","link":"https:\/\/bihavadis.com\/index.php\/2026\/02\/12\/josef-de-souza-besiktas-yonetimine-onerdigi-futbolcuyu-acikladi\/","title":{"rendered":"Josef de Souza, Be\u015fikta\u015f y\u00f6netimine \u00f6nerdi\u011fi futbolcuyu a\u00e7\u0131klad\u0131"},"content":{"rendered":"<p>Daha \u00f6nce 88 resmi ma\u00e7ta Be\u015fikta\u015f formas\u0131 giyen Brezilyal\u0131 eski futbolcu Josef De Souza, siyah-beyazl\u0131lar\u0131n transfer g\u00fcndemi ile ilgili s\u00fcrpriz bir payla\u015f\u0131mda bulundu. Josef, Be\u015fikta\u015f y\u00f6netimine \u00f6nerdi\u011fi futbolcuyu sosyal medya hesab\u0131ndan duyurdu. <\/p>\n<p><b>MATHEUS MARTINELLI&#8217;Y\u0130 BE\u015e\u0130KTA\u015e&#8217;A \u00d6NERD\u0130<\/b><\/p>\n<p> Josef de Souza, Fluminense formas\u0131 giyen orta saha oyuncusu Matheus Martinelli&#8217;yi siyah-beyazl\u0131lara \u00f6nerdi. Brezilyal\u0131 isim, sosyal medya hesab\u0131ndan yapt\u0131\u011f\u0131 payla\u015f\u0131mda &#8220;Martinelli&#8217;yi Be\u015fikta\u015f&#8217;a almay\u0131 \u00f6nerdim. O, kul\u00fcb\u00fcn y\u00fcz\u00fcne sahip bir oyuncu&#8221; ifadelerini kulland\u0131.<\/p>\n<div>\n<figure><img decoding=\"async\" src=\"https:\/\/bihavadis.com\/wp-content\/uploads\/2026\/02\/josef-de-souza-besiktas-yonetimine-onerdigi-futbolcuyu-acikladi-0-aQwkHcRg.jpg\"\/><\/figure>\n<\/div>\n<p><b>KAR\u0130YER PERFORMANSI<\/b><\/p>\n<p>Fluminense altyap\u0131s\u0131ndan yeti\u015fen 24 ya\u015f\u0131ndaki orta saha oyuncusu, Brezilya&#8217;da \u00e7\u0131kt\u0131\u011f\u0131 297 ma\u00e7ta 15 gol ve 18 asistlik performans sergiledi. H\u0131z\u0131 ve tekni\u011fi ile dikkat \u00e7eken Martinelli&#8217;yi ge\u00e7mi\u015f d\u00f6nemlerde bir\u00e7ok Avrupa ekibi transfer etmek istemi\u015f ancak ba\u015faramam\u0131\u015ft\u0131. <\/p>\n","protected":false},"excerpt":{"rendered":"<p>Be\u015fikta\u015f&#8217;\u0131n eski futbolcusu Josef de Souza, Fluminense formas\u0131 giyen 24 ya\u015f\u0131ndaki orta saha oyuncusu Matheus Martinelli&#8217;yi Be\u015fikta\u015f&#8217;a \u00f6nerdi\u011fini a\u00e7\u0131klad\u0131.<\/p>\n","protected":false},"author":1,"featured_media":29935,"comment_status":"open","ping_status":"open","sticky":false,"template":"","format":"standard","meta":{"footnotes":""},"categories":[14],"tags":[],"class_list":["post-29934","post","type-post","status-publish","format-standard","has-post-thumbnail","hentry","category-spor"],"_links":{"self":[{"href":"https:\/\/bihavadis.com\/index.php\/wp-json\/wp\/v2\/posts\/29934","targetHints":{"allow":["GET"]}}],"collection":[{"href":"https:\/\/bihavadis.com\/index.php\/wp-json\/wp\/v2\/posts"}],"about":[{"href":"https:\/\/bihavadis.com\/index.php\/wp-json\/wp\/v2\/types\/post"}],"author":[{"embeddable":true,"href":"https:\/\/bihavadis.com\/index.php\/wp-json\/wp\/v2\/users\/1"}],"replies":[{"embeddable":true,"href":"https:\/\/bihavadis.com\/index.php\/wp-json\/wp\/v2\/comments?post=29934"}],"version-history":[{"count":1,"href":"https:\/\/bihavadis.com\/index.php\/wp-json\/wp\/v2\/posts\/29934\/revisions"}],"predecessor-version":[{"id":29937,"href":"https:\/\/bihavadis.com\/index.php\/wp-json\/wp\/v2\/posts\/29934\/revisions\/29937"}],"wp:featuredmedia":[{"embeddable":true,"href":"https:\/\/bihavadis.com\/index.php\/wp-json\/wp\/v2\/media\/29935"}],"wp:attachment":[{"href":"https:\/\/bihavadis.com\/index.php\/wp-json\/wp\/v2\/media?parent=29934"}],"wp:term":[{"taxonomy":"category","embeddable":true,"href":"https:\/\/bihavadis.com\/index.php\/wp-json\/wp\/v2\/categories?post=29934"},{"taxonomy":"post_tag","embeddable":true,"href":"https:\/\/bihavadis.com\/index.php\/wp-json\/wp\/v2\/tags?post=29934"}],"curies":[{"name":"wp","href":"https:\/\/api.w.org\/{rel}","templated":true}]}}