{"id":29947,"date":"2026-02-12T18:54:04","date_gmt":"2026-02-12T18:54:04","guid":{"rendered":"https:\/\/bihavadis.com\/?p=29947"},"modified":"2026-02-12T18:54:04","modified_gmt":"2026-02-12T18:54:04","slug":"bodrumda-saganak-yagis-ve-su-baskinlari","status":"publish","type":"post","link":"https:\/\/bihavadis.com\/index.php\/2026\/02\/12\/bodrumda-saganak-yagis-ve-su-baskinlari\/","title":{"rendered":"Bodrum&#8217;da Sa\u011fanak Ya\u011f\u0131\u015f ve Su Bask\u0131nlar\u0131"},"content":{"rendered":"<p>Mu\u011fla&#8217;n\u0131n Bodrum il\u00e7esinde sa\u011fanak nedeniyle su bask\u0131nlar\u0131 olu\u015ftu.<\/p>\n<p>\u0130l\u00e7ede sabah saatlerinden itibaren etkili olan f\u0131rt\u0131na, ak\u015fam saatlerinden itibaren yerini kuvvetli sa\u011fana\u011fa b\u0131rakt\u0131. Konac\u0131k-Turgutreis istikametindeki kara yolu ya\u011f\u0131\u015f nedeniyle adeta dereye d\u00f6n\u00fc\u015ft\u00fc.<\/p>\n<p>Bitez Mahallesi&#8217;nde dere yata\u011f\u0131n\u0131n debisi y\u00fckselince ak\u0131nt\u0131ya kap\u0131lan otomobil, dere menfezine s\u00fcr\u00fcklendi. \u0130hbar \u00fczerine b\u00f6lgeye itfaiye ve Bodrum Belediyesi Afet \u0130\u015fleri M\u00fcd\u00fcrl\u00fc\u011f\u00fc ekipleri sevk edildi.<\/p>\n<p>Ara\u00e7, halat yard\u0131m\u0131yla ekiplerin \u00e7al\u0131\u015fmas\u0131 sonucu dere yata\u011f\u0131ndan \u00e7\u0131kar\u0131ld\u0131. Otomobil s\u00fcr\u00fcc\u00fcs\u00fc, bu s\u0131rada b\u00fcy\u00fck \u00fcz\u00fcnt\u00fc ya\u015fad\u0131.<\/p>\n<p>G\u00f6lt\u00fcrkb\u00fck\u00fc Mahallesi&#8217;nde ise su bask\u0131n\u0131 olu\u015fan evlerde ekipler tahliye \u00e7al\u0131\u015fmas\u0131 ger\u00e7ekle\u015ftirdi. Yollara savrulan ta\u015flar, ekiplerce temizlendi.<\/p>\n<p>Su bask\u0131n\u0131 olu\u015fan noktalarda inceleme yapan Bodrum Belediye Ba\u015fkan\u0131 Tamer Mandalinci, gazetecilere, yar\u0131madan\u0131n baz\u0131 mahallelerindeki 7 ikamette su bask\u0131nlar\u0131 ya\u015fand\u0131\u011f\u0131n\u0131, belediye ekiplerinin buralara m\u00fcdahale etti\u011fini s\u00f6yledi.<\/p>\n<p>Yolda kalan baz\u0131 ara\u00e7lar\u0131n da \u00e7ekildi\u011fini belirten Mandalinci, ekiplerin \u00e7al\u0131\u015fmalar\u0131n\u0131 s\u00fcrd\u00fcrd\u00fc\u011f\u00fcn\u00fc kaydetti.<\/p>\n","protected":false},"excerpt":{"rendered":"<p>Bodrum&#8217;da sa\u011fanak ya\u011f\u0131\u015f nedeniyle su bask\u0131nlar\u0131 olu\u015ftu, ekipler m\u00fcdahalelerde bulundu.<\/p>\n","protected":false},"author":1,"featured_media":0,"comment_status":"open","ping_status":"open","sticky":false,"template":"","format":"standard","meta":{"footnotes":""},"categories":[9,4,13],"tags":[279],"class_list":["post-29947","post","type-post","status-publish","format-standard","hentry","category-genel","category-gundem","category-son-dakika","tag-ekipler"],"_links":{"self":[{"href":"https:\/\/bihavadis.com\/index.php\/wp-json\/wp\/v2\/posts\/29947","targetHints":{"allow":["GET"]}}],"collection":[{"href":"https:\/\/bihavadis.com\/index.php\/wp-json\/wp\/v2\/posts"}],"about":[{"href":"https:\/\/bihavadis.com\/index.php\/wp-json\/wp\/v2\/types\/post"}],"author":[{"embeddable":true,"href":"https:\/\/bihavadis.com\/index.php\/wp-json\/wp\/v2\/users\/1"}],"replies":[{"embeddable":true,"href":"https:\/\/bihavadis.com\/index.php\/wp-json\/wp\/v2\/comments?post=29947"}],"version-history":[{"count":1,"href":"https:\/\/bihavadis.com\/index.php\/wp-json\/wp\/v2\/posts\/29947\/revisions"}],"predecessor-version":[{"id":29948,"href":"https:\/\/bihavadis.com\/index.php\/wp-json\/wp\/v2\/posts\/29947\/revisions\/29948"}],"wp:attachment":[{"href":"https:\/\/bihavadis.com\/index.php\/wp-json\/wp\/v2\/media?parent=29947"}],"wp:term":[{"taxonomy":"category","embeddable":true,"href":"https:\/\/bihavadis.com\/index.php\/wp-json\/wp\/v2\/categories?post=29947"},{"taxonomy":"post_tag","embeddable":true,"href":"https:\/\/bihavadis.com\/index.php\/wp-json\/wp\/v2\/tags?post=29947"}],"curies":[{"name":"wp","href":"https:\/\/api.w.org\/{rel}","templated":true}]}}