{"id":29981,"date":"2026-02-12T19:21:03","date_gmt":"2026-02-12T19:21:03","guid":{"rendered":"https:\/\/bihavadis.com\/?p=29981"},"modified":"2026-02-12T19:21:03","modified_gmt":"2026-02-12T19:21:03","slug":"mustafa-varanktan-ozgur-ozele-gonderme-sarhostan-genel-baskan-olmaz","status":"publish","type":"post","link":"https:\/\/bihavadis.com\/index.php\/2026\/02\/12\/mustafa-varanktan-ozgur-ozele-gonderme-sarhostan-genel-baskan-olmaz\/","title":{"rendered":"Mustafa Varank&#8217;tan \u00d6zg\u00fcr \u00d6zel&#8217;e g\u00f6nderme: Sarho\u015ftan genel ba\u015fkan olmaz"},"content":{"rendered":"<p>CHP\u2019de ya\u015fanan kriz, Ke\u00e7i\u00f6ren Belediye Ba\u015fkan\u0131 Mesut \u00d6zarslan\u2019\u0131n partisinden istifa etti\u011fini a\u00e7\u0131klamas\u0131yla siyaset g\u00fcndeminin merkezine oturdu.<\/p>\n<p><strong>\u0130ST\u0130FA KARARININ GEREK\u00c7ES\u0130: \u00d6ZEL&#8217;\u0130N K\u00dcF\u00dcRL\u00dc MESAJLARI<\/strong><\/p>\n<p>\u00d6zarslan, istifa karar\u0131n\u0131n arkas\u0131nda CHP Genel Ba\u015fkan\u0131 \u00d6zg\u00fcr \u00d6zel\u2019in kendisine k\u00fcf\u00fcrl\u00fc mesajlar atmas\u0131n\u0131n bulundu\u011funu belirtti.<\/p>\n<p>Mesut \u00d6zarslan, yapt\u0131\u011f\u0131 a\u00e7\u0131klamada \u00d6zel\u2019den kendisine hakaret ve k\u00fcf\u00fcr i\u00e7eren mesajlar geldi\u011fini s\u00f6yleyerek \u00d6zel&#8217;e, <em><b>&#8220;Hangi hakla benim anama s\u00f6v\u00fcyorsun?&#8221;<\/b><\/em> sorusunu y\u00f6neltti.<\/p>\n<p><strong>K\u00dcF\u00dcRL\u00dc MESAJLARIN ALKOLL\u00dcYKEN ATILDI\u011eI \u0130DD\u0130A ED\u0130LD\u0130<\/strong><\/p>\n<p>\u0130ddiaya g\u00f6re CHP Genel Ba\u015fkan\u0131 \u00d6zg\u00fcr \u00d6zel, 7 \u015eubat ak\u015fam\u0131 Adana\u2019da ger\u00e7ekle\u015ftirdi\u011fi mitingin ard\u0131ndan karayoluyla Ankara\u2019ya ge\u00e7ti. Saat 23.00 s\u0131ralar\u0131nda Ankara\u2019da alkoll\u00fc bir mek\u00e2na ge\u00e7en \u00d6zel\u2019in, burada baz\u0131 CHP Genel Ba\u015fkan Yard\u0131mc\u0131lar\u0131 ve il\u00e7e belediye ba\u015fkanlar\u0131yla birlikte bulundu\u011fu \u00f6ne s\u00fcr\u00fcld\u00fc.<\/p>\n<p>Ayn\u0131 ortamda, alkol\u00fcn de etkisiyle \u00d6zel\u2019in saat 23.59 ile 00.20 aras\u0131nda Mesut \u00d6zarslan\u2019a WhatsApp \u00fczerinden k\u00fcf\u00fcr ve hakaret i\u00e7erikli mesajlar g\u00f6nderdi\u011fi iddia edildi.<\/p>\n<p><strong>\u00d6ZEL&#8217;DEN, MESAJLARI S\u0130LMES\u0130 \u0130STEND\u0130<\/strong><\/p>\n<p>\u0130ddialara g\u00f6re ortamda bulunan baz\u0131 CHP\u2019li isimler, \u00d6zel\u2019e mesajlar\u0131 silmesi y\u00f6n\u00fcnde uyar\u0131da bulundu. Ancak \u00d6zel\u2019in bu uyar\u0131lara da k\u00fcf\u00fcrl\u00fc ifadelerle kar\u015f\u0131l\u0131k verdi\u011fi \u00f6ne s\u00fcr\u00fcld\u00fc. Ertesi sabah ise g\u00f6nderilen mesajlar\u0131n yaratt\u0131\u011f\u0131 rahats\u0131zl\u0131k nedeniyle \u00d6zel\u2019in yard\u0131mc\u0131lar\u0131na \u00d6zarslan konusunda bir <em><b>\u201cform\u00fcl\u201d<\/b><\/em> bulunmas\u0131 talimat\u0131 verdi\u011fi iddia edildi.<\/p>\n<p>Konunun bas\u0131na yans\u0131mamas\u0131 i\u00e7in g\u00fcn boyunca yo\u011fun \u00e7aba harcand\u0131\u011f\u0131, CHP\u2019li kurmaylar\u0131n Ankara B\u00fcy\u00fck\u015fehir Belediye Ba\u015fkan\u0131 Mansur Yava\u015f\u2019tan arabuluculuk talep etti\u011fi ancak Yava\u015f\u2019\u0131n bu s\u00fcrece dahil olmak istemedi\u011fi ve \u00d6zarslan ile herhangi bir g\u00f6r\u00fc\u015fme yapmad\u0131\u011f\u0131 ileri s\u00fcr\u00fcld\u00fc.<\/p>\n<p><strong>MUSTAFA VARANK&#8217;TAN \u00d6ZG\u00dcR \u00d6ZEL&#8217;E G\u00d6NDERME<\/strong><\/p>\n<p>Ya\u015fanan geli\u015fmelerin ard\u0131ndan AK Parti Bursa Milletvekili Mustafa Varank da sosyal medya hesab\u0131ndan dikkat \u00e7eken bir payla\u015f\u0131m yapt\u0131.<\/p>\n<p>Varank, \u00d6zg\u00fcr \u00d6zel\u2019e g\u00f6nderme yaparak, <em><b>\u201cSarho\u015ftan genel ba\u015fkan olmaz\u201d<\/b><\/em> ifadelerini kulland\u0131.<\/p>\n","protected":false},"excerpt":{"rendered":"<p>CHP Genel Ba\u015fkan\u0131 \u00d6zg\u00fcr \u00d6zel\u2019in, alkoll\u00fc oldu\u011fu bir ortamda Ke\u00e7i\u00f6ren Belediye Ba\u015fkan\u0131 Mesut \u00d6zarslan\u2019a k\u00fcf\u00fcrl\u00fc mesajlar att\u0131\u011f\u0131 iddialar\u0131na AK Parti Bursa Milletvekili Mustafa Varank\u2019tan g\u00f6nderme geldi. Varank, sosyal medya hesab\u0131ndan yapt\u0131\u011f\u0131 payla\u015f\u0131mda, \u201cSarho\u015ftan genel ba\u015fkan olmaz\u201d ifadelerini kulland\u0131.<\/p>\n","protected":false},"author":1,"featured_media":29982,"comment_status":"open","ping_status":"open","sticky":false,"template":"","format":"standard","meta":{"footnotes":""},"categories":[9,13],"tags":[516,1637,1406,4665,4440],"class_list":["post-29981","post","type-post","status-publish","format-standard","has-post-thumbnail","hentry","category-genel","category-son-dakika","tag-baskan","tag-chp","tag-iddia","tag-kufur","tag-ozarslan"],"_links":{"self":[{"href":"https:\/\/bihavadis.com\/index.php\/wp-json\/wp\/v2\/posts\/29981","targetHints":{"allow":["GET"]}}],"collection":[{"href":"https:\/\/bihavadis.com\/index.php\/wp-json\/wp\/v2\/posts"}],"about":[{"href":"https:\/\/bihavadis.com\/index.php\/wp-json\/wp\/v2\/types\/post"}],"author":[{"embeddable":true,"href":"https:\/\/bihavadis.com\/index.php\/wp-json\/wp\/v2\/users\/1"}],"replies":[{"embeddable":true,"href":"https:\/\/bihavadis.com\/index.php\/wp-json\/wp\/v2\/comments?post=29981"}],"version-history":[{"count":1,"href":"https:\/\/bihavadis.com\/index.php\/wp-json\/wp\/v2\/posts\/29981\/revisions"}],"predecessor-version":[{"id":29983,"href":"https:\/\/bihavadis.com\/index.php\/wp-json\/wp\/v2\/posts\/29981\/revisions\/29983"}],"wp:featuredmedia":[{"embeddable":true,"href":"https:\/\/bihavadis.com\/index.php\/wp-json\/wp\/v2\/media\/29982"}],"wp:attachment":[{"href":"https:\/\/bihavadis.com\/index.php\/wp-json\/wp\/v2\/media?parent=29981"}],"wp:term":[{"taxonomy":"category","embeddable":true,"href":"https:\/\/bihavadis.com\/index.php\/wp-json\/wp\/v2\/categories?post=29981"},{"taxonomy":"post_tag","embeddable":true,"href":"https:\/\/bihavadis.com\/index.php\/wp-json\/wp\/v2\/tags?post=29981"}],"curies":[{"name":"wp","href":"https:\/\/api.w.org\/{rel}","templated":true}]}}