{"id":30016,"date":"2026-02-12T19:51:05","date_gmt":"2026-02-12T19:51:05","guid":{"rendered":"https:\/\/bihavadis.com\/?p=30016"},"modified":"2026-02-12T19:51:05","modified_gmt":"2026-02-12T19:51:05","slug":"izmirin-caliskan-fabrikasi-model-fabrika","status":"publish","type":"post","link":"https:\/\/bihavadis.com\/index.php\/2026\/02\/12\/izmirin-caliskan-fabrikasi-model-fabrika\/","title":{"rendered":"\u0130zmir&#8217;in \u00e7al\u0131\u015fkan fabrikas\u0131 &#8220;Model Fabrika&#8221;"},"content":{"rendered":"<p><span><span><span>Ger\u00e7ek bir \u00fcretim ortam\u0131nda, kat\u0131l\u0131mc\u0131lara bir fabrikan\u0131n daha verimli olmas\u0131 i\u00e7in gereken her \u015feyi yaparak \u00f6\u011fretmeyi ama\u00e7layan <b><i>\u0130zmir Uygulamal\u0131 Yetkinlik ve Dijital D\u00f6n\u00fc\u015f\u00fcm Merkezi-\u0130zmir Model Fabrika<\/i><\/b>, 2025 y\u0131l\u0131nda toplam 193 firmaya verimlilik ve d\u00f6n\u00fc\u015f\u00fcm deste\u011fi verdi. En \u00e7ok ilgi g\u00f6ren \u201cYal\u0131n Olgunluk De\u011ferlendirme Analizi\u201d hizmetini talep eden firma say\u0131s\u0131 2024 y\u0131l\u0131nda 10\u2019ken, 2025 y\u0131l\u0131nda 126 firmaya ula\u015farak rekor k\u0131r\u0131ld\u0131.<\/span><\/span><\/span><\/p>\n<p><span><span><b><span>T\u00dcRK\u0130YE\u2019DEK\u0130 11 MODEL FABR\u0130KA\u2019DAN B\u0130R\u0130<\/span><\/b><\/span><\/span><\/p>\n<p><span><span><span>T\u00fcrkiye\u2019deki 11 model fabrikadan biri olarak 2020 y\u0131l\u0131nda faaliyetlerine ba\u015flayan \u0130zmir Model Fabrika 2025 y\u0131l\u0131nda \u0130zmirli firmalar\u0131n rehberi oldu. Y\u0131l boyunca 33 kobiye fark\u0131ndal\u0131k e\u011fitimi verildi, 13 deneyimsel e\u011fitim \u00e7al\u0131\u015fmas\u0131 yap\u0131ld\u0131. 2024 y\u0131l\u0131nda 9 olan \u00f6\u011fren-d\u00f6n\u00fc\u015f program\u0131 uygulama say\u0131s\u0131, 2025 y\u0131l\u0131nda 18\u2019e y\u00fckseldi. Bu programlarda firmalar, yal\u0131n \u00fcretim tekniklerini teoride \u00f6\u011frenmenin \u00f6tesine ge\u00e7erek, do\u011frudan kendi \u00fcretim hatlar\u0131nda uygulama f\u0131rsat\u0131 buldu. S\u00fcre\u00e7lerde yal\u0131n \u00fcretimin yan\u0131 s\u0131ra dijitalle\u015fme konular\u0131 da ele al\u0131nd\u0131. <\/span><\/span><\/span><\/p>\n<p><span><span><b><span>ELMASO\u011eLU: NE \u00dcRETT\u0130\u011e\u0130N\u0130Z KADAR NASIL \u00dcRETT\u0130\u011e\u0130N\u0130Z DE \u00d6NEML\u0130<\/span><\/b><\/span><\/span><\/p>\n<p><span><span><span>Model Fabrikalar\u0131n \u00f6neminin her ge\u00e7en g\u00fcn daha fazla anla\u015f\u0131ld\u0131\u011f\u0131n\u0131 ifade eden \u0130zmir Ticaret Odas\u0131 (\u0130ZTO) Y\u00f6netim Kurulu Ba\u015fkan Yard\u0131mc\u0131s\u0131 ve \u0130zmir Model Fabrika Y\u00f6netim Kurulu Ba\u015fkan\u0131 Cemal Elmaso\u011flu, \u201cNe \u00fcretti\u011finiz kadar nas\u0131l \u00fcretti\u011finiz konusunun da \u00f6nem ta\u015f\u0131d\u0131\u011f\u0131 yeni bir d\u00f6nemdeyiz. Daha az maliyetle, daha az enerjiyle, \u00e7evreyi koruyarak \u00fcretim yapan firmalar \u00f6n\u00fcm\u00fczdeki s\u00fcre\u00e7te rakiplerinin \u00f6n\u00fcne ge\u00e7ecek. Bu noktada Model Fabrikalar \u00f6nemli bir k\u0131lavuz olma \u00f6zelli\u011fi ta\u015f\u0131yor\u201d dedi.<\/span><\/span><\/span><\/p>\n<p><span><span><b><span>D\u0130J\u0130TALDE Y\u00dcKSEL\u0130\u015e<\/span><\/b><\/span><\/span><\/p>\n<p><span><span><span>\u0130zmir Model Fabrika taraf\u0131ndan y\u00fcr\u00fct\u00fclen Dijital Olgunluk De\u011ferlendirme Analizi (DDX) kapsam\u0131nda 2025 y\u0131l\u0131nda 3 firmada dijital olgunluk seviyesinin de\u011ferlendirildi\u011fine dikkat \u00e7eken Elmaso\u011flu s\u00f6zlerine \u015f\u00f6yle devam etti: \u201cBu firmalar i\u00e7in \u00f6zel dijital yol haritalar\u0131 olu\u015fturularak End\u00fcstri 4.0\u2019a ge\u00e7i\u015f s\u00fcre\u00e7leri ba\u015flat\u0131ld\u0131. 2026 y\u0131l\u0131n\u0131n ilk ay\u0131nda 2 firmaya daha DDX yap\u0131ld\u0131\u011f\u0131na dikkat \u00e7ekmek istiyorum.\u00a0 Bu h\u0131zl\u0131 ba\u015flang\u0131\u00e7, dijital d\u00f6n\u00fc\u015f\u00fcm \u00e7al\u0131\u015fmalar\u0131n\u0131n \u00f6n\u00fcm\u00fczdeki d\u00f6nemde ivme kazanaca\u011f\u0131n\u0131n bir g\u00f6stergesi. \u0130zmir Model Fabrika\u2019n\u0131n, firmalar\u0131m\u0131z\u0131n yal\u0131n ve dijital d\u00f6n\u00fc\u015f\u00fcm yolculuklar\u0131na rehberlik eden g\u00fc\u00e7l\u00fc bir yap\u0131 haline geldi\u011fini g\u00f6rmek bizler i\u00e7in memnuniyet verici\u201d<\/span><\/span><\/span><\/p>\n<p><span><span><b><i><span>\u0130zmir Uygulamal\u0131 Yetkinlik ve Dijital D\u00f6n\u00fc\u015f\u00fcm Merkezi-Model Fabrika Hakk\u0131nda:<\/span><\/i><\/b><\/span><\/span><\/p>\n<p><span><span><i><span>T.C. Sanayi ve Teknoloji Bakanl\u0131\u011f\u0131, \u0130zmir Ticaret Odas\u0131 (\u0130ZTO), Ege B\u00f6lgesi Sanayi Odas\u0131 (EBSO), \u0130zmir Ekonomi \u00dcniversitesi ve Birle\u015fmi\u015f Milletler Kalk\u0131nma Program\u0131 (UNDP) i\u015f birli\u011fi ile 2020 y\u0131l\u0131nda hayata ge\u00e7irilen \u0130zmir Uygulamal\u0131 Yetkinlik ve Dijital D\u00f6n\u00fc\u015f\u00fcm Merkezi-Model Fabrika,\u00a0 i\u015fletmelere yal\u0131n \u00fcretim felsefesini\u00a0 ve\u00a0 operasyonel m\u00fckemmeliyet ilkelerini, \u00f6\u011fren d\u00f6n\u00fc\u015f programlar\u0131 ile yaparak \u00f6\u011frenme teknikleri kullanarak yayg\u0131nla\u015ft\u0131rmay\u0131 hedefleyen bir merkez olarak faaliyet g\u00f6steriyor.<\/span><\/i><\/span><\/span><\/p>\n<p>\u00a0<\/p>\n<p>Kaynak: (BYZHA) Beyaz Haber Ajans\u0131<\/p>\n","protected":false},"excerpt":{"rendered":"<p>Ger\u00e7ek bir \u00fcretim ortam\u0131nda, kat\u0131l\u0131mc\u0131lara bir fabrikan\u0131n daha verimli olmas\u0131 i\u00e7in gereken her \u015feyi yaparak \u00f6\u011fretmeyi ama\u00e7layan \u0130zmir Uygulamal\u0131 Yetkinlik ve Dijital D\u00f6n\u00fc\u015f\u00fcm Merkezi-\u0130zmir Model Fabrika, 2025 y\u0131l\u0131nda toplam 193 firmaya verimlilik ve d\u00f6n\u00fc\u015f\u00fcm deste\u011fi verdi.<\/p>\n","protected":false},"author":1,"featured_media":30017,"comment_status":"open","ping_status":"open","sticky":false,"template":"","format":"standard","meta":{"footnotes":""},"categories":[4],"tags":[1120,978,4672,375,4673],"class_list":["post-30016","post","type-post","status-publish","format-standard","has-post-thumbnail","hentry","category-gundem","tag-firma","tag-izmir","tag-model-fabrika","tag-uretim","tag-yalin"],"_links":{"self":[{"href":"https:\/\/bihavadis.com\/index.php\/wp-json\/wp\/v2\/posts\/30016","targetHints":{"allow":["GET"]}}],"collection":[{"href":"https:\/\/bihavadis.com\/index.php\/wp-json\/wp\/v2\/posts"}],"about":[{"href":"https:\/\/bihavadis.com\/index.php\/wp-json\/wp\/v2\/types\/post"}],"author":[{"embeddable":true,"href":"https:\/\/bihavadis.com\/index.php\/wp-json\/wp\/v2\/users\/1"}],"replies":[{"embeddable":true,"href":"https:\/\/bihavadis.com\/index.php\/wp-json\/wp\/v2\/comments?post=30016"}],"version-history":[{"count":1,"href":"https:\/\/bihavadis.com\/index.php\/wp-json\/wp\/v2\/posts\/30016\/revisions"}],"predecessor-version":[{"id":30018,"href":"https:\/\/bihavadis.com\/index.php\/wp-json\/wp\/v2\/posts\/30016\/revisions\/30018"}],"wp:featuredmedia":[{"embeddable":true,"href":"https:\/\/bihavadis.com\/index.php\/wp-json\/wp\/v2\/media\/30017"}],"wp:attachment":[{"href":"https:\/\/bihavadis.com\/index.php\/wp-json\/wp\/v2\/media?parent=30016"}],"wp:term":[{"taxonomy":"category","embeddable":true,"href":"https:\/\/bihavadis.com\/index.php\/wp-json\/wp\/v2\/categories?post=30016"},{"taxonomy":"post_tag","embeddable":true,"href":"https:\/\/bihavadis.com\/index.php\/wp-json\/wp\/v2\/tags?post=30016"}],"curies":[{"name":"wp","href":"https:\/\/api.w.org\/{rel}","templated":true}]}}