{"id":30055,"date":"2026-02-12T20:21:06","date_gmt":"2026-02-12T20:21:06","guid":{"rendered":"https:\/\/bihavadis.com\/?p=30055"},"modified":"2026-02-12T20:21:06","modified_gmt":"2026-02-12T20:21:06","slug":"kaan-yeni-nesil-konseptiyle-dunya-sahnesine-cikiyor","status":"publish","type":"post","link":"https:\/\/bihavadis.com\/index.php\/2026\/02\/12\/kaan-yeni-nesil-konseptiyle-dunya-sahnesine-cikiyor\/","title":{"rendered":"KAAN yeni nesil konseptiyle d\u00fcnya sahnesine \u00e7\u0131k\u0131yor"},"content":{"rendered":"<p>T\u00fcrk Havac\u0131l\u0131k ve Uzay Sanayii (TUSA\u015e), Riyad\u2019da d\u00fczenlenen fuarda \u00fcr\u00fcn ve kabiliyetlerini uluslararas\u0131 heyetlere tan\u0131t\u0131yor.<\/p>\n<p>Fuarda, TUSA\u015e\u2019\u0131n tan\u0131t\u0131m faaliyetlerine teknoloji odakl\u0131 yeni bir konsept eklendi.<\/p>\n<p>\u00d6nceki fuarlarda a\u011f\u0131rl\u0131kl\u0131 olarak \u00f6l\u00e7ekli ve hareketsiz maketler kullan\u0131l\u0131rken, bu kez KAAN ve ANKA III platformlar\u0131yla olu\u015fturulan OKU (Otonom Kol U\u00e7u\u015fu) konseptinin hareketli sunumu ziyaret\u00e7ilerin be\u011fenisine sunuldu.<\/p>\n<p><strong>OKU KONSEPT\u0130 Z\u0130YARET\u00c7\u0130LER\u0130N \u0130LG\u0130S\u0130N\u0130 \u00c7EKT\u0130<\/strong><\/p>\n<p>Arka plandaki led ekranlardaki videoyla senkron \u015fekilde desteklenen  konseptle KAAN ve iki yan\u0131ndaki ANKA III&#8217;ler hangardan \u00e7\u0131k\u0131p baz\u0131  manevralarla taarruz g\u00f6revi ger\u00e7ekle\u015ftiriyor.<\/p>\n<p>TUSA\u015e&#8217;\u0131n bu yeni tan\u0131t\u0131m\u0131  ziyaret\u00e7ilerin olduk\u00e7a ilgisini \u00e7ekti.<\/p>\n<p>OKU, modern hava harp doktrinindeki <em><b>&#8220;insanl\u0131-insans\u0131z tak\u0131mlanma&#8221;<\/b><\/em>  (MUM-T\/Manned-Unmanned Teaming) yakla\u015f\u0131m\u0131n\u0131n T\u00fcrkiye&#8217;deki kar\u015f\u0131l\u0131\u011f\u0131n\u0131  olu\u015fturuyor. Bu konsept, KAAN gibi pilotlu u\u00e7aklar\u0131n ANKA III gibi  insans\u0131z jetlerle bir <em><b>&#8220;kol&#8221;<\/b><\/em> halinde birlikte g\u00f6rev yapabilmesini  i\u00e7eriyor.<\/p>\n<p>TUSA\u015e, bunun yan\u0131nda stand\u0131ndaki 4 dokunmatik ekranla \u00fcr\u00fcnlerini  dijital olarak ziyaret\u00e7ilerle bulu\u015fturuyor. Ziyaret\u00e7iler ekranlar  arac\u0131l\u0131\u011f\u0131yla \u00fcr\u00fcnlerle ilgili bir\u00e7ok detaya ula\u015f\u0131yor, 360 derece  inceleyebiliyor, videolar\u0131n\u0131 izleyebiliyor.<\/p>\n<p>S\u00f6z konusu konsept, bu y\u0131l Endonezya, Malezya ve \u0130ngiltere&#8217;de yap\u0131lacak fuarlarda da kullan\u0131lacak.<\/p>\n<p>TUSA\u015e, benzer uygulamalar\u0131 H\u00dcRJET ve G\u00d6KBEY platformlar\u0131 i\u00e7in de yapacak.<\/p>\n<p><img decoding=\"async\" src=\"https:\/\/bihavadis.com\/wp-content\/uploads\/2026\/02\/kaan-yeni-nesil-konseptiyle-dunya-sahnesine-cikiyor-0-RiMIpI98.jpg\"\/><\/p>\n<p><strong>&#8220;G\u00dcZEL B\u0130R KONSEPT, DAHA DA GEL\u0130\u015eECEK 6. NES\u0130L G\u0130B\u0130&#8221;<\/strong><\/p>\n<p>TUSA\u015e  Genel M\u00fcd\u00fcr\u00fc Mehmet Demiro\u011flu, d\u00fcnyan\u0131n dijitalle\u015fti\u011fine i\u015faret ederek  dijitalde yap\u0131lan bir\u00e7ok \u015feyin art\u0131k ger\u00e7e\u011fe \u00e7ok yak\u0131n oldu\u011funu, hatta  senaryolar dahilinde bunu ger\u00e7ekle\u015ftirme imkan\u0131 bulundu\u011funu s\u00f6yledi.<\/p>\n<p>Daha etkin, h\u0131zl\u0131 ve kapsaml\u0131 \u015fekilde \u00fcr\u00fcnlerini nas\u0131l  tan\u0131tabileceklerini de\u011ferlendirdiklerini dile getiren Demiro\u011flu, ortaya  b\u00f6yle bir konsept \u00e7\u0131kt\u0131\u011f\u0131n\u0131 belirtti. Demiro\u011flu, \u015f\u00f6yle konu\u015ftu:<\/p>\n<p>&#8220;G\u00fczel bir konsept, daha da geli\u015fecek 6. nesil gibi. Ama \u00fcr\u00fcnlerimizi dijital ortamda, gelen, ilgilenen ki\u015filere y\u00f6nelik olarak terzi usul\u00fc haz\u0131rlanm\u0131\u015f paketlerle sunmay\u0131 planl\u0131yoruz. \u00c7ok \u00fcst seviyede bir ziyaret\u00e7imize onun isteyece\u011fi bilgileri ihtiva eden paketi, daha detaya inmek isteyenlere daha detay ama genelde hepsinin bir arada tad\u0131nda oldu\u011fu bir konsepti sunabilece\u011fiz. Bunu da dijitalle yapabiliyorsunuz. Buna bir m\u00fcddet sonra yapay zeka da eklenir. B\u00f6yle bir konseptle ilk defa bu fuarda kar\u015f\u0131n\u0131zda \u00e7\u0131km\u0131\u015f bulunuyoruz.&#8221;<\/p>\n<p><img decoding=\"async\" src=\"https:\/\/bihavadis.com\/wp-content\/uploads\/2026\/02\/kaan-yeni-nesil-konseptiyle-dunya-sahnesine-cikiyor-1-2ItrfemC.jpg\"\/><\/p>\n<p><strong>KAAN SUUD\u0130 ARAB\u0130STAN YOLUNDA<\/strong><\/p>\n<p>Suudi Arabistan&#8217;\u0131n Milli Muharip U\u00e7ak  KAAN&#8217;a ilgisi ve olas\u0131 i\u015fbirli\u011fi f\u0131rsatlar\u0131na ili\u015fkin  de\u011ferlendirmelerde bulunan Demiro\u011flu, KAAN&#8217;\u0131n T\u00fcrkiye ve TUSA\u015e i\u00e7in \u00e7ok  katmanl\u0131 ve kapsaml\u0131 bir ekosistem projesi oldu\u011funu s\u00f6yledi.<\/p>\n<p>Projeye dahil olmak isteyen \u00fclkeler bulundu\u011funa i\u015faret eden Demiro\u011flu, \u015f\u00f6yle konu\u015ftu:<\/p>\n<p>&#8220;Bunlardan bir tanesi de Suudi Arabistan&#8217;d\u0131. Epeydir \u00e7al\u0131\u015fmalar\u0131m\u0131z devam ediyor, art\u0131k en son, en \u00fcst seviyeye ta\u015f\u0131nd\u0131 g\u00f6r\u00fc\u015fmeler. Bundan sonraki s\u00fcre\u00e7te, belki bu sene i\u00e7erisinde, belki daha da yak\u0131n, g\u00fczel bir haberi sizlerle payla\u015fmay\u0131 \u00fcmit ediyoruz. Savunma Sanayii Ba\u015fkanl\u0131\u011f\u0131 koordinasyonunda devam ediyor s\u00fcre\u00e7, \u00e7\u00fcnk\u00fc h\u00fck\u00fcmetler aras\u0131 bir mutabakatla ve plan, proje, programla yap\u0131lmas\u0131 laz\u0131m. Her seviyede, Cumhurba\u015fkan\u0131m\u0131z seviyesinde bu projeye destek en \u00fcst d\u00fczeyde, en g\u00fc\u00e7l\u00fc oldu\u011fu \u015fekliyle devam ediyor. \u0130n\u015fallah devam edecek. Bizi izlemeye devam edin diyeyim.&#8221;<\/p>\n<p><img decoding=\"async\" src=\"https:\/\/bihavadis.com\/wp-content\/uploads\/2026\/02\/kaan-yeni-nesil-konseptiyle-dunya-sahnesine-cikiyor-2-txU8LFmO.jpg\"\/><\/p>\n<p><strong>&#8220;D\u0130REKT SATIN ALIM DA OLAB\u0130L\u0130R, PROJEYE EN \u00dcST SEV\u0130YEDE DAH\u0130L OLMAK DA&#8221;<\/strong><\/p>\n<p><em><b>  &#8220;Suudi Arabistan ile i\u015fbirli\u011fi modelinin Endonezya&#8217;dakine benzer mi, farkl\u0131 m\u0131 olaca\u011f\u0131&#8221;<\/b><\/em> sorusunu Demiro\u011flu \u015f\u00f6yle yan\u0131tlad\u0131:<\/p>\n<p>&#8220;Bunlar\u0131n hepsi tart\u0131\u015f\u0131lan, konu\u015fulan konular. \u00dclkelerin isteklerine, altyap\u0131lar\u0131na ba\u011fl\u0131, ka\u00e7 tane almak istediklerine ba\u011fl\u0131 olarak de\u011fi\u015febilecek bir model ama hepsi masada. Yani direkt sat\u0131n al\u0131m da olabilir, projeye en \u00fcst seviyede dahil olmak da olabilir ama bunu ilerleyen zamanlarda g\u00f6rece\u011fiz hangisini se\u00e7ecekler, biz hepsine a\u00e7\u0131\u011f\u0131z. Adetler de konu\u015fuluyor 20 var, 50 var. Bunlar konu\u015fulan, dedi\u011fim gibi modele g\u00f6re de\u011fi\u015fiklik arz eden say\u0131lar. Mesela burada nihai montaj hatt\u0131 veya daha ilerisini kurmak isterseniz 20 taneyle fizibilitesi do\u011fru \u00e7\u0131kmaz. Daha y\u00fcksek bir rakam olmas\u0131, 50, 100 olmas\u0131 laz\u0131m. Hangi modelin se\u00e7ilece\u011fine, hangi seviyede kat\u0131l\u0131naca\u011f\u0131na ba\u011fl\u0131 olarak bu rakamlar de\u011fi\u015fir ama 3-5 olmayaca\u011f\u0131 kesin.&#8221;<\/p>\n<p><img decoding=\"async\" src=\"https:\/\/bihavadis.com\/wp-content\/uploads\/2026\/02\/kaan-yeni-nesil-konseptiyle-dunya-sahnesine-cikiyor-3-SYwUyU4k.jpg\"\/><\/p>\n<p><strong>TUSA\u015e SUUD\u0130 ARAB\u0130STAN OF\u0130S\u0130 \u0130\u00c7\u0130N GER\u0130 SAYIM<\/strong><\/p>\n<p>G\u00d6KBEY Genel Maksat Helikopteri&#8217;ne y\u00f6nelik de ge\u00e7en sene yo\u011fun bir  \u00e7al\u0131\u015fma y\u00fcr\u00fctt\u00fckleri bilgisini payla\u015fan Demiro\u011flu \u015f\u00f6yle dedi:<\/p>\n<p>&#8220;Bu sene yine devam edecek, hatta bu fuar esnas\u0131nda yine g\u00f6r\u00fc\u015fmelerimiz olacak bu konuda. Yava\u015f da olsa ilerleyen bir proje. \u0130lgileri var, hem askeri kullan\u0131mlar\u0131nda hem de sivil alanlarda, &#8216;offshore&#8217;da kullan\u0131m alanlar\u0131nda d\u00fc\u015f\u00fcnceleri var. Ben inan\u0131yorum ki KAAN&#8217;\u0131n da konseptiyle beraber el ele y\u00fcr\u00fcyecek, Suudi Arabistan&#8217;\u0131n 2030 vizyonuna da uygun bir modelle hem KAAN&#8217;\u0131 hem G\u00d6KBEY&#8217;i Suudi Arabistan&#8217;da \u00fcretme ihtimalimiz de ba\u015fta olmak \u00fczere g\u00f6r\u00fc\u015fmeler var.&#8221;<\/p>\n<p>Suudi Arabistan&#8217;\u0131n savunma sanayi i\u00e7in \u00f6nemli bir potansiyel sundu\u011funu  dile getiren Demiro\u011flu \u015funlar\u0131 s\u00f6yledi:<\/p>\n<p>&#8220;Bizim Suudi Arabistan&#8217;da olmamam\u0131z d\u00fc\u015f\u00fcn\u00fclemez zaten. Buraya bir ofisimizi a\u00e7aca\u011f\u0131z, onu da b\u00fcy\u00fcterek devam edece\u011fiz. Bu sene i\u00e7erisinde onu yapar\u0131z hatta birka\u00e7 ay i\u00e7erisinde diyeyim. Ayn\u0131 zamanda b\u00f6lge \u00fclkelerini de etkileyebilecek bir merkez olacak buras\u0131. Biz Suudi Arabistan&#8217;dan \u00e7ok \u00fcmitvar\u0131z. \u0130li\u015fkilerimiz de \u00e7ok g\u00fczel, en \u00fcst seviyede. \u0130n\u015fallah bunlar\u0131n meyvesini hep beraber hem Suud taraf\u0131 hem de biz toplar\u0131z.&#8221;<\/p>\n","protected":false},"excerpt":{"rendered":"<p>Milli Muharip U\u00e7ak KAAN, d\u00fcnyan\u0131n \u00f6nde gelen savunma sanayi etkinliklerinden Suudi Arabistan\u2019daki World Defense Show\u2019da, teknolojiyle desteklenmi\u015f yeni konseptiyle uluslararas\u0131 vitrine \u00e7\u0131kt\u0131.<\/p>\n","protected":false},"author":1,"featured_media":30056,"comment_status":"open","ping_status":"open","sticky":false,"template":"","format":"standard","meta":{"footnotes":""},"categories":[16],"tags":[4678,4680,421,514,4679],"class_list":["post-30055","post","type-post","status-publish","format-standard","has-post-thumbnail","hentry","category-teknoloji","tag-kaan","tag-konsept","tag-seviyede","tag-suudi-arabistan","tag-tusas"],"_links":{"self":[{"href":"https:\/\/bihavadis.com\/index.php\/wp-json\/wp\/v2\/posts\/30055","targetHints":{"allow":["GET"]}}],"collection":[{"href":"https:\/\/bihavadis.com\/index.php\/wp-json\/wp\/v2\/posts"}],"about":[{"href":"https:\/\/bihavadis.com\/index.php\/wp-json\/wp\/v2\/types\/post"}],"author":[{"embeddable":true,"href":"https:\/\/bihavadis.com\/index.php\/wp-json\/wp\/v2\/users\/1"}],"replies":[{"embeddable":true,"href":"https:\/\/bihavadis.com\/index.php\/wp-json\/wp\/v2\/comments?post=30055"}],"version-history":[{"count":1,"href":"https:\/\/bihavadis.com\/index.php\/wp-json\/wp\/v2\/posts\/30055\/revisions"}],"predecessor-version":[{"id":30061,"href":"https:\/\/bihavadis.com\/index.php\/wp-json\/wp\/v2\/posts\/30055\/revisions\/30061"}],"wp:featuredmedia":[{"embeddable":true,"href":"https:\/\/bihavadis.com\/index.php\/wp-json\/wp\/v2\/media\/30056"}],"wp:attachment":[{"href":"https:\/\/bihavadis.com\/index.php\/wp-json\/wp\/v2\/media?parent=30055"}],"wp:term":[{"taxonomy":"category","embeddable":true,"href":"https:\/\/bihavadis.com\/index.php\/wp-json\/wp\/v2\/categories?post=30055"},{"taxonomy":"post_tag","embeddable":true,"href":"https:\/\/bihavadis.com\/index.php\/wp-json\/wp\/v2\/tags?post=30055"}],"curies":[{"name":"wp","href":"https:\/\/api.w.org\/{rel}","templated":true}]}}