{"id":30065,"date":"2026-02-12T20:27:03","date_gmt":"2026-02-12T20:27:03","guid":{"rendered":"https:\/\/bihavadis.com\/?p=30065"},"modified":"2026-02-12T20:27:03","modified_gmt":"2026-02-12T20:27:03","slug":"seferihisarda-miniklerden-anlamli-ziyaret-baskan-yetiskin-ogrencilerle-bulustu","status":"publish","type":"post","link":"https:\/\/bihavadis.com\/index.php\/2026\/02\/12\/seferihisarda-miniklerden-anlamli-ziyaret-baskan-yetiskin-ogrencilerle-bulustu\/","title":{"rendered":"Seferihisar&#8217;da miniklerden anlaml\u0131 ziyaret: Ba\u015fkan Yeti\u015fkin \u00f6\u011frencilerle bulu\u015ftu"},"content":{"rendered":"<p>Seferihisar Belediye Ba\u015fkan\u0131 \u0130smail Yeti\u015fkin Necat Hepkon \u0130lk\u00f6\u011fretim Okulu 2. s\u0131n\u0131f \u00f6\u011frencileriyle \u00c7a\u011fan Irmak Salonu\u2019nda d\u00fczenlenen s\u00f6yle\u015fi etkinli\u011finde bir araya geldi.\u00a0<\/p>\n<p>Samimi ve ne\u015feli anlar\u0131n ya\u015fand\u0131\u011f\u0131 bulu\u015fmada minik \u00f6\u011frenciler merak ettikleri sorular\u0131 do\u011frudan Ba\u015fkan Yeti\u015fkin\u2019e y\u00f6neltme f\u0131rsat\u0131 buldu.<\/p>\n<p>Renkli g\u00f6r\u00fcnt\u00fclere sahne olan etkinlikte \u00e7ocuklar; belediye ba\u015fkan\u0131n\u0131n g\u00f6revleri, Seferihisar\u2019da yap\u0131lan \u00e7al\u0131\u015fmalar ve belediyenin nas\u0131l hizmet verdi\u011fi gibi pek \u00e7ok konuda sorular sordu. Ba\u015fkan Yeti\u015fkin ise miniklerin sorular\u0131n\u0131 i\u00e7tenlikle yan\u0131tlayarak yerel y\u00f6netimlerin g\u00f6revlerini onlar\u0131n anlayabilece\u011fi bir dille anlatt\u0131.<\/p>\n<p>\u201cSizler bu kentin gelece\u011fisiniz\u201d<\/p>\n<p>S\u00f6yle\u015fi s\u0131ras\u0131nda \u00e7ocuklara hitap eden Seferihisar Belediye Ba\u015fkan\u0131 \u0130smail Yeti\u015fkin konu\u015fmas\u0131nda \u015fu ifadelere yer verdi:<br \/>\u201cSevgili \u00e7ocuklar, sizler Seferihisar\u2019\u0131n ve \u00fclkemizin gelece\u011fisiniz. Bizler bug\u00fcn bu kenti sizler i\u00e7in daha g\u00fczel, daha g\u00fcvenli ve daha ya\u015fanabilir bir yer haline getirmek i\u00e7in \u00e7al\u0131\u015f\u0131yoruz. Belediyemizde parklar yap\u0131yoruz, yollar\u0131 d\u00fczenliyoruz, \u00e7evremizi koruyoruz ve sosyal etkinlikler d\u00fczenliyoruz. Ama en \u00f6nemlisi, sizlerin mutlu ve umut dolu b\u00fcy\u00fcmeniz i\u00e7in \u00e7aba g\u00f6steriyoruz.<br \/>Soru sormaktan, \u00f6\u011frenmekten ve hayal kurmaktan asla vazge\u00e7meyin. Belki i\u00e7inizden biriniz ileride belediye ba\u015fkan\u0131 olacak, biriniz m\u00fchendis, biriniz \u00f6\u011fretmen\u2026 Hepiniz bu \u00fclkeye de\u011fer katacaks\u0131n\u0131z. Belediyemizin kap\u0131s\u0131 sizlere her zaman a\u00e7\u0131k.\u201d<\/p>\n<p>\u00c7ocuklar\u0131n b\u00fcy\u00fck alk\u0131\u015f alan s\u00f6zleri sonras\u0131 etkinlik hat\u0131ra foto\u011fraflar\u0131yla sona erdi.<\/p>\n<p><strong>Miniklerden Seferihisar Belediyesi\u2019ne ziyaret<\/strong><\/p>\n<p>S\u00f6yle\u015finin ard\u0131ndan \u00f6\u011frenciler Seferihisar Belediyesi\u2019ni ziyaret etti. Belediye binas\u0131nda bulunan t\u00fcm birimleri tek tek gezen \u00e7ocuklar, belediyenin nas\u0131l \u00e7al\u0131\u015ft\u0131\u011f\u0131n\u0131 yerinde g\u00f6rme f\u0131rsat\u0131 buldu.<\/p>\n<p>\u00d6zellikle Bas\u0131n Birimi minik ziyaret\u00e7ilerin yo\u011fun ilgisiyle kar\u015f\u0131la\u015ft\u0131. Kamera ekipmanlar\u0131n\u0131 yak\u0131ndan inceleyen, mikrofonlar\u0131 deneyen ve \u00e7ekim s\u00fcre\u00e7leri hakk\u0131nda bilgi alan \u00f6\u011frenciler, en \u00e7ok drone\u2019a ilgi g\u00f6sterdi.\u00a0<\/p>\n<p>G\u00f6ky\u00fcz\u00fcnden g\u00f6r\u00fcnt\u00fc alan drone\u2019un nas\u0131l \u00e7al\u0131\u015ft\u0131\u011f\u0131n\u0131 merak eden \u00e7ocuklara ekip taraf\u0131ndan detayl\u0131 bilgi verildi.<\/p>\n<p>Teknolojiye b\u00fcy\u00fck ilgi g\u00f6steren \u00f6\u011frenciler, drone\u2019un belediye \u00e7al\u0131\u015fmalar\u0131nda nas\u0131l kullan\u0131ld\u0131\u011f\u0131n\u0131 \u00f6\u011frenince heyecanlar\u0131n\u0131 gizleyemedi.\u00a0<\/p>\n<p>\u00c7evre d\u00fczenlemeleri, etkinlik \u00e7ekimleri ve tan\u0131t\u0131m faaliyetlerinde kullan\u0131lan ekipmanlar \u00e7ocuklar i\u00e7in adeta bir ke\u015fif alan\u0131na d\u00f6n\u00fc\u015ft\u00fc.<\/p>\n<p><strong>E\u011fitici ve ilham verici bir g\u00fcn<\/strong><\/p>\n<p>Hem e\u011fitici hem de keyifli ge\u00e7en program sayesinde \u00f6\u011frenciler yerel y\u00f6netimleri yak\u0131ndan tan\u0131ma f\u0131rsat\u0131 bulurken, belediyecilik hizmetlerinin perde arkas\u0131n\u0131 da g\u00f6rm\u00fc\u015f oldu.<\/p>\n<p>Ba\u015fkan Yeti\u015fkin, ziyaret sonunda \u00f6\u011frencileri tek tek u\u011furlayarak onlara ba\u015far\u0131 dileklerinde bulundu.\u00a0<\/p>\n<p>Seferihisar\u2019da ger\u00e7ekle\u015ftirilen bu anlaml\u0131 bulu\u015fma, \u00e7ocuklara erken ya\u015fta demokrasi, yerel y\u00f6netim ve vatanda\u015fl\u0131k bilinci kazand\u0131rma a\u00e7\u0131s\u0131ndan \u00f6rnek bir etkinlik olarak haf\u0131zalarda yer etti.<\/p>\n<p>\u00a0<\/p>\n<p>Kaynak: (BYZHA) Beyaz Haber Ajans\u0131<\/p>\n","protected":false},"excerpt":{"rendered":"<p>Seferihisar Belediye Ba\u015fkan\u0131 \u0130smail Yeti\u015fkin Necat Hepkon \u0130lk\u00f6\u011fretim Okulu 2. s\u0131n\u0131f \u00f6\u011frencileriyle \u00c7a\u011fan Irmak Salonu\u2019nda d\u00fczenlenen s\u00f6yle\u015fi etkinli\u011finde bir araya geldi.<\/p>\n","protected":false},"author":1,"featured_media":30066,"comment_status":"open","ping_status":"open","sticky":false,"template":"","format":"standard","meta":{"footnotes":""},"categories":[4],"tags":[516,372,683,1002,3178],"class_list":["post-30065","post","type-post","status-publish","format-standard","has-post-thumbnail","hentry","category-gundem","tag-baskan","tag-belediye","tag-cocuklar","tag-ogrenciler","tag-seferihisar"],"_links":{"self":[{"href":"https:\/\/bihavadis.com\/index.php\/wp-json\/wp\/v2\/posts\/30065","targetHints":{"allow":["GET"]}}],"collection":[{"href":"https:\/\/bihavadis.com\/index.php\/wp-json\/wp\/v2\/posts"}],"about":[{"href":"https:\/\/bihavadis.com\/index.php\/wp-json\/wp\/v2\/types\/post"}],"author":[{"embeddable":true,"href":"https:\/\/bihavadis.com\/index.php\/wp-json\/wp\/v2\/users\/1"}],"replies":[{"embeddable":true,"href":"https:\/\/bihavadis.com\/index.php\/wp-json\/wp\/v2\/comments?post=30065"}],"version-history":[{"count":1,"href":"https:\/\/bihavadis.com\/index.php\/wp-json\/wp\/v2\/posts\/30065\/revisions"}],"predecessor-version":[{"id":30067,"href":"https:\/\/bihavadis.com\/index.php\/wp-json\/wp\/v2\/posts\/30065\/revisions\/30067"}],"wp:featuredmedia":[{"embeddable":true,"href":"https:\/\/bihavadis.com\/index.php\/wp-json\/wp\/v2\/media\/30066"}],"wp:attachment":[{"href":"https:\/\/bihavadis.com\/index.php\/wp-json\/wp\/v2\/media?parent=30065"}],"wp:term":[{"taxonomy":"category","embeddable":true,"href":"https:\/\/bihavadis.com\/index.php\/wp-json\/wp\/v2\/categories?post=30065"},{"taxonomy":"post_tag","embeddable":true,"href":"https:\/\/bihavadis.com\/index.php\/wp-json\/wp\/v2\/tags?post=30065"}],"curies":[{"name":"wp","href":"https:\/\/api.w.org\/{rel}","templated":true}]}}