{"id":30118,"date":"2026-02-12T21:18:06","date_gmt":"2026-02-12T21:18:06","guid":{"rendered":"https:\/\/bihavadis.com\/?p=30118"},"modified":"2026-02-12T21:18:06","modified_gmt":"2026-02-12T21:18:06","slug":"portekizde-jose-seguro-cumhurbaskani-secildi","status":"publish","type":"post","link":"https:\/\/bihavadis.com\/index.php\/2026\/02\/12\/portekizde-jose-seguro-cumhurbaskani-secildi\/","title":{"rendered":"Portekiz\u2019de Jose Seguro cumhurba\u015fkan\u0131 se\u00e7ildi"},"content":{"rendered":"<p>Portekiz\u2019de Pazar g\u00fcn\u00fc yap\u0131lan \u0130kinci Tur Cumhurba\u015fkanl\u0131\u011f\u0131 Se\u00e7imi\u2019nde ilk resmi sonu\u00e7lara g\u00f6re zafer, a\u015f\u0131r\u0131 sa\u011fc\u0131 aday Andre Ventura kar\u015f\u0131s\u0131nda ezici bir zafer elde eden Sosyalist Parti\u2019nin (PS) aday\u0131 Antonio Jose Seguro\u2019nun oldu.<\/p>\n<p><strong>SEGURO \u0130K\u0130NC\u0130 TURDA A\u00c7IK FARKLA KAZANDI<\/strong><\/p>\n<p>Oylar\u0131n y\u00fczde 99\u2019unun say\u0131lmas\u0131yla birlikte Seguro\u2019nun oy oran\u0131 y\u00fczde 66,7 olurken, rakibi Ventura\u2019n\u0131n oy oran\u0131 y\u00fczde 33,33 seviyesinde kald\u0131.<\/p>\n<p>Seguro, se\u00e7im zaferinin ard\u0131ndan bas\u0131na yapt\u0131\u011f\u0131 a\u00e7\u0131klamada, <em><b>&#8220;Portekiz halk\u0131n\u0131n bug\u00fcn verdi\u011fi mesaj ile \u00f6zg\u00fcrl\u00fc\u011fe, demokrasiye ve \u00fclkemizin gelece\u011fine olan ba\u011fl\u0131l\u0131\u011f\u0131, do\u011fal olarak beni hem duyguland\u0131r\u0131yor hem de ulusumuzla gururland\u0131r\u0131yor&#8221;<\/b><\/em> dedi.<\/p>\n<p>G\u00f6revden ayr\u0131lacak olan Cumhurba\u015fkan\u0131 Marcelo Rebelo de Sousa, se\u00e7im zaferi dolay\u0131s\u0131yla Seguro\u2019yu telefonla arayarak tebriklerini iletti\u011fini a\u00e7\u0131klad\u0131.<\/p>\n<p>Cumhurba\u015fkanl\u0131\u011f\u0131\u2019ndan yap\u0131lan a\u00e7\u0131klamada De Sousa\u2019n\u0131n Pazartesi g\u00fcn\u00fc \u00f6\u011fleden sonra Seguro\u2019yu Belem Saray\u0131\u2019nda kabul edilece\u011fi belirtildi.<\/p>\n<p><img decoding=\"async\" src=\"https:\/\/bihavadis.com\/wp-content\/uploads\/2026\/02\/portekizde-jose-seguro-cumhurbaskani-secildi-0-LS8ZA8r4.jpg\"\/><\/p>\n<p><strong>&#8220;PORTEK\u0130Z VATANDA\u015eLARI, \u0130RADELER\u0130N\u0130 ORTAYA KOYDU&#8221;<\/strong><\/p>\n<p>A\u00e7\u0131klamada Cumhurba\u015fkan\u0131 De Sousa\u2019n\u0131n 9 Mart tarihi itibar\u0131yla g\u00f6revi devralacak Seguro\u2019ya ba\u015far\u0131 dileklerini iletti\u011fi ve kurumsal ge\u00e7i\u015fin sorunsuz bir \u015fekilde sa\u011flanmas\u0131 i\u00e7in \u00e7al\u0131\u015fmaya haz\u0131r oldu\u011funu ifade etti\u011fi bildirildi.<\/p>\n<p>Avrupa Birli\u011fi (AB) Komisyonu Ba\u015fkan\u0131 Ursula von der Leyen, sosyal medya hesab\u0131 \u00fczerinden payla\u015ft\u0131\u011f\u0131 bir mesajla Seguro\u2019nun se\u00e7im zaferini kutlayarak, <em><b>&#8220;Portekiz Cumhurba\u015fkan\u0131 se\u00e7ilmeniz dolay\u0131s\u0131yla sizi tebrik ederim. Portekiz vatanda\u015flar\u0131, iradelerini ortaya koydu ve f\u0131rt\u0131nalar\u0131n yol a\u00e7t\u0131\u011f\u0131 y\u0131k\u0131ma ra\u011fmen dikkate de\u011fer bir demokratik dayan\u0131kl\u0131l\u0131k sergiledi. Portekiz\u2019in payla\u015ft\u0131\u011f\u0131m\u0131z Avrupa de\u011ferleri ad\u0131na y\u00fckselen sesi, g\u00fc\u00e7l\u00fc kalmaya devam ediyor&#8221;<\/b><\/em> ifadelerini kulland\u0131.<\/p>\n<p><img decoding=\"async\" src=\"https:\/\/bihavadis.com\/wp-content\/uploads\/2026\/02\/portekizde-jose-seguro-cumhurbaskani-secildi-1-k3cVtTUD.jpg\"\/><\/p>\n<p><strong>SEGURO ILIMLI VE UZLA\u015eMACI \u00c7\u0130ZG\u0130S\u0130YLE \u00d6NE \u00c7IKIYOR<\/strong><\/p>\n<p>Portekiz\u2019de son g\u00fcnlerde art arda ya\u015fanan f\u0131rt\u0131nalar, se\u00e7menleri sand\u0131\u011fa gitmekten al\u0131koymad\u0131. Kat\u0131l\u0131m oran\u0131, baz\u0131 k\u00fc\u00e7\u00fck belediyelerin sel nedeniyle oy vermeyi bir hafta ertelemek zorunda kalmas\u0131na ra\u011fmen 18 Ocak\u2019taki ilk turla yakla\u015f\u0131k olarak ayn\u0131 seviyede ger\u00e7ekle\u015fti. Son verilere g\u00f6re se\u00e7imlere kat\u0131l\u0131m oran\u0131 yakla\u015f\u0131k y\u00fczde 50,11 oldu.<\/p>\n<p>Se\u00e7imin ocak ay\u0131nda yap\u0131lan ilk turunda 11 aday yar\u0131\u015fm\u0131\u015f, Seguro y\u00fczde 31,1 oran\u0131nda oy alarak en fazla oy alan aday olurken, Ventura y\u00fczde 23,5 seviyesinde kalarak ikinci s\u0131rada yer alm\u0131\u015ft\u0131. Bu \u015fekilde se\u00e7im, hi\u00e7bir aday yeterli oy oran\u0131na ula\u015famad\u0131\u011f\u0131 i\u00e7in ikinci tura kalm\u0131\u015ft\u0131. 63 ya\u015f\u0131nda tecr\u00fcbeli bir politikac\u0131 olan Seguro, \u0131l\u0131ml\u0131, istikrarl\u0131 ve uzla\u015fmac\u0131 bir siyasi \u00e7izgi benimsiyor.<\/p>\n<p>2001-2002 y\u0131llar\u0131 aras\u0131nda devlet bakanl\u0131\u011f\u0131 ve 2011-2014 y\u0131llar\u0131 aras\u0131nda Sosyalist Parti\u2019nin liderli\u011fini \u00fcstlenen Seguro, pop\u00fclist s\u00f6ylemlerden \u00f6zellikle ka\u00e7\u0131nmas\u0131 ve cumhurba\u015fkan\u0131n\u0131n dengeleyici ve yat\u0131\u015ft\u0131r\u0131c\u0131 bir rol \u00fcstlenmesi gerekti\u011fini savunan \u00e7izgisiyle biliniyor.<\/p>\n<p><img decoding=\"async\" src=\"https:\/\/bihavadis.com\/wp-content\/uploads\/2026\/02\/portekizde-jose-seguro-cumhurbaskani-secildi-2-8UOR9Suy.jpg\"\/><\/p>\n<p><strong>VENTURA, \u0130K\u0130NC\u0130 TURA KALMAYI BA\u015eARAN \u0130LK A\u015eIRI SA\u011eCI ADAY OLDU<\/strong><\/p>\n<p>2019\u2019da kurulan ve ge\u00e7ti\u011fimiz y\u0131l may\u0131s ay\u0131ndaki genel se\u00e7imde ana muhalefet haline gelen Chega (Yeter) partisinin kurucusu olan Andre Ventura, Portekiz\u2019de cumhurba\u015fkanl\u0131\u011f\u0131 se\u00e7iminin ikinci turuna kalmay\u0131 ba\u015faran ilk a\u015f\u0131r\u0131 sa\u011fc\u0131 aday oldu.<\/p>\n<p>Ventura ve partisi Chega\u2019n\u0131n k\u0131sa s\u00fcrede elde etti\u011fi \u00e7\u0131k\u0131\u015f, bir\u00e7ok Avrupa \u00fclkesinde oldu\u011fu gibi Portekiz\u2019de de a\u015f\u0131r\u0131 sa\u011f\u0131n y\u00fckseli\u015fine i\u015faret etti. Ventura, se\u00e7im kampanyas\u0131 s\u00fcrecinde g\u00f6\u00e7\u00fc ve \u00fclkede \u00e7al\u0131\u015fan yabanc\u0131 i\u015f\u00e7ileri hedef alm\u0131\u015ft\u0131.<\/p>\n<p><em><b>&#8220;Portekiz bizim&#8221;<\/b><\/em> diyen Ventura\u2019n\u0131n se\u00e7im afi\u015flerinde <em><b>&#8220;Buras\u0131 Banglade\u015f de\u011fil&#8221;<\/b><\/em> ve <em><b>&#8220;G\u00f6\u00e7menlerin, sosyal yard\u0131m alarak ya\u015famalar\u0131na izin verilmemeli&#8221;<\/b><\/em> gibi mesajlar dikkat \u00e7ekmi\u015fti.<\/p>\n","protected":false},"excerpt":{"rendered":"<p>Portekiz\u2019de ikinci turu ger\u00e7ekle\u015ftirilen cumhurba\u015fkanl\u0131\u011f\u0131 se\u00e7imini Sosyalist Parti\u2019nin aday\u0131 Antonio Jose Seguro kazand\u0131.<\/p>\n","protected":false},"author":1,"featured_media":30119,"comment_status":"open","ping_status":"open","sticky":false,"template":"","format":"standard","meta":{"footnotes":""},"categories":[6],"tags":[1926,1899,2020,4687,1400],"class_list":["post-30118","post","type-post","status-publish","format-standard","has-post-thumbnail","hentry","category-dunya","tag-aday","tag-portekiz","tag-secim","tag-ventura","tag-zafer"],"_links":{"self":[{"href":"https:\/\/bihavadis.com\/index.php\/wp-json\/wp\/v2\/posts\/30118","targetHints":{"allow":["GET"]}}],"collection":[{"href":"https:\/\/bihavadis.com\/index.php\/wp-json\/wp\/v2\/posts"}],"about":[{"href":"https:\/\/bihavadis.com\/index.php\/wp-json\/wp\/v2\/types\/post"}],"author":[{"embeddable":true,"href":"https:\/\/bihavadis.com\/index.php\/wp-json\/wp\/v2\/users\/1"}],"replies":[{"embeddable":true,"href":"https:\/\/bihavadis.com\/index.php\/wp-json\/wp\/v2\/comments?post=30118"}],"version-history":[{"count":1,"href":"https:\/\/bihavadis.com\/index.php\/wp-json\/wp\/v2\/posts\/30118\/revisions"}],"predecessor-version":[{"id":30123,"href":"https:\/\/bihavadis.com\/index.php\/wp-json\/wp\/v2\/posts\/30118\/revisions\/30123"}],"wp:featuredmedia":[{"embeddable":true,"href":"https:\/\/bihavadis.com\/index.php\/wp-json\/wp\/v2\/media\/30119"}],"wp:attachment":[{"href":"https:\/\/bihavadis.com\/index.php\/wp-json\/wp\/v2\/media?parent=30118"}],"wp:term":[{"taxonomy":"category","embeddable":true,"href":"https:\/\/bihavadis.com\/index.php\/wp-json\/wp\/v2\/categories?post=30118"},{"taxonomy":"post_tag","embeddable":true,"href":"https:\/\/bihavadis.com\/index.php\/wp-json\/wp\/v2\/tags?post=30118"}],"curies":[{"name":"wp","href":"https:\/\/api.w.org\/{rel}","templated":true}]}}