{"id":30139,"date":"2026-02-12T21:33:05","date_gmt":"2026-02-12T21:33:05","guid":{"rendered":"https:\/\/bihavadis.com\/?p=30139"},"modified":"2026-02-12T21:33:05","modified_gmt":"2026-02-12T21:33:05","slug":"israilin-gazzeye-duzenledigi-saldirida-3-filistinli-hayatini-kaybetti","status":"publish","type":"post","link":"https:\/\/bihavadis.com\/index.php\/2026\/02\/12\/israilin-gazzeye-duzenledigi-saldirida-3-filistinli-hayatini-kaybetti\/","title":{"rendered":"\u0130srail&#8217;in Gazze&#8217;ye d\u00fczenledi\u011fi sald\u0131r\u0131da 3 Filistinli hayat\u0131n\u0131 kaybetti"},"content":{"rendered":"<p>\u0130srail, bir kez daha ate\u015fkesi ihlal etti.<\/p>\n<p>Filistin resmi ajans\u0131 WAFA&#8217;n\u0131n t\u0131bbi kaynaklara dayand\u0131rd\u0131\u011f\u0131 haberine g\u00f6re, \u0130srail ordusu, Gazze \u015eeridi&#8217;nin orta kesimindeki Deyr el-Belah kentinin do\u011fusunu hedef ald\u0131.<\/p>\n<p>Askeri ara\u00e7lardan a\u00e7\u0131lan ate\u015f sonucu 20 ya\u015f\u0131ndaki Nesim Ebul Acin hayat\u0131n\u0131 kaybetti.<\/p>\n<p><strong>REFAH&#8217;I DA BOMBALADI<\/strong><\/p>\n<p>Gazze \u015eeridi&#8217;nin g\u00fcneyindeki Refah kenti de \u0130srail bombalar\u0131n\u0131n hedefi oldu.<\/p>\n<p>Dalia Halid Asfur isimli Filistinli bir gen\u00e7 kad\u0131n, Refah kentinin merkezindeki Dahiliye Caddesi&#8217;nde ailesine ait evin hedef al\u0131nd\u0131\u011f\u0131 bombard\u0131manda ya\u015fam\u0131n\u0131 yitirdi.<\/p>\n<p><img decoding=\"async\" src=\"https:\/\/bihavadis.com\/wp-content\/uploads\/2026\/02\/israilin-gazzeye-duzenledigi-saldirida-3-filistinli-hayatini-kaybetti-0-2ROIORWp.jpg\"\/><\/p>\n<p><strong>1 K\u0130\u015e\u0130 HAYATINI KAYBETT\u0130<\/strong><\/p>\n<p>\u0130srail ordusunun Gazze \u015eeridi&#8217;nin kuzeyindeki Beyt Lahiya beldesine d\u00fczenledi\u011fi top\u00e7u sald\u0131r\u0131da ise 1 Filistinli hayat\u0131n\u0131 kaybederken, 1 ki\u015fi a\u011f\u0131r \u015fekilde yaraland\u0131.<\/p>\n<p>\u0130srail ordusu, sabah\u0131n erken saatlerinde Gazze kentinin do\u011fu kesimleri ile Refah ve Han Yunus&#8217;un do\u011fusuna hava ve top\u00e7u sald\u0131r\u0131lar\u0131 d\u00fczenlemi\u015fti.<\/p>\n<p><img decoding=\"async\" src=\"https:\/\/bihavadis.com\/wp-content\/uploads\/2026\/02\/israilin-gazzeye-duzenledigi-saldirida-3-filistinli-hayatini-kaybetti-1-Ngbelr4H.jpg\"\/><\/p>\n","protected":false},"excerpt":{"rendered":"<p>\u0130srail ordusunun ate\u015fkesi ihlal ederek Gazze \u015eeridi&#8217;nin orta ve g\u00fcney kesimlerine d\u00fczenledi\u011fi sald\u0131r\u0131larda 3 Filistinli ya\u015fam\u0131n\u0131 yitirdi.<\/p>\n","protected":false},"author":1,"featured_media":30140,"comment_status":"open","ping_status":"open","sticky":false,"template":"","format":"standard","meta":{"footnotes":""},"categories":[9,13],"tags":[792],"class_list":["post-30139","post","type-post","status-publish","format-standard","has-post-thumbnail","hentry","category-genel","category-son-dakika","tag-israil"],"_links":{"self":[{"href":"https:\/\/bihavadis.com\/index.php\/wp-json\/wp\/v2\/posts\/30139","targetHints":{"allow":["GET"]}}],"collection":[{"href":"https:\/\/bihavadis.com\/index.php\/wp-json\/wp\/v2\/posts"}],"about":[{"href":"https:\/\/bihavadis.com\/index.php\/wp-json\/wp\/v2\/types\/post"}],"author":[{"embeddable":true,"href":"https:\/\/bihavadis.com\/index.php\/wp-json\/wp\/v2\/users\/1"}],"replies":[{"embeddable":true,"href":"https:\/\/bihavadis.com\/index.php\/wp-json\/wp\/v2\/comments?post=30139"}],"version-history":[{"count":1,"href":"https:\/\/bihavadis.com\/index.php\/wp-json\/wp\/v2\/posts\/30139\/revisions"}],"predecessor-version":[{"id":30143,"href":"https:\/\/bihavadis.com\/index.php\/wp-json\/wp\/v2\/posts\/30139\/revisions\/30143"}],"wp:featuredmedia":[{"embeddable":true,"href":"https:\/\/bihavadis.com\/index.php\/wp-json\/wp\/v2\/media\/30140"}],"wp:attachment":[{"href":"https:\/\/bihavadis.com\/index.php\/wp-json\/wp\/v2\/media?parent=30139"}],"wp:term":[{"taxonomy":"category","embeddable":true,"href":"https:\/\/bihavadis.com\/index.php\/wp-json\/wp\/v2\/categories?post=30139"},{"taxonomy":"post_tag","embeddable":true,"href":"https:\/\/bihavadis.com\/index.php\/wp-json\/wp\/v2\/tags?post=30139"}],"curies":[{"name":"wp","href":"https:\/\/api.w.org\/{rel}","templated":true}]}}