{"id":30144,"date":"2026-02-12T21:36:06","date_gmt":"2026-02-12T21:36:06","guid":{"rendered":"https:\/\/bihavadis.com\/?p=30144"},"modified":"2026-02-12T21:36:06","modified_gmt":"2026-02-12T21:36:06","slug":"barakin-epstein-ile-trumpi-ikna-girisimi","status":"publish","type":"post","link":"https:\/\/bihavadis.com\/index.php\/2026\/02\/12\/barakin-epstein-ile-trumpi-ikna-girisimi\/","title":{"rendered":"Barak&#8217;\u0131n Epstein ile Trump&#8217;\u0131 \u0130kna Giri\u015fimi"},"content":{"rendered":"<p>ABD&#8217;de \u00e7ocuk istismar\u0131 ve fuhu\u015f a\u011f\u0131 kurma su\u00e7lamalar\u0131yla yarg\u0131lan\u0131rken hapishanede \u00f6l\u00fc bulunan milyarder Jeffrey Epstein, bu kez \u0130srail ve ABD siyasetinin kesi\u015fti\u011fi dikkat \u00e7ekici bir yaz\u0131\u015fmayla g\u00fcndemde. Kamuoyuna yeni a\u00e7\u0131klanan belgeler, Trump\u2013\u0130srail bas\u0131n\u0131\u2013Epstein hatt\u0131nda perde arkas\u0131nda y\u00fcr\u00fct\u00fclen bir temas trafi\u011fini ortaya koydu.<\/p>\n<p><b>BARAK&#8217;TAN EPSTE\u0130N&#8217;E: TRUMP \u0130\u00c7\u0130N MEDYA ARABULUCULU\u011eU <\/b><\/p>\n<p>A\u00e7\u0131klanan belgeler aras\u0131nda, Eski \u0130srail Ba\u015fbakan\u0131 Ehud Barak&#8217;\u0131n 2016 y\u0131l\u0131nda Epstein&#8217;e g\u00f6nderdi\u011fi bir e-posta da yer ald\u0131. Yaz\u0131\u015fmada Barak&#8217;\u0131n, d\u00f6nemin ABD ba\u015fkan aday\u0131 Donald Trump&#8217;\u0131 \u0130srail bas\u0131n\u0131na r\u00f6portaj vermeye ikna etmesi i\u00e7in Epstein&#8217;den yard\u0131m istedi\u011fi g\u00f6r\u00fcl\u00fcyor.<\/p>\n<p><b>&#8220;SARI\u015eIN BAYAN G\u00d6NDERMEYE HAZIRLAR&#8221; <\/b><\/p>\n<p>Barak, e-postas\u0131nda \u0130srail televizyonu Kanal 2&#8217;nin Hillary Clinton ile r\u00f6portaj ayarlad\u0131\u011f\u0131n\u0131 hat\u0131rlatarak, Trump&#8217;\u0131n da Kanal 10&#8217;da benzer bir programa ilgi duyup duymayaca\u011f\u0131n\u0131 sordu.<\/p>\n<p>Mesajda yer alan \u015fu ifade ise \u00f6zellikle dikkat \u00e7ekti: &#8220;\u0130sraillilerin ve \u00f6zellikle \u0130srail&#8217;deki ABD vatanda\u015flar\u0131n\u0131n b\u00fcy\u00fck \u00e7o\u011funlu\u011fu bu r\u00f6portaj\u0131 izleyecektir. ABD&#8217;ye \u00f6nde gelen sunucular\u0131n\u0131, yetenekli ve pozitif bir (sar\u0131\u015f\u0131n) bayan\u0131 g\u00f6ndermeye haz\u0131rlar.&#8221;<\/p>\n<p><b>BELGELER ADALET BAKANLI\u011eI TARAFINDAN A\u00c7IKLANDI <\/b><\/p>\n<p>S\u00f6z konusu e-posta, ABD Adalet Bakan Yard\u0131mc\u0131s\u0131 Todd Blanche&#8217;\u0131n, Epstein soru\u015fturmas\u0131na ili\u015fkin 3 milyondan fazla yeni dosyan\u0131n kamuoyuyla payla\u015f\u0131ld\u0131\u011f\u0131n\u0131 a\u00e7\u0131klamas\u0131n\u0131n ard\u0131ndan ortaya \u00e7\u0131kt\u0131. Belgeler, Epstein&#8217;\u0131n yaln\u0131zca bireysel su\u00e7lar\u0131yla de\u011fil, \u00fcst d\u00fczey siyasi ve medya \u00e7evreleriyle olan temaslar\u0131yla da yeniden tart\u0131\u015f\u0131lmas\u0131na yol a\u00e7t\u0131.<\/p>\n<p><b>G\u0130R\u0130\u015e\u0130M HAYATA GE\u00c7\u0130R\u0130LEMED\u0130 <\/b><\/p>\n<p>\u0130srail bas\u0131n\u0131, yaz\u0131\u015fman\u0131n 2016&#8217;daki Clinton\u2013Trump se\u00e7im yar\u0131\u015f\u0131 s\u0131ras\u0131nda ger\u00e7ekle\u015fti\u011fini, ancak bu giri\u015fimin hi\u00e7bir zaman hayata ge\u00e7medi\u011fini yazd\u0131. Haberlere g\u00f6re, e-postada bahsi ge\u00e7en &#8220;sar\u0131\u015f\u0131n kad\u0131n&#8221; Trump&#8217;la r\u00f6portaj yapma f\u0131rsat\u0131 bulamad\u0131.<\/p>\n<p><b>MAHKUM\u0130YETTEN SONRA DA S\u00dcREN YAKINLIK <\/b><\/p>\n<p>Belgelerde dikkat \u00e7eken bir di\u011fer unsur ise Barak ile Epstein aras\u0131ndaki ili\u015fkinin, Epstein&#8217;\u0131n mahk\u00fbmiyetinden sonra dahi devam etti\u011fine dair de\u011ferlendirmeler oldu. Bu durum, Epstein&#8217;\u0131n siyasi \u00e7evrelerle ba\u011flar\u0131n\u0131n ne \u00f6l\u00e7\u00fcde s\u00fcrd\u00fc\u011f\u00fc sorusunu yeniden g\u00fcndeme getirdi.<\/p>\n","protected":false},"excerpt":{"rendered":"<p>Eski \u0130srail Ba\u015fbakan\u0131 Barak, Epstein&#8217;den Trump&#8217;\u0131 \u0130srail bas\u0131n\u0131na r\u00f6portaj vermeye ikna etmesini istedi.<\/p>\n","protected":false},"author":1,"featured_media":30145,"comment_status":"open","ping_status":"open","sticky":false,"template":"","format":"standard","meta":{"footnotes":""},"categories":[9,4,13],"tags":[272,2685,2183,792,1369],"class_list":["post-30144","post","type-post","status-publish","format-standard","has-post-thumbnail","hentry","category-genel","category-gundem","category-son-dakika","tag-abd","tag-belgeler","tag-epstein","tag-israil","tag-trump"],"_links":{"self":[{"href":"https:\/\/bihavadis.com\/index.php\/wp-json\/wp\/v2\/posts\/30144","targetHints":{"allow":["GET"]}}],"collection":[{"href":"https:\/\/bihavadis.com\/index.php\/wp-json\/wp\/v2\/posts"}],"about":[{"href":"https:\/\/bihavadis.com\/index.php\/wp-json\/wp\/v2\/types\/post"}],"author":[{"embeddable":true,"href":"https:\/\/bihavadis.com\/index.php\/wp-json\/wp\/v2\/users\/1"}],"replies":[{"embeddable":true,"href":"https:\/\/bihavadis.com\/index.php\/wp-json\/wp\/v2\/comments?post=30144"}],"version-history":[{"count":1,"href":"https:\/\/bihavadis.com\/index.php\/wp-json\/wp\/v2\/posts\/30144\/revisions"}],"predecessor-version":[{"id":30146,"href":"https:\/\/bihavadis.com\/index.php\/wp-json\/wp\/v2\/posts\/30144\/revisions\/30146"}],"wp:featuredmedia":[{"embeddable":true,"href":"https:\/\/bihavadis.com\/index.php\/wp-json\/wp\/v2\/media\/30145"}],"wp:attachment":[{"href":"https:\/\/bihavadis.com\/index.php\/wp-json\/wp\/v2\/media?parent=30144"}],"wp:term":[{"taxonomy":"category","embeddable":true,"href":"https:\/\/bihavadis.com\/index.php\/wp-json\/wp\/v2\/categories?post=30144"},{"taxonomy":"post_tag","embeddable":true,"href":"https:\/\/bihavadis.com\/index.php\/wp-json\/wp\/v2\/tags?post=30144"}],"curies":[{"name":"wp","href":"https:\/\/api.w.org\/{rel}","templated":true}]}}