{"id":30192,"date":"2026-02-12T22:12:06","date_gmt":"2026-02-12T22:12:06","guid":{"rendered":"https:\/\/bihavadis.com\/?p=30192"},"modified":"2026-02-12T22:12:06","modified_gmt":"2026-02-12T22:12:06","slug":"fenerbahce-genclerbirligi-muhtemel-11ler","status":"publish","type":"post","link":"https:\/\/bihavadis.com\/index.php\/2026\/02\/12\/fenerbahce-genclerbirligi-muhtemel-11ler\/","title":{"rendered":"Fenerbah\u00e7e &#8211; Gen\u00e7lerbirli\u011fi; Muhtemel 11&#8217;ler"},"content":{"rendered":"<p>Fenerbah\u00e7e, S\u00fcper Lig&#8217;in 21. haftas\u0131nda sahas\u0131nda Gen\u00e7lerbirli\u011fi&#8217;yle kar\u015f\u0131la\u015facak.<\/p>\n<p>Chobani Stad\u0131&#8217;nda saat 20.00&#8217;de ba\u015flayacak m\u00fcsabakay\u0131, hakem Ali \u015eansalan y\u00f6netecek. M\u00fccadele beIN Sports&#8217;tan canl\u0131 olarak yay\u0131nlanacak.<\/p>\n<p>Ligde nama\u011flup yoluna devam eden tek tak\u0131m olan Fenerbah\u00e7e, 13 galibiyet ve 7 beraberlik sonucunda toplad\u0131\u011f\u0131 46 puanla lider Galatasaray&#8217;\u0131n 3 puan gerisinde ikinci s\u0131rada bulunuyor.<\/p>\n<p>Ligde 22 puan\u0131 bulunan ve 11. s\u0131rada yer alan Metin Diyadin y\u00f6netimindeki Gen\u00e7lerbirli\u011fi, deplasmanda oynad\u0131\u011f\u0131 son 5 lig ma\u00e7\u0131nda sadece 1 puan \u00e7\u0131karabildi.<\/p>\n<p><strong>FENERBAH\u00c7E&#8217;DE 5 EKS\u0130K<\/strong><\/p>\n<p>Sar\u0131-lacivertlilerde Gen\u00e7lerbirli\u011fi ma\u00e7\u0131nda 5 futbolcusundan yararlanamayacak. Sakatl\u0131klar\u0131 ge\u00e7mesine ra\u011fmen hen\u00fcz haz\u0131r olmayan Archie Brown ve Levent Mercan ile yeni transfer Sidiki Cherif kadroda yer alamayacak.<\/p>\n<p>T\u00fcrkiye Futbol Federasyonu Profesyonel Futbol Disiplin Kurulu taraf\u0131ndan 2 ma\u00e7 ceza verilen Milan Skriniar ile sar\u0131 kart cezal\u0131s\u0131 Edson Alvarez de ma\u00e7ta forma giyemeyecek.<\/p>\n<p><strong>MUHTEMEL 11&#8217;LER<\/strong><\/p>\n<p><b> Fenerbah\u00e7e: <\/b>Ederson, Semedo, \u00c7a\u011flar, Oosterwolde, Mert M\u00fcld\u00fcr, \u0130smail, Guendouzi, Nene, Asensio, Kerem, Talisca<\/p>\n<p><b>Gen\u00e7lerbirli\u011fi: <\/b>Erhan, Pereira, Goutas, Thalisson, Hanousek, Bashiru, O\u011fulcan, Tongya, Varesanovic, Onyekuru, Koita<\/p>\n<p><img decoding=\"async\" src=\"https:\/\/bihavadis.com\/wp-content\/uploads\/2026\/02\/fenerbahce-genclerbirligi-muhtemel-11ler-0-jSCIzL5d.jpg\"\/><\/p>\n","protected":false},"excerpt":{"rendered":"<p>S\u00fcper Lig&#8217;in 21. haftas\u0131nda Fenerbah\u00e7e ile Gen\u00e7lerbirli\u011fi kar\u015f\u0131la\u015facak.<\/p>\n","protected":false},"author":1,"featured_media":30193,"comment_status":"open","ping_status":"open","sticky":false,"template":"","format":"standard","meta":{"footnotes":""},"categories":[14],"tags":[],"class_list":["post-30192","post","type-post","status-publish","format-standard","has-post-thumbnail","hentry","category-spor"],"_links":{"self":[{"href":"https:\/\/bihavadis.com\/index.php\/wp-json\/wp\/v2\/posts\/30192","targetHints":{"allow":["GET"]}}],"collection":[{"href":"https:\/\/bihavadis.com\/index.php\/wp-json\/wp\/v2\/posts"}],"about":[{"href":"https:\/\/bihavadis.com\/index.php\/wp-json\/wp\/v2\/types\/post"}],"author":[{"embeddable":true,"href":"https:\/\/bihavadis.com\/index.php\/wp-json\/wp\/v2\/users\/1"}],"replies":[{"embeddable":true,"href":"https:\/\/bihavadis.com\/index.php\/wp-json\/wp\/v2\/comments?post=30192"}],"version-history":[{"count":1,"href":"https:\/\/bihavadis.com\/index.php\/wp-json\/wp\/v2\/posts\/30192\/revisions"}],"predecessor-version":[{"id":30195,"href":"https:\/\/bihavadis.com\/index.php\/wp-json\/wp\/v2\/posts\/30192\/revisions\/30195"}],"wp:featuredmedia":[{"embeddable":true,"href":"https:\/\/bihavadis.com\/index.php\/wp-json\/wp\/v2\/media\/30193"}],"wp:attachment":[{"href":"https:\/\/bihavadis.com\/index.php\/wp-json\/wp\/v2\/media?parent=30192"}],"wp:term":[{"taxonomy":"category","embeddable":true,"href":"https:\/\/bihavadis.com\/index.php\/wp-json\/wp\/v2\/categories?post=30192"},{"taxonomy":"post_tag","embeddable":true,"href":"https:\/\/bihavadis.com\/index.php\/wp-json\/wp\/v2\/tags?post=30192"}],"curies":[{"name":"wp","href":"https:\/\/api.w.org\/{rel}","templated":true}]}}