{"id":30208,"date":"2026-02-12T22:24:36","date_gmt":"2026-02-12T22:24:36","guid":{"rendered":"https:\/\/bihavadis.com\/?p=30208"},"modified":"2026-02-12T22:24:36","modified_gmt":"2026-02-12T22:24:36","slug":"macron-da-epstein-belgelerinden-cikti-ulke-resmen-ayaklandi","status":"publish","type":"post","link":"https:\/\/bihavadis.com\/index.php\/2026\/02\/12\/macron-da-epstein-belgelerinden-cikti-ulke-resmen-ayaklandi\/","title":{"rendered":"Macron da Epstein belgelerinden \u00e7\u0131kt\u0131, \u00fclke resmen ayakland\u0131"},"content":{"rendered":"<p>ABD Adalet Bakan Yard\u0131mc\u0131s\u0131 Todd Blanche, Epstein soru\u015fturmas\u0131na ili\u015fkin 3 milyondan fazla yeni dosyan\u0131n kamuoyuyla payla\u015f\u0131ld\u0131\u011f\u0131n\u0131 a\u00e7\u0131klad\u0131. Belgelerde Fransa Cumhurba\u015fkan\u0131 Emmanuel Macron&#8217;un isminin ge\u00e7mesi dikkat \u00e7ekti.<\/p>\n<p><b>\u00c7OK SAYIDA BELGEDE YER ALDI<\/b><\/p>\n<p>A\u00e7\u0131klanan dosyalarda Macron&#8217;un ad\u0131n\u0131n, 2017&#8217;de cumhurba\u015fkan\u0131 se\u00e7ilmesinden \u00f6nce ve sonraki d\u00f6neme ait \u00e7ok say\u0131da belgede yer ald\u0131\u011f\u0131 g\u00f6r\u00fcld\u00fc. Belgelerde, Epstein&#8217;\u0131n Macron&#8217;un bir\u00e7ok konuda kendisinden yard\u0131m istedi\u011fini iddia etti\u011fi ifadeler bulunuyor.<\/p>\n<p>Dosyalara yans\u0131yan bir e-postada Epstein, 17 Eyl\u00fcl 2018 tarihinde D\u00fcnya Ekonomik Forumu (WEF) Ba\u015fkan\u0131 ve CEO&#8217;su Borge Brende&#8217;ye g\u00f6nderdi\u011fi mesajda, payla\u015faca\u011f\u0131 bilgilerin gizli oldu\u011funu belirterek Macron&#8217;a atfedilen de\u011ferlendirmelere yer verdi. S\u00f6z konusu e-postada, y\u00f6neti\u015fim, uluslararas\u0131 kurumlar ve kamu-\u00f6zel sekt\u00f6r ili\u015fkilerinin yeniden d\u00fc\u015f\u00fcn\u00fclmesi gerekti\u011fine dair ifadeler aktar\u0131ld\u0131.<\/p>\n<p>Belgelerde ayr\u0131ca Birle\u015fik Arap Emirlikleri&#8217;nden i\u015f insan\u0131 Sultan Ahmed bin Sulayem&#8217;in 22 Mart 2016&#8217;da Epstein&#8217;a g\u00f6nderdi\u011fi bir e-posta da yer ald\u0131. Bin Sulayem, bu yaz\u0131\u015fmada Elysee Saray\u0131&#8217;nda \u00f6\u011fle yeme\u011fi yedi\u011fini ve o d\u00f6nem Fransa Maliye Bakan\u0131 olan Macron ile Fransa&#8217;daki i\u015fleri hakk\u0131nda &#8220;iyi bir g\u00f6r\u00fc\u015fme yapt\u0131\u011f\u0131n\u0131&#8221; belirtti.<\/p>\n<p><b>MACRON KEND\u0130S\u0130NDEN F\u0130K\u0130R \u0130STEM\u0130\u015e<\/b><\/p>\n<p>Epstein&#8217;\u0131n 30 A\u011fustos 2018 tarihli bir ba\u015fka e-posta yaz\u0131\u015fmas\u0131nda ise Macron&#8217;un kendisinden kurumlar, politikalar ve bilim dahil pek \u00e7ok ba\u015fl\u0131kta fikir istedi\u011fini \u00f6ne s\u00fcrd\u00fc\u011f\u00fc, Macron i\u00e7in &#8220;Avrupa&#8217;ya, belki de d\u00fcnyaya liderlik etmek istiyor&#8221; ifadelerini kulland\u0131\u011f\u0131 g\u00f6r\u00fcld\u00fc.<\/p>\n<p><b>FRANSA AYA\u011eA KALKTI<\/b><\/p>\n<p>Belgelerin a\u00e7\u0131klanmas\u0131n\u0131n ard\u0131ndan Fransa&#8217;da siyasi tepkiler de geldi. Frans\u0131z Vatanseverler Partisi (Patriotes) lideri Florian Philippot, ABD merkezli sosyal medya platformu X \u00fczerinden yapt\u0131\u011f\u0131 payla\u015f\u0131mda, Macron&#8217;un cumhurba\u015fkanl\u0131\u011f\u0131 \u00f6ncesinde ve sonras\u0131nda Epstein ile do\u011frudan ya da dolayl\u0131 i\u015f ili\u015fkileri bulundu\u011fu iddialar\u0131na tepki g\u00f6sterdi. Philippot, bu ba\u011flant\u0131lar\u0131n &#8220;Frans\u0131z ulusal g\u00fcvenli\u011fini tehlikeye att\u0131\u011f\u0131n\u0131&#8221; savunarak soru\u015fturma a\u00e7\u0131lmas\u0131 \u00e7a\u011fr\u0131s\u0131nda bulundu.<\/p>\n","protected":false},"excerpt":{"rendered":"<p>Jeffrey Epstein soru\u015fturmas\u0131na ili\u015fkin a\u00e7\u0131klanan yeni belgelerde Fransa Cumhurba\u015fkan\u0131 Emmanuel Macron&#8217;un isminin ge\u00e7mesi Fransa&#8217;da tart\u0131\u015fma yarat\u0131rken, muhalefet soru\u015fturma \u00e7a\u011fr\u0131s\u0131nda bulundu. Bu belgelerde Epstein&#8217;\u0131n Macron&#8217;un bir\u00e7ok konuda kendisinden yard\u0131m istedi\u011fini iddia etti\u011fi g\u00f6r\u00fcld\u00fc.<\/p>\n","protected":false},"author":1,"featured_media":30209,"comment_status":"open","ping_status":"open","sticky":false,"template":"","format":"standard","meta":{"footnotes":""},"categories":[12],"tags":[2183,4692],"class_list":["post-30208","post","type-post","status-publish","format-standard","has-post-thumbnail","hentry","category-siyaset","tag-epstein","tag-macronun"],"_links":{"self":[{"href":"https:\/\/bihavadis.com\/index.php\/wp-json\/wp\/v2\/posts\/30208","targetHints":{"allow":["GET"]}}],"collection":[{"href":"https:\/\/bihavadis.com\/index.php\/wp-json\/wp\/v2\/posts"}],"about":[{"href":"https:\/\/bihavadis.com\/index.php\/wp-json\/wp\/v2\/types\/post"}],"author":[{"embeddable":true,"href":"https:\/\/bihavadis.com\/index.php\/wp-json\/wp\/v2\/users\/1"}],"replies":[{"embeddable":true,"href":"https:\/\/bihavadis.com\/index.php\/wp-json\/wp\/v2\/comments?post=30208"}],"version-history":[{"count":1,"href":"https:\/\/bihavadis.com\/index.php\/wp-json\/wp\/v2\/posts\/30208\/revisions"}],"predecessor-version":[{"id":30210,"href":"https:\/\/bihavadis.com\/index.php\/wp-json\/wp\/v2\/posts\/30208\/revisions\/30210"}],"wp:featuredmedia":[{"embeddable":true,"href":"https:\/\/bihavadis.com\/index.php\/wp-json\/wp\/v2\/media\/30209"}],"wp:attachment":[{"href":"https:\/\/bihavadis.com\/index.php\/wp-json\/wp\/v2\/media?parent=30208"}],"wp:term":[{"taxonomy":"category","embeddable":true,"href":"https:\/\/bihavadis.com\/index.php\/wp-json\/wp\/v2\/categories?post=30208"},{"taxonomy":"post_tag","embeddable":true,"href":"https:\/\/bihavadis.com\/index.php\/wp-json\/wp\/v2\/tags?post=30208"}],"curies":[{"name":"wp","href":"https:\/\/api.w.org\/{rel}","templated":true}]}}