{"id":30211,"date":"2026-02-12T22:27:05","date_gmt":"2026-02-12T22:27:05","guid":{"rendered":"https:\/\/bihavadis.com\/?p=30211"},"modified":"2026-02-12T22:27:05","modified_gmt":"2026-02-12T22:27:05","slug":"izmir-yangin-sempozyumuna-ev-sahipligi-yapacak","status":"publish","type":"post","link":"https:\/\/bihavadis.com\/index.php\/2026\/02\/12\/izmir-yangin-sempozyumuna-ev-sahipligi-yapacak\/","title":{"rendered":"\u0130zmir yang\u0131n sempozyumuna ev sahipli\u011fi yapacak"},"content":{"rendered":"<p>\u0130zmir B\u00fcy\u00fck\u015fehir Belediyesi ve meslek odalar\u0131 i\u015f birli\u011fi ile bu y\u0131l 17-18 Eyl\u00fcl tarihlerinde 6\u2019nc\u0131s\u0131 d\u00fczenlenecek Uluslararas\u0131 Kat\u0131l\u0131ml\u0131 Yang\u0131n Sempozyumu ve Sergisi i\u00e7in haz\u0131rl\u0131klar ba\u015flad\u0131. Yang\u0131nla m\u00fccadele konusunda uzman isimleri bir araya getirecek sempozyumda yang\u0131n \u00f6nleme, denetleme ve s\u00f6nd\u00fcrme konular\u0131 ele al\u0131nacak.<\/p>\n<p>\u0130zmir B\u00fcy\u00fck\u015fehir Belediyesi ile T\u00fcrk M\u00fchendis ve Mimar Odalar\u0131 Birli\u011fi (TMMOB) b\u00fcnyesindeki meslek odalar\u0131n\u0131n i\u015f birli\u011finde bu y\u0131l 17-18 Eyl\u00fcl tarihlerinde 6\u2019nc\u0131s\u0131 d\u00fczenlenecek Uluslararas\u0131 Kat\u0131l\u0131ml\u0131 Yang\u0131n Sempozyumu ve Sergisi i\u00e7in haz\u0131rl\u0131klar ba\u015flad\u0131. Sempozyumun detaylar\u0131na ili\u015fkin bilgilendirme yapmak amac\u0131yla Makina M\u00fchendisleri Odas\u0131 (MMO) Tepekule Kongre ve Sergi Merkezi\u2019nde bas\u0131n toplant\u0131s\u0131 d\u00fczenlendi. Toplant\u0131ya \u0130zmir B\u00fcy\u00fck\u015fehir Belediyesi Genel Sekreter Yard\u0131mc\u0131s\u0131 \u0130smail Mutaf, \u0130zmir B\u00fcy\u00fck\u015fehir Belediyesi \u0130tfaiye Dairesi Ba\u015fkan\u0131 Ya\u015far Korkmaz ve Makina M\u00fchendisleri Odas\u0131 \u0130zmir \u015eubesi Ba\u015fkan\u0131 Ziya Haktan Karadeniz ile meslek odalar\u0131n\u0131n temsilcileri kat\u0131ld\u0131.\u00a0\u00a0<\/p>\n<p><strong>\u201c\u0130klim de\u011fi\u015fikli\u011finin etkilerini de g\u00f6z \u00f6n\u00fcnde bulundurmam\u0131z gerek\u201d<\/strong><\/p>\n<p>Toplant\u0131da konu\u015fan \u0130zmir B\u00fcy\u00fck\u015fehir Belediyesi Genel Sekreter Yard\u0131mc\u0131s\u0131 \u0130smail Mutaf, yang\u0131n\u0131n k\u00fcresel \u00e7apta ciddi bir g\u00fcvenlik tehdidi oldu\u011funu belirterek \u201cHer y\u0131l meydana gelen, yang\u0131nlar b\u00fcy\u00fck \u00f6l\u00e7ekte maddi hasara ve can kayb\u0131na neden oluyor. Bu tehdidi y\u00fckselten bir etken olarak iklim de\u011fi\u015fikli\u011fi, d\u00fcnya genelinde artan bir endi\u015fe kayna\u011f\u0131 haline geldi. \u0130klim de\u011fi\u015fikli\u011finin yol a\u00e7t\u0131\u011f\u0131 s\u0131cakl\u0131k art\u0131\u015f\u0131, kurakl\u0131k ve r\u00fczg\u00e2r ko\u015fullar\u0131ndaki de\u011fi\u015fimler, yang\u0131n riskini b\u00fcy\u00fck \u00f6l\u00e7\u00fcde art\u0131r\u0131yor. Bu nedenle, yang\u0131n g\u00fcvenli\u011fi stratejileri olu\u015ftururken ve uygularken, iklim de\u011fi\u015fikli\u011finin etkilerini de g\u00f6z \u00f6n\u00fcnde bulundurmam\u0131z gerek\u201d dedi.\u00a0\u00a0<\/p>\n<p><strong>\u201cG\u00fcncel ara\u015ft\u0131rmalar\u0131 dinleyecek, en son teknolojik yenilikleri g\u00f6rece\u011fiz\u201d<\/strong><\/p>\n<p>Teknolojide ya\u015fanan geli\u015fmelerle birlikte yang\u0131n g\u00fcvenli\u011fine y\u00f6nelik strateji ve uygulamalar\u0131n da s\u00fcrekli olarak ilerlemekte oldu\u011funu s\u00f6yleyen Mutaf, \u201cBug\u00fcn burada, bu geli\u015fmeleri de\u011ferlendirmek ve daha g\u00fcvenli bir gelecek i\u00e7in ortak \u00e7\u00f6z\u00fcm yollar\u0131n\u0131 ele almak \u00fczere bir araya gelmi\u015f bulunuyoruz. G\u00fcncel ara\u015ft\u0131rmalar\u0131 dinleyecek, en son teknolojik yenilikleri g\u00f6rece\u011fiz ve birbirimizle deneyimlerimizi payla\u015faca\u011f\u0131z\u201d dedi. Mutaf, d\u00fczenlenecek etkinli\u011fin, deneyim payla\u015f\u0131m\u0131na olanak sunan bir platform olman\u0131n \u00f6tesinde oldu\u011funu belirterek \u201cYeni i\u015f birliklerinin, ortak projelerin geli\u015ftirilmesine zemin haz\u0131rlayacakt\u0131r. Burada payla\u015f\u0131lan bilgiler ve kurulan temaslar, diren\u00e7li bir gelecek in\u015fa edilmesine \u00f6nemli katk\u0131lar sa\u011flayacakt\u0131r\u201d dedi.<\/p>\n<p><strong>\u00d6nleme, denetleme ve s\u00f6nd\u00fcrme<\/strong>\u00a0<strong>ba\u015fl\u0131klar\u0131 ele al\u0131nacak<\/strong><\/p>\n<p>Makina M\u00fchendisleri Odas\u0131 (MMO) Tepekule Kongre ve Sergi Merkezi\u2019nde d\u00fczenlenmesi planlanan etkinlikte; yang\u0131n g\u00fcvenli\u011fi alan\u0131nda bilimsel, teknik ve uygulamaya d\u00f6n\u00fck bilgi ve deneyim payla\u015f\u0131m\u0131 hedefleniyor. Sempozyumda yang\u0131n \u00f6nleme, denetleme ve s\u00f6nd\u00fcrme ba\u015fl\u0131klar\u0131 b\u00fct\u00fcnc\u00fcl bir yakla\u015f\u0131mla ele al\u0131narak, farkl\u0131 meslek disiplinlerinin katk\u0131s\u0131yla konunun \u00e7ok y\u00f6nl\u00fc bi\u00e7imde tart\u0131\u015f\u0131lmas\u0131 ama\u00e7lan\u0131yor.<\/p>\n<p>Etkinlik; kamu kurumlar\u0131, akademi, meslek odalar\u0131, \u00f6zel sekt\u00f6r temsilcileri ve uygulay\u0131c\u0131lar\u0131 bulu\u015fturarak yang\u0131n g\u00fcvenli\u011fi alan\u0131ndaki g\u00fcncel yakla\u015f\u0131mlar\u0131n, mevzuatlar\u0131n, teknolojik geli\u015fmelerin ve iyi uygulama \u00f6rneklerinin payla\u015f\u0131lmas\u0131na zemin olu\u015fturacak. E\u015f zamanl\u0131 olarak d\u00fczenlenecek sergi b\u00f6l\u00fcm\u00fcnde ise sekt\u00f6rdeki g\u00fcncel \u00fcr\u00fcn, sistem ve \u00e7\u00f6z\u00fcmler kat\u0131l\u0131mc\u0131lar\u0131n incelemesine sunulacak.<\/p>\n<p><strong>Sempozyum ve serginin payda\u015flar\u0131<\/strong><\/p>\n<p>6. Uluslararas\u0131 Kat\u0131l\u0131ml\u0131 Yang\u0131n Sempozyumu ve Sergisi; \u0130zmir B\u00fcy\u00fck\u015fehir Belediyesi \u0130tfaiye Dairesi Ba\u015fkanl\u0131\u011f\u0131, Makina M\u00fchendisleri Odas\u0131 \u0130zmir \u015eubesi, \u00c7evre M\u00fchendisleri Odas\u0131 \u0130zmir \u015eubesi, Elektrik M\u00fchendisleri Odas\u0131 \u0130zmir \u015eubesi, \u0130n\u015faat M\u00fchendisleri Odas\u0131 \u0130zmir \u015eubesi, Kimya M\u00fchendisleri Odas\u0131 Ege B\u00f6lge \u015eubesi, Maden M\u00fchendisleri Odas\u0131 \u0130zmir \u015eubesi, Mimarlar Odas\u0131 \u0130zmir \u015eubesi, Peyzaj Mimarlar\u0131 Odas\u0131 \u0130zmir \u015eubesi ve Tekstil M\u00fchendisleri Odas\u0131 \u0130zmir \u015eubesi i\u015f birli\u011fiyle d\u00fczenleniyor. Sempozyuma ili\u015fkin g\u00fcncel bilgi ve duyurulara, \u00a0\u00a0www.yanginsempozyumu.org\u00a0adresinden ula\u015f\u0131labilir.<\/p>\n<p>\u00a0<\/p>\n<p>Kaynak: (BYZHA) Beyaz Haber Ajans\u0131<\/p>\n","protected":false},"excerpt":{"rendered":"<p>\u0130zmir B\u00fcy\u00fck\u015fehir Belediyesi ve meslek odalar\u0131 i\u015f birli\u011fi ile bu y\u0131l 17-18 Eyl\u00fcl tarihlerinde 6\u2019nc\u0131s\u0131 d\u00fczenlenecek Uluslararas\u0131 Kat\u0131l\u0131ml\u0131 Yang\u0131n Sempozyumu ve Sergisi i\u00e7in haz\u0131rl\u0131klar ba\u015flad\u0131.<\/p>\n","protected":false},"author":1,"featured_media":30212,"comment_status":"open","ping_status":"open","sticky":false,"template":"","format":"standard","meta":{"footnotes":""},"categories":[4],"tags":[402,3416,1271,4693,600],"class_list":["post-30211","post","type-post","status-publish","format-standard","has-post-thumbnail","hentry","category-gundem","tag-ele","tag-guncel","tag-guvenli","tag-subesi","tag-yangin"],"_links":{"self":[{"href":"https:\/\/bihavadis.com\/index.php\/wp-json\/wp\/v2\/posts\/30211","targetHints":{"allow":["GET"]}}],"collection":[{"href":"https:\/\/bihavadis.com\/index.php\/wp-json\/wp\/v2\/posts"}],"about":[{"href":"https:\/\/bihavadis.com\/index.php\/wp-json\/wp\/v2\/types\/post"}],"author":[{"embeddable":true,"href":"https:\/\/bihavadis.com\/index.php\/wp-json\/wp\/v2\/users\/1"}],"replies":[{"embeddable":true,"href":"https:\/\/bihavadis.com\/index.php\/wp-json\/wp\/v2\/comments?post=30211"}],"version-history":[{"count":1,"href":"https:\/\/bihavadis.com\/index.php\/wp-json\/wp\/v2\/posts\/30211\/revisions"}],"predecessor-version":[{"id":30213,"href":"https:\/\/bihavadis.com\/index.php\/wp-json\/wp\/v2\/posts\/30211\/revisions\/30213"}],"wp:featuredmedia":[{"embeddable":true,"href":"https:\/\/bihavadis.com\/index.php\/wp-json\/wp\/v2\/media\/30212"}],"wp:attachment":[{"href":"https:\/\/bihavadis.com\/index.php\/wp-json\/wp\/v2\/media?parent=30211"}],"wp:term":[{"taxonomy":"category","embeddable":true,"href":"https:\/\/bihavadis.com\/index.php\/wp-json\/wp\/v2\/categories?post=30211"},{"taxonomy":"post_tag","embeddable":true,"href":"https:\/\/bihavadis.com\/index.php\/wp-json\/wp\/v2\/tags?post=30211"}],"curies":[{"name":"wp","href":"https:\/\/api.w.org\/{rel}","templated":true}]}}