{"id":30317,"date":"2026-02-12T23:39:39","date_gmt":"2026-02-12T23:39:39","guid":{"rendered":"https:\/\/bihavadis.com\/?p=30317"},"modified":"2026-02-12T23:39:39","modified_gmt":"2026-02-12T23:39:39","slug":"epsteindan-hamile-kaldigi-iddia-edilmisti-prenses-mette-marit-sessizligini-bozdu","status":"publish","type":"post","link":"https:\/\/bihavadis.com\/index.php\/2026\/02\/12\/epsteindan-hamile-kaldigi-iddia-edilmisti-prenses-mette-marit-sessizligini-bozdu\/","title":{"rendered":"Epstein&#8217;dan hamile kald\u0131\u011f\u0131 iddia edilmi\u015fti! Prenses Mette-Marit sessizli\u011fini bozdu"},"content":{"rendered":"<p>ABD&#8217;de kamuoyuna a\u00e7\u0131lan milyonlarca sayfal\u0131k Jeffrey Epstein dosyalar\u0131, Norve\u00e7 Veliaht Prensesi Mette-Marit ile Epstein aras\u0131ndaki ili\u015fkiyi yeniden d\u0131\u015f bas\u0131n\u0131n g\u00fcndemine ta\u015f\u0131d\u0131. Dosyalarda Kronprenses&#8217;in ad\u0131n\u0131n y\u00fczlerce, hatta binin \u00fczerinde kez ge\u00e7mesi, temas\u0131n boyutlar\u0131na ili\u015fkin tart\u0131\u015fmalar\u0131 derinle\u015ftirdi. Yeni belgeler, daha \u00f6nce kamuoyuna yans\u0131yan a\u00e7\u0131klamalardan \u00e7ok daha kapsaml\u0131 bir temas a\u011f\u0131na i\u015faret ediyor.<\/p>\n<p><b>H\u00dcK\u00dcM G\u0130YMES\u0130NE RA\u011eMEN \u0130LET\u0130\u015e\u0130MDE KALDILAR<\/b><\/p>\n<p>Norve\u00e7 ve uluslararas\u0131 medya analizlerine g\u00f6re, Mette-Marit ile Epstein aras\u0131ndaki sosyal ili\u015fki ilk olarak 2019 y\u0131l\u0131nda ortaya \u00e7\u0131km\u0131\u015ft\u0131. O d\u00f6nemde Norve\u00e7 bas\u0131n\u0131, Kronprenses&#8217;in 2011\u20132013 y\u0131llar\u0131 aras\u0131nda Epstein ile birka\u00e7 kez g\u00f6r\u00fc\u015ft\u00fc\u011f\u00fcn\u00fc ve Epstein&#8217;\u0131n 2008 y\u0131l\u0131nda re\u015fit olmayanlara y\u00f6nelik cinsel su\u00e7tan h\u00fck\u00fcm giymi\u015f olmas\u0131na ra\u011fmen temas\u0131n s\u00fcrd\u00fc\u011f\u00fcn\u00fc yazm\u0131\u015ft\u0131. Mette-Marit ise yapt\u0131\u011f\u0131 a\u00e7\u0131klamada Epstein&#8217;\u0131n su\u00e7 ge\u00e7mi\u015fini bilmedi\u011fini, ili\u015fkiyi s\u00fcrd\u00fcrmemesi gerekti\u011fini sonradan fark etti\u011fini belirterek pi\u015fmanl\u0131k ifade etmi\u015fti.<\/p>\n<div>\n<figure><img decoding=\"async\" src=\"https:\/\/bihavadis.com\/wp-content\/uploads\/2026\/02\/epsteindan-hamile-kaldigi-iddia-edilmisti-prenses-mette-marit-sessizligini-bozdu-0-mH4q1sWc.jpg\"\/><\/figure>\n<\/div>\n<p><b>Y\u00dcZLERCE YAZI\u015eMA ORTAYA \u00c7IKTI<\/b><\/p>\n<p>2026 y\u0131l\u0131nda yay\u0131mlanan yeni Epstein belgeleri ise ili\u015fkinin san\u0131landan \u00e7ok daha ileri boyutlarda oldu\u011funu ortaya koydu. Dosyalarda, Mette-Marit ile Epstein aras\u0131nda y\u00fczlerce e-posta yaz\u0131\u015fmas\u0131 bulundu\u011fu, Kronprenses&#8217;in Epstein&#8217;\u0131n Palm Beach&#8217;teki evini ziyaret etti\u011fi ve burada en az d\u00f6rt g\u00fcn konuk oldu\u011fu bilgileri yer ald\u0131. Belgelerde, g\u00f6r\u00fc\u015fme planlar\u0131, sosyal sohbetler ve daha ki\u015fisel tonlar i\u00e7eren mesajlara rastland\u0131\u011f\u0131, baz\u0131 yaz\u0131\u015fmalarda ise Epstein&#8217;\u0131n Mette-Marit&#8217;a y\u00f6nelik teklif ve mesajlar\u0131n\u0131n bulundu\u011fu iddia edildi. Hatta baz\u0131 belgelerde, Kronprenses&#8217;in bir d\u00f6nem Epstein&#8217;dan hamile kald\u0131\u011f\u0131na dair iddialar\u0131n da yer ald\u0131\u011f\u0131 aktar\u0131ld\u0131.<\/p>\n<p>Norve\u00e7 ve \u0130spanyol bas\u0131n\u0131nda yay\u0131mlanan yorumlarda, bu yeni kay\u0131tlar\u0131n Mette-Marit&#8217;in daha \u00f6nce kamuoyuna a\u00e7\u0131klad\u0131\u011f\u0131ndan daha uzun ve samimi bir ili\u015fkiyi i\u015faret etti\u011fi vurguland\u0131. D\u0131\u015f bas\u0131n analizlerinde, s\u00f6z konusu belgelerin Norve\u00e7 monar\u015fisinin itibar\u0131 a\u00e7\u0131s\u0131ndan hassas bir tablo ortaya koydu\u011fu ve kamuoyunun daha a\u00e7\u0131k ve net a\u00e7\u0131klamalar bekledi\u011fi ifade edildi.<\/p>\n<div>\n<figure><img decoding=\"async\" src=\"https:\/\/bihavadis.com\/wp-content\/uploads\/2026\/02\/epsteindan-hamile-kaldigi-iddia-edilmisti-prenses-mette-marit-sessizligini-bozdu-1-5vmkGdHz.jpg\"\/><\/figure>\n<\/div>\n<p><b>SESS\u0130ZL\u0130\u011e\u0130N\u0130 BOZDU<\/b><\/p>\n<p>Tart\u0131\u015fmalar s\u00fcrerken Norve\u00e7 Veliaht Prensesi Mette-Marit, Epstein dosyalar\u0131na ili\u015fkin yeni bir a\u00e7\u0131klama yapt\u0131. Kronprenses a\u00e7\u0131klamas\u0131nda \u015fu ifadelere yer verdi: &#8220;Ben k\u00f6t\u00fc bir de\u011ferlendirme yapt\u0131m ve Epstein ile herhangi bir temas\u0131m oldu\u011fu i\u00e7in derin pi\u015fmanl\u0131k duyuyorum. Bu utan\u00e7 verici. Epstein&#8217;\u0131n ge\u00e7mi\u015fini daha iyi ara\u015ft\u0131rmad\u0131\u011f\u0131m ve onun nas\u0131l bir insan oldu\u011funu yeterince h\u0131zl\u0131 anlayamad\u0131\u011f\u0131m sorumlulu\u011funu \u00fcstleniyorum.&#8221;<\/p>\n","protected":false},"excerpt":{"rendered":"<p>Epstein belgelerinde ismi y\u00fczlerce kez ge\u00e7en Norve\u00e7 Veliaht Prensesi Mette-Marit sessizli\u011fini bozdu. Mette-Marit &#8220;Ben k\u00f6t\u00fc bir de\u011ferlendirme yapt\u0131m ve Epstein ile herhangi bir temas\u0131m oldu\u011fu i\u00e7in derin pi\u015fmanl\u0131k duyuyorum. Bu utan\u00e7 verici. Epstein&#8217;\u0131n ge\u00e7mi\u015fini daha iyi ara\u015ft\u0131rmad\u0131\u011f\u0131m ve onun nas\u0131l bir insan oldu\u011funu yeterince h\u0131zl\u0131 anlayamad\u0131\u011f\u0131m sorumlulu\u011funu \u00fcstleniyorum&#8221; dedi. Prensesin bir d\u00f6nem Epstein&#8217;dan hamile kald\u0131\u011f\u0131 da iddialar aras\u0131ndayd\u0131.<\/p>\n","protected":false},"author":1,"featured_media":30318,"comment_status":"open","ping_status":"open","sticky":false,"template":"","format":"standard","meta":{"footnotes":""},"categories":[6],"tags":[2183,2080,4703,3939],"class_list":["post-30317","post","type-post","status-publish","format-standard","has-post-thumbnail","hentry","category-dunya","tag-epstein","tag-iliski","tag-mette-marit","tag-norvec"],"_links":{"self":[{"href":"https:\/\/bihavadis.com\/index.php\/wp-json\/wp\/v2\/posts\/30317","targetHints":{"allow":["GET"]}}],"collection":[{"href":"https:\/\/bihavadis.com\/index.php\/wp-json\/wp\/v2\/posts"}],"about":[{"href":"https:\/\/bihavadis.com\/index.php\/wp-json\/wp\/v2\/types\/post"}],"author":[{"embeddable":true,"href":"https:\/\/bihavadis.com\/index.php\/wp-json\/wp\/v2\/users\/1"}],"replies":[{"embeddable":true,"href":"https:\/\/bihavadis.com\/index.php\/wp-json\/wp\/v2\/comments?post=30317"}],"version-history":[{"count":1,"href":"https:\/\/bihavadis.com\/index.php\/wp-json\/wp\/v2\/posts\/30317\/revisions"}],"predecessor-version":[{"id":30321,"href":"https:\/\/bihavadis.com\/index.php\/wp-json\/wp\/v2\/posts\/30317\/revisions\/30321"}],"wp:featuredmedia":[{"embeddable":true,"href":"https:\/\/bihavadis.com\/index.php\/wp-json\/wp\/v2\/media\/30318"}],"wp:attachment":[{"href":"https:\/\/bihavadis.com\/index.php\/wp-json\/wp\/v2\/media?parent=30317"}],"wp:term":[{"taxonomy":"category","embeddable":true,"href":"https:\/\/bihavadis.com\/index.php\/wp-json\/wp\/v2\/categories?post=30317"},{"taxonomy":"post_tag","embeddable":true,"href":"https:\/\/bihavadis.com\/index.php\/wp-json\/wp\/v2\/tags?post=30317"}],"curies":[{"name":"wp","href":"https:\/\/api.w.org\/{rel}","templated":true}]}}