{"id":30367,"date":"2026-02-13T00:15:05","date_gmt":"2026-02-13T00:15:05","guid":{"rendered":"https:\/\/bihavadis.com\/?p=30367"},"modified":"2026-02-13T00:15:05","modified_gmt":"2026-02-13T00:15:05","slug":"menemenli-genclere-yks-destegine-devam","status":"publish","type":"post","link":"https:\/\/bihavadis.com\/index.php\/2026\/02\/13\/menemenli-genclere-yks-destegine-devam\/","title":{"rendered":"Menemenli gen\u00e7lere YKS deste\u011fine devam"},"content":{"rendered":"<p><b><i>Menemen&#8217;de \u00dcniversite s\u0131navlar\u0131na haz\u0131rlanan gen\u00e7lerin s\u0131nav har\u00e7lar\u0131n\u0131 bu y\u0131l da Menemen Belediyesi \u00f6deyecek. 4. y\u0131l\u0131na giren uygulama, aileler ve \u00f6\u011frenciler i\u00e7in can suyu niteli\u011fi ta\u015f\u0131rken, bu y\u0131l Menemen&#8217;de 1500&#8217;\u00fc a\u015fk\u0131n \u00f6\u011frencinin toplamda 3 milyon TL&#8217;ye yakla\u015fan paras\u0131 cebinde kalacak. Menemen Belediye Ba\u015fkan\u0131 Ayd\u0131n Pehlivan, &#8220;K\u0131rm\u0131z\u0131 \u00e7izgimiz olan e\u011fitimde hem \u00f6\u011frencilerimizin hem de ailelerinin yan\u0131nda durmaya, onlar\u0131n maddi ve manevi y\u00fck\u00fcml\u00fcl\u00fcklerine omuz vermeye devam edece\u011fiz.&#8221; dedi.<\/i><\/b><\/p>\n<p>Anaokulundan \u00fcniversite s\u0131ralar\u0131na kadar e\u011fitimin her kademesinde \u00f6\u011frencilerin yan\u0131nda duran Menemen Belediyesi, T\u00fcrkiye genelinde 2 bu\u00e7uk milyonun \u00fcst\u00fcnde \u00f6\u011frencinin YKS maratonunda s\u0131nav tarihleri yakla\u015f\u0131rken, Menemenli \u00f6\u011frencilerin yan\u0131nda olmay\u0131 s\u00fcrd\u00fcr\u00fcyor. Menemen Belediye Ba\u015fkan\u0131 Ayd\u0131n Pehlivan&#8217;\u0131n k\u0131rm\u0131z\u0131 \u00e7izgi olarak ifade etti\u011fi e\u011fitim desteklerinde YKS s\u0131nav harc\u0131 \u00f6demelerinde d\u00f6rd\u00fcnc\u00fc y\u0131la girildi.<\/p>\n<p><b>Yakla\u015f\u0131k 3 milyon TL&#8217;lik \u00f6deme yap\u0131lacak<\/b><\/p>\n<p>Geride kalan 3 y\u0131lda 5 bine yak\u0131n \u00f6\u011frencinin s\u0131nav giri\u015f \u00fccretlerini kar\u015f\u0131layan Menemen Belediyesi, bu y\u0131l da il\u00e7ede s\u0131nava girecek \u00f6\u011frencileri, ki\u015fi ba\u015f\u0131 toplam\u0131 2100 TL&#8217;yi bulan s\u0131nav \u00fccreti \u00f6demelerinde yaln\u0131z b\u0131rakmayacak. \u00d6\u011frencilerin ka\u00e7 s\u0131nava girece\u011fi ve ba\u015fvuru say\u0131s\u0131na g\u00f6re Menemen Belediyesi&#8217;nin yapaca\u011f\u0131 s\u0131nav harc\u0131 \u00f6demeleriyle toplamda 3 milyon TL&#8217;yi bulan s\u0131nav \u00fccreti, \u00f6\u011frenci ve ailelerin cebinde kalacak.<\/p>\n<p><b>&#8220;K\u0131ymetli ailelerimiz ve g\u00fczel evlatlar\u0131m\u0131z\u0131 asla yaln\u0131z b\u0131rakmayaca\u011f\u0131z&#8221;<\/b><\/p>\n<p>Menemen Belediye Ba\u015fkan\u0131 Ayd\u0131n Pehlivan, e\u011fitime yap\u0131lan her yat\u0131r\u0131m, gelece\u011fe yap\u0131lan yat\u0131r\u0131m oldu\u011funa dikkat \u00e7ekti. Ba\u015fkan Pehlivan, &#8220;Menemen Belediyesi olarak hen\u00fcz daha anaokuluna yaz\u0131lm\u0131\u015f miniklerimizden, her biri p\u0131rlanta gibi birer de\u011fer haline d\u00f6nm\u00fc\u015f \u00fcniversitelilerimize kadar e\u011fitimin her a\u015famas\u0131ndaki evlad\u0131m\u0131z\u0131n, gencimizin yan\u0131nday\u0131z. Onlar\u0131n y\u00fck\u00fcml\u00fcl\u00fcklerine omuz verip, s\u00fcre\u00e7lerinde destek olmak i\u00e7in kaynaklar\u0131m\u0131z\u0131 kullanmaktan hi\u00e7bir zaman \u00e7ekinmedik ve \u00e7ekinmiyoruz. Bu kapsamda belediyemiz b\u00fcnyesinde anaokulu say\u0131m\u0131z\u0131 art\u0131r\u0131yor, ilkokul birinci s\u0131n\u0131ftan, \u00fcniversiteden yeni mezun olmu\u015f gen\u00e7lerimize kadar t\u00fcm evlatlar\u0131m\u0131za k\u0131rtasiye deste\u011finden, can suyu desteklerimize kadar yard\u0131mlar\u0131m\u0131z\u0131 yap\u0131yoruz. \u015eube say\u0131s\u0131n\u0131 3&#8217;e \u00e7\u0131kard\u0131\u011f\u0131m\u0131z MEBGEM&#8217;de evlatlar\u0131m\u0131z\u0131 lise ve \u00fcniversite s\u0131navlar\u0131na hi\u00e7bir \u00fccret almadan haz\u0131rlarken, il\u00e7emizdeki t\u00fcm 8 ve 12. s\u0131n\u0131f \u00f6\u011frencilerimize dijital e\u011fitim paketlerini her y\u0131l da\u011f\u0131tmay\u0131 s\u00fcrd\u00fcr\u00fcyoruz. \u00dcniversite \u00f6\u011frencilerimizin sabahlar\u0131 derse girmeden \u00f6nce i\u00e7tikleri s\u0131cak \u00e7orbadan, ihtiya\u00e7 sahibi \u00f6\u011frencilerimizin okul malzemelerinin teminine kadar gerekli olan her alanda evlatlar\u0131m\u0131z\u0131n yan\u0131nday\u0131z. \u00c7\u00fcnk\u00fc biliyoruz ki e\u011fitime yat\u0131rd\u0131\u011f\u0131m\u0131z her bir kuru\u015f, sadece Menemen&#8217;de de\u011fil, \u00fclkemize ve t\u00fcm insanl\u0131\u011fa yap\u0131lm\u0131\u015f olan desteklerdir. K\u0131ymetli ailelerimiz ve g\u00fczel evlatlar\u0131m\u0131z\u0131 asla yaln\u0131z b\u0131rakmayaca\u011f\u0131z. Bunu en b\u00fcy\u00fck sorumluluklar\u0131m\u0131zdan g\u00f6r\u00fcyoruz.&#8221; ifadelerini kulland\u0131.<\/p>\n<p>\u00a0<\/p>\n<p>Kaynak: (BYZHA) Beyaz Haber Ajans\u0131<\/p>\n","protected":false},"excerpt":{"rendered":"<p>Menemen&#8217;de \u00dcniversite s\u0131navlar\u0131na haz\u0131rlanan gen\u00e7lerin s\u0131nav har\u00e7lar\u0131n\u0131 bu y\u0131l da Menemen Belediyesi \u00f6deyecek.<\/p>\n","protected":false},"author":1,"featured_media":30368,"comment_status":"open","ping_status":"open","sticky":false,"template":"","format":"standard","meta":{"footnotes":""},"categories":[7],"tags":[233,1125,1002,1430,723],"class_list":["post-30367","post","type-post","status-publish","format-standard","has-post-thumbnail","hentry","category-egitim","tag-egitim","tag-menemen","tag-ogrenciler","tag-sinav","tag-universite"],"_links":{"self":[{"href":"https:\/\/bihavadis.com\/index.php\/wp-json\/wp\/v2\/posts\/30367","targetHints":{"allow":["GET"]}}],"collection":[{"href":"https:\/\/bihavadis.com\/index.php\/wp-json\/wp\/v2\/posts"}],"about":[{"href":"https:\/\/bihavadis.com\/index.php\/wp-json\/wp\/v2\/types\/post"}],"author":[{"embeddable":true,"href":"https:\/\/bihavadis.com\/index.php\/wp-json\/wp\/v2\/users\/1"}],"replies":[{"embeddable":true,"href":"https:\/\/bihavadis.com\/index.php\/wp-json\/wp\/v2\/comments?post=30367"}],"version-history":[{"count":1,"href":"https:\/\/bihavadis.com\/index.php\/wp-json\/wp\/v2\/posts\/30367\/revisions"}],"predecessor-version":[{"id":30369,"href":"https:\/\/bihavadis.com\/index.php\/wp-json\/wp\/v2\/posts\/30367\/revisions\/30369"}],"wp:featuredmedia":[{"embeddable":true,"href":"https:\/\/bihavadis.com\/index.php\/wp-json\/wp\/v2\/media\/30368"}],"wp:attachment":[{"href":"https:\/\/bihavadis.com\/index.php\/wp-json\/wp\/v2\/media?parent=30367"}],"wp:term":[{"taxonomy":"category","embeddable":true,"href":"https:\/\/bihavadis.com\/index.php\/wp-json\/wp\/v2\/categories?post=30367"},{"taxonomy":"post_tag","embeddable":true,"href":"https:\/\/bihavadis.com\/index.php\/wp-json\/wp\/v2\/tags?post=30367"}],"curies":[{"name":"wp","href":"https:\/\/api.w.org\/{rel}","templated":true}]}}