{"id":3041,"date":"2026-01-28T09:33:05","date_gmt":"2026-01-28T09:33:05","guid":{"rendered":"https:\/\/bihavadis.com\/?p=3041"},"modified":"2026-01-28T09:33:05","modified_gmt":"2026-01-28T09:33:05","slug":"abd-orta-doguda-askeri-tatbikat-yapacak","status":"publish","type":"post","link":"https:\/\/bihavadis.com\/index.php\/2026\/01\/28\/abd-orta-doguda-askeri-tatbikat-yapacak\/","title":{"rendered":"ABD, Orta Do\u011fu&#8217;da askeri tatbikat yapacak"},"content":{"rendered":"<p>Amerika ile \u0130ran aras\u0131ndaki gerilim s\u00fcr\u00fcyor.<\/p>\n<p>Bu gerilim s\u00fcrerken, Amerika&#8217;dan dikkat \u00e7eken bir hamle geldi.\u00a0<\/p>\n<p>ABD, \u0130ran&#8217;daki gerilimli havaya ra\u011fmen Orta Do\u011fu&#8217;da askeri tatbikat yapmaya haz\u0131rlan\u0131yor.\u00a0<\/p>\n<p>ABD Merkez Kuvvetler Komutanl\u0131\u011f\u0131na (CENTCOM) ba\u011fl\u0131 Hava Kuvvetlerinin (AFCENT), ABD-\u0130ran geriliminin t\u0131rmand\u0131\u011f\u0131 bir d\u00f6nemde CENTCOM sorumluluk alan\u0131nda birka\u00e7 g\u00fcn s\u00fcrecek tatbikat ger\u00e7ekle\u015ftirece\u011fi bildirildi.<\/p>\n<p>CENTCOM&#8217;dan yap\u0131lan yaz\u0131l\u0131 a\u00e7\u0131klamada, AFCENT&#8217;in ABD&#8217;ye ait muharip hava g\u00fcc\u00fcn\u00fcn konu\u015fland\u0131r\u0131lmas\u0131, da\u011f\u0131t\u0131lmas\u0131 ve s\u00fcrd\u00fcr\u00fclebilirli\u011fini g\u00f6stermek amac\u0131yla CENTCOM sorumluluk sahas\u0131nda birka\u00e7 g\u00fcn s\u00fcrecek bir tatbikat ger\u00e7ekle\u015ftirece\u011fi belirtildi.<\/p>\n<p><strong>TATB\u0130KATIN DETAYLARI<\/strong><\/p>\n<p>Tatbikat\u0131n askeri unsurlar ile personelin da\u011f\u0131t\u0131m kapasitesini art\u0131rmak, b\u00f6lgesel ortakl\u0131klar\u0131 g\u00fc\u00e7lendirmek ve CENTCOM genelinde esnek m\u00fcdahale kabiliyetine haz\u0131rl\u0131k yapmak amac\u0131yla tasarland\u0131\u011f\u0131na dikkat \u00e7ekilen a\u00e7\u0131klamada, bu kapsamda bir\u00e7ok acil durum noktas\u0131na ekipler sevk edilece\u011fi ve destek paketleriyle h\u0131zl\u0131 kurulum, kalk\u0131\u015f ve geri d\u00f6n\u00fc\u015f prosed\u00fcrlerinin do\u011frulanaca\u011f\u0131 kaydedildi.<\/p>\n<p>A\u00e7\u0131klamada, t\u00fcm faaliyetlerin ev sahibi \u00fclkelerin onay\u0131yla, sivil ve askeri havac\u0131l\u0131k makamlar\u0131yla yak\u0131n koordinasyon i\u00e7inde y\u00fcr\u00fct\u00fclece\u011fi, g\u00fcvenlik, hassasiyet ve egemenli\u011fe sayg\u0131n\u0131n esas al\u0131naca\u011f\u0131 vurguland\u0131.<\/p>\n<p><img decoding=\"async\" src=\"https:\/\/bihavadis.com\/wp-content\/uploads\/2026\/01\/abd-orta-doguda-askeri-tatbikat-yapacak-0-D7zMadt7.jpg\"\/><\/p>\n<p><strong>ABD, \u0130RAN KONUSUNDAK\u0130 SE\u00c7ENEKLER\u0130 DE\u011eERLEND\u0130R\u0130YOR<\/strong><\/p>\n<p>Bu a\u00e7\u0131klama, ABD Ba\u015fkan\u0131 Donald Trump&#8217;\u0131n \u0130ran&#8217;daki protestolara y\u00f6nelik m\u00fcdahalelerin ard\u0131ndan \u0130ran&#8217;a kar\u015f\u0131 askeri se\u00e7eneklerin g\u00fcndeme gelebilece\u011fine dair a\u00e7\u0131klamalar\u0131n\u0131n ard\u0131ndan geldi.<\/p>\n<p>CNN&#8217;in ismi belirtilmeyen kaynaklara dayand\u0131rd\u0131\u011f\u0131 haberinde, ABD&#8217;nin \u0130ran&#8217;a kar\u015f\u0131 ne t\u00fcr bir ad\u0131m ataca\u011f\u0131 ya da at\u0131p atmayaca\u011f\u0131 konusundaki se\u00e7eneklerin de\u011ferlendirildi\u011fi ve hen\u00fcz karar verilmedi\u011fi kaydedildi.<\/p>\n<p>ABD ile \u0130ran aras\u0131ndaki gerilim, \u0130ran&#8217;da h\u00fck\u00fcmet kar\u015f\u0131t\u0131 protestolara y\u00f6nelik m\u00fcdahaleler sonras\u0131 t\u0131rmanm\u0131\u015f, Trump, Tahran y\u00f6netiminin tutumunu de\u011fi\u015ftirmemesi halinde askeri ad\u0131mlar\u0131n de\u011ferlendirilebilece\u011fini ifade etmi\u015fti.<\/p>\n<p>Trump, daha sonra \u0130ran&#8217;\u0131n &#8220;<em><b>g\u00f6r\u00fc\u015fmek istedi\u011fini&#8221;<\/b><\/em> vurgulayarak olas\u0131 bir diplomatik \u00e7\u00f6z\u00fcme i\u015faret etmi\u015fti.<\/p>\n<p><img decoding=\"async\" src=\"https:\/\/bihavadis.com\/wp-content\/uploads\/2026\/01\/abd-orta-doguda-askeri-tatbikat-yapacak-1-9NDCg14t.jpg\"\/><\/p>\n<p><strong>\u0130RAN&#8217;DAK\u0130 G\u00d6STER\u0130LER<\/strong><\/p>\n<p>\u0130ran&#8217;da 28 Aral\u0131k 2025&#8217;te yerel para biriminin d\u00f6viz kar\u015f\u0131s\u0131nda h\u0131zla de\u011fer kaybetmesi ve ekonomik s\u0131k\u0131nt\u0131lar\u0131n derinle\u015fmesi nedeniyle Tahran B\u00fcy\u00fck \u00c7ar\u015f\u0131&#8217;da esnaf\u0131n \u00f6nc\u00fcl\u00fc\u011f\u00fcnde ba\u015flayan g\u00f6steriler \u00fclke geneline yay\u0131lm\u0131\u015ft\u0131.<\/p>\n<p>Ba\u015fkent Tahran&#8217;da 8 Ocak&#8217;ta \u015fiddetlenen protestolar s\u0131ras\u0131nda \u00e7\u0131kan olaylar sonras\u0131nda \u00fclke y\u00f6netimi internet eri\u015fimini engellemi\u015fti. G\u00f6sterilerin sona ermesinin ard\u0131ndan son g\u00fcnlerde internet eri\u015fimi k\u0131smen ve s\u0131n\u0131rl\u0131 \u015fekilde yeniden sa\u011flanm\u0131\u015ft\u0131.<\/p>\n<p>\u0130ran \u015eehit ve Gaziler Vakf\u0131n\u0131n Adli T\u0131p Kurumuna dayand\u0131rd\u0131\u011f\u0131 21 Ocak&#8217;taki a\u00e7\u0131klamas\u0131nda g\u00f6steriler s\u0131ras\u0131nda \u00e7\u0131kan olaylarda g\u00fcvenlik g\u00fc\u00e7leri ve siviller dahil 3 bin 117 ki\u015finin hayat\u0131n\u0131 kaybetti\u011fini duyurmu\u015ftu.<\/p>\n<p>ABD merkezli \u0130ran \u0130nsan Haklar\u0131 Aktivistleri Haber Ajans\u0131 (HRANA) ise g\u00f6sterilerde \u00e7\u0131kan olaylarda 5 bin 848 ki\u015finin hayat\u0131n\u0131 kaybetti\u011fini, 41 bin 283 ki\u015finin g\u00f6zalt\u0131na al\u0131nd\u0131\u011f\u0131n\u0131 duyurmu\u015ftu.<\/p>\n","protected":false},"excerpt":{"rendered":"<p>ABD Hava Kuvvetleri&#8217;nin, ABD-\u0130ran geriliminin t\u0131rmand\u0131\u011f\u0131 bir d\u00f6nemde CENTCOM sorumluluk alan\u0131nda birka\u00e7 g\u00fcn s\u00fcrecek tatbikat ger\u00e7ekle\u015ftirece\u011fi bildirildi.<\/p>\n","protected":false},"author":1,"featured_media":3042,"comment_status":"open","ping_status":"open","sticky":false,"template":"","format":"standard","meta":{"footnotes":""},"categories":[6],"tags":[272,274,273,271,275],"class_list":["post-3041","post","type-post","status-publish","format-standard","has-post-thumbnail","hentry","category-dunya","tag-abd","tag-centcom","tag-gosteriler","tag-iran","tag-tatbikat"],"_links":{"self":[{"href":"https:\/\/bihavadis.com\/index.php\/wp-json\/wp\/v2\/posts\/3041","targetHints":{"allow":["GET"]}}],"collection":[{"href":"https:\/\/bihavadis.com\/index.php\/wp-json\/wp\/v2\/posts"}],"about":[{"href":"https:\/\/bihavadis.com\/index.php\/wp-json\/wp\/v2\/types\/post"}],"author":[{"embeddable":true,"href":"https:\/\/bihavadis.com\/index.php\/wp-json\/wp\/v2\/users\/1"}],"replies":[{"embeddable":true,"href":"https:\/\/bihavadis.com\/index.php\/wp-json\/wp\/v2\/comments?post=3041"}],"version-history":[{"count":1,"href":"https:\/\/bihavadis.com\/index.php\/wp-json\/wp\/v2\/posts\/3041\/revisions"}],"predecessor-version":[{"id":3045,"href":"https:\/\/bihavadis.com\/index.php\/wp-json\/wp\/v2\/posts\/3041\/revisions\/3045"}],"wp:featuredmedia":[{"embeddable":true,"href":"https:\/\/bihavadis.com\/index.php\/wp-json\/wp\/v2\/media\/3042"}],"wp:attachment":[{"href":"https:\/\/bihavadis.com\/index.php\/wp-json\/wp\/v2\/media?parent=3041"}],"wp:term":[{"taxonomy":"category","embeddable":true,"href":"https:\/\/bihavadis.com\/index.php\/wp-json\/wp\/v2\/categories?post=3041"},{"taxonomy":"post_tag","embeddable":true,"href":"https:\/\/bihavadis.com\/index.php\/wp-json\/wp\/v2\/tags?post=3041"}],"curies":[{"name":"wp","href":"https:\/\/api.w.org\/{rel}","templated":true}]}}