{"id":30567,"date":"2026-02-13T02:27:08","date_gmt":"2026-02-13T02:27:08","guid":{"rendered":"https:\/\/bihavadis.com\/?p=30567"},"modified":"2026-02-13T02:27:08","modified_gmt":"2026-02-13T02:27:08","slug":"ishak-pasa-sarayi-kisin-da-ziyaretcilerini-buyuluyor","status":"publish","type":"post","link":"https:\/\/bihavadis.com\/index.php\/2026\/02\/13\/ishak-pasa-sarayi-kisin-da-ziyaretcilerini-buyuluyor\/","title":{"rendered":"\u0130shak Pa\u015fa Saray\u0131 k\u0131\u015f\u0131n da ziyaret\u00e7ilerini b\u00fcy\u00fcl\u00fcyor"},"content":{"rendered":"<p>Osmanl\u0131 d\u00f6neminin en \u00f6nemli mimari eserleri aras\u0131nda g\u00f6sterilen \u0130shak Pa\u015fa Saray\u0131, k\u0131\u015f mevsiminde de ziyaret\u00e7ilerin u\u011frak noktas\u0131 olmaya devam ediyor. Kar \u00f6rt\u00fcs\u00fcyle \u00e7evrilen tarihi yap\u0131, ortaya \u00e7\u0131kan manzaras\u0131yla g\u00f6rsel bir \u015f\u00f6len sunuyor.<\/p>\n<p><strong>UNESCO L\u0130STES\u0130NDEK\u0130 TAR\u0130H\u0130 M\u0130RAS<\/strong><\/p>\n<p>UNESCO D\u00fcnya Miras\u0131 Ge\u00e7ici Listesi\u2019nde yer alan \u0130shak Pa\u015fa Saray\u0131, y\u0131l\u0131n her d\u00f6neminde ziyaret edilebilen ender tarihi yap\u0131lardan biri olarak \u00f6ne \u00e7\u0131k\u0131yor. Saray, bulundu\u011fu konum ve ihti\u015faml\u0131 mimarisiyle b\u00f6lgenin k\u00fclt\u00fcrel miras\u0131n\u0131 yans\u0131t\u0131yor.<\/p>\n<p><img decoding=\"async\" src=\"https:\/\/bihavadis.com\/wp-content\/uploads\/2026\/02\/ishak-pasa-sarayi-kisin-da-ziyaretcilerini-buyuluyor-0-2zDBrsbC.jpg\"\/><\/p>\n<p><strong>LALE DEVR\u0130&#8217;N\u0130N \u0130ZLER\u0130N\u0130 TA\u015eIYOR<\/strong><\/p>\n<p>Osmanl\u0131\u2019n\u0131n Lale Devri\u2019nde in\u015fa edilen saray yerle\u015fkesinde; cami, divan ve harem salonlar\u0131, i\u00e7 ve d\u0131\u015f avlular, surlar, t\u00fcrbe ve \u00e7ok say\u0131da oda bulunuyor. Yap\u0131, d\u00f6nemin mimari anlay\u0131\u015f\u0131n\u0131 yans\u0131tan detaylar\u0131yla dikkat \u00e7ekiyor.<\/p>\n<p><img decoding=\"async\" src=\"https:\/\/bihavadis.com\/wp-content\/uploads\/2026\/02\/ishak-pasa-sarayi-kisin-da-ziyaretcilerini-buyuluyor-1-hBpQIylc.jpg\"\/><\/p>\n<p><strong>FARKLI M\u0130MAR\u0130 \u00dcSLUPLAR B\u0130R ARADA<\/strong><\/p>\n<p>\u0130shak Pa\u015fa Saray\u0131\u2019n\u0131n mimarisinde Osmanl\u0131 ve Sel\u00e7uklu tarzlar\u0131n\u0131n yan\u0131 s\u0131ra Barok ve Rokoko etkileri de g\u00f6r\u00fcl\u00fcyor. Duvarlardaki ta\u015f s\u00fcslemeler ve ince i\u015f\u00e7ilik, ziyaret\u00e7ilere adeta ge\u00e7mi\u015fe do\u011fru bir yolculuk ya\u015fat\u0131yor.<\/p>\n<p><img decoding=\"async\" src=\"https:\/\/bihavadis.com\/wp-content\/uploads\/2026\/02\/ishak-pasa-sarayi-kisin-da-ziyaretcilerini-buyuluyor-2-2jubtKWO.jpg\"\/><\/p>\n<p><strong>KARLA KAPLI G\u00d6R\u00dcNT\u00dcS\u00dc HAYRAN BIRAKIYOR<\/strong><\/p>\n<p>K\u0131\u015f aylar\u0131nda saray\u0131n \u00e7evresini saran kar \u00f6rt\u00fcs\u00fc, tarihi yap\u0131y\u0131 daha da etkileyici hale getiriyor. Beyaz \u00f6rt\u00fcyle b\u00fct\u00fcnle\u015fen saray, foto\u011fraf tutkunlar\u0131n\u0131n da ilgisini \u00e7ekerek kartpostall\u0131k g\u00f6r\u00fcnt\u00fcler olu\u015fturuyor.<\/p>\n<p><img decoding=\"async\" src=\"https:\/\/bihavadis.com\/wp-content\/uploads\/2026\/02\/ishak-pasa-sarayi-kisin-da-ziyaretcilerini-buyuluyor-3-QiI9fyP1.jpg\"\/><\/p>\n<p><img decoding=\"async\" src=\"https:\/\/bihavadis.com\/wp-content\/uploads\/2026\/02\/ishak-pasa-sarayi-kisin-da-ziyaretcilerini-buyuluyor-4-t6ZltkFL.jpg\"\/><\/p>\n<p><img decoding=\"async\" src=\"https:\/\/bihavadis.com\/wp-content\/uploads\/2026\/02\/ishak-pasa-sarayi-kisin-da-ziyaretcilerini-buyuluyor-5-Kz2Zh5Cc.jpg\"\/><\/p>\n<p><img decoding=\"async\" src=\"https:\/\/bihavadis.com\/wp-content\/uploads\/2026\/02\/ishak-pasa-sarayi-kisin-da-ziyaretcilerini-buyuluyor-6-kz6pj7TX.jpg\"\/><\/p>\n<p><img decoding=\"async\" src=\"https:\/\/bihavadis.com\/wp-content\/uploads\/2026\/02\/ishak-pasa-sarayi-kisin-da-ziyaretcilerini-buyuluyor-7-BcWiRlmF.jpg\"\/><\/p>\n<p><img decoding=\"async\" src=\"https:\/\/bihavadis.com\/wp-content\/uploads\/2026\/02\/ishak-pasa-sarayi-kisin-da-ziyaretcilerini-buyuluyor-8-AOY8t4l2.jpg\"\/><\/p>\n","protected":false},"excerpt":{"rendered":"<p>A\u011fr\u0131\u2019n\u0131n Do\u011fubayaz\u0131t il\u00e7esindeki tarihi \u0130shak Pa\u015fa Saray\u0131, karla kaplanan siluetiyle so\u011fuk havaya ra\u011fmen yerli ve yabanc\u0131 ziyaret\u00e7ileri a\u011f\u0131rlamay\u0131 s\u00fcrd\u00fcr\u00fcyor.<\/p>\n","protected":false},"author":1,"featured_media":30568,"comment_status":"open","ping_status":"open","sticky":false,"template":"","format":"standard","meta":{"footnotes":""},"categories":[7],"tags":[4739,4738],"class_list":["post-30567","post","type-post","status-publish","format-standard","has-post-thumbnail","hentry","category-egitim","tag-mimari","tag-saray"],"_links":{"self":[{"href":"https:\/\/bihavadis.com\/index.php\/wp-json\/wp\/v2\/posts\/30567","targetHints":{"allow":["GET"]}}],"collection":[{"href":"https:\/\/bihavadis.com\/index.php\/wp-json\/wp\/v2\/posts"}],"about":[{"href":"https:\/\/bihavadis.com\/index.php\/wp-json\/wp\/v2\/types\/post"}],"author":[{"embeddable":true,"href":"https:\/\/bihavadis.com\/index.php\/wp-json\/wp\/v2\/users\/1"}],"replies":[{"embeddable":true,"href":"https:\/\/bihavadis.com\/index.php\/wp-json\/wp\/v2\/comments?post=30567"}],"version-history":[{"count":1,"href":"https:\/\/bihavadis.com\/index.php\/wp-json\/wp\/v2\/posts\/30567\/revisions"}],"predecessor-version":[{"id":30578,"href":"https:\/\/bihavadis.com\/index.php\/wp-json\/wp\/v2\/posts\/30567\/revisions\/30578"}],"wp:featuredmedia":[{"embeddable":true,"href":"https:\/\/bihavadis.com\/index.php\/wp-json\/wp\/v2\/media\/30568"}],"wp:attachment":[{"href":"https:\/\/bihavadis.com\/index.php\/wp-json\/wp\/v2\/media?parent=30567"}],"wp:term":[{"taxonomy":"category","embeddable":true,"href":"https:\/\/bihavadis.com\/index.php\/wp-json\/wp\/v2\/categories?post=30567"},{"taxonomy":"post_tag","embeddable":true,"href":"https:\/\/bihavadis.com\/index.php\/wp-json\/wp\/v2\/tags?post=30567"}],"curies":[{"name":"wp","href":"https:\/\/api.w.org\/{rel}","templated":true}]}}