{"id":30611,"date":"2026-02-13T03:03:05","date_gmt":"2026-02-13T03:03:05","guid":{"rendered":"https:\/\/bihavadis.com\/?p=30611"},"modified":"2026-02-13T03:03:05","modified_gmt":"2026-02-13T03:03:05","slug":"geyve-belediyesi-camilerde-ikinci-tur-temizlik-calismalarina-basladi","status":"publish","type":"post","link":"https:\/\/bihavadis.com\/index.php\/2026\/02\/13\/geyve-belediyesi-camilerde-ikinci-tur-temizlik-calismalarina-basladi\/","title":{"rendered":"Geyve Belediyesi Camilerde \u0130kinci Tur Temizlik \u00c7al\u0131\u015fmalar\u0131na Ba\u015flad\u0131"},"content":{"rendered":"<p>Geyve Belediyesi, il\u00e7edeki t\u00fcm camilerde ba\u015flatt\u0131\u011f\u0131 kapsaml\u0131 temizlik \u00e7al\u0131\u015fmalar\u0131n\u0131 tamamlad\u0131. Mahalle mahalle dola\u015farak t\u00fcm camilerin detayl\u0131 temizli\u011fini ger\u00e7ekle\u015ftiren belediye ekipleri, Ramazan\u2019a say\u0131l\u0131 g\u00fcnler kala Ba\u015fkan Y\u0131ld\u0131z\u2019\u0131n talimat\u0131 ile ikinci tur temizlik \u00e7al\u0131\u015fmalar\u0131na da ba\u015flad\u0131.<\/p>\n<p>Geyve Belediyesi Destek Hizmetleri Amirli\u011fi koordinesinde y\u00fcr\u00fct\u00fclen \u00e7al\u0131\u015fmalarda camilerin i\u00e7 ve d\u0131\u015f alanlar\u0131 titizlikle temizleniyor. Hal\u0131lar s\u00fcp\u00fcr\u00fcl\u00fcp, camlar, mihrap, minber ve k\u00fcrs\u00fc gibi alanlar \u00f6zenle siliniyor. Ayr\u0131ca abdesthaneler ve \u015fad\u0131rvanlar da hijyen kurallar\u0131na uygun \u015fekilde dezenfekte ediliyor.<\/p>\n<p>\u0130l\u00e7e genelindeki t\u00fcm mahalleleri kapsayan \u00e7al\u0131\u015fmalarda vatanda\u015flar\u0131n ibadetlerini daha sa\u011fl\u0131kl\u0131 ve huzurlu bir ortamda ger\u00e7ekle\u015ftirebilmeleri ama\u00e7lan\u0131yor.<\/p>\n<p><b>Ba\u015fkan Y\u0131ld\u0131z\u2019dan Ramazan Mesaj\u0131<\/b><\/p>\n<p>Geyve Belediye Ba\u015fkan\u0131 Sel\u00e7uk Y\u0131ld\u0131z yapt\u0131\u011f\u0131 a\u00e7\u0131klamada, Ramazan ay\u0131n\u0131n manevi atmosferine uygun bir haz\u0131rl\u0131k s\u00fcreci y\u00fcr\u00fctt\u00fcklerini belirterek \u015funlar\u0131 s\u00f6yledi:<\/p>\n<p>\u201cRamazan ay\u0131, birlik ve beraberli\u011fimizin peki\u015fti\u011fi, manevi duygular\u0131m\u0131z\u0131n g\u00fc\u00e7lendi\u011fi m\u00fcstesna bir zaman dilimidir. Hem\u015fehrilerimizin ibadetlerini temiz, huzurlu ve ferah bir ortamda yapabilmeleri i\u00e7in ekiplerimiz \u00f6zveriyle \u00e7al\u0131\u015f\u0131yor. 2025 y\u0131l\u0131n\u0131n sonunda ba\u015flad\u0131\u011f\u0131m\u0131z temizlik \u00e7al\u0131\u015fmas\u0131 kapsam\u0131nda il\u00e7emizdeki t\u00fcm camilerimizin temizliklerini tamamlad\u0131k. Ramazan\u2019a say\u0131l\u0131 g\u00fcnler kala ikinci tur temizlik \u00e7al\u0131\u015fmalar\u0131na da ba\u015flayarak haz\u0131rl\u0131klar\u0131m\u0131z\u0131 en \u00fcst seviyeye ta\u015f\u0131yoruz. Geyve Belediyesi olarak her zaman vatanda\u015flar\u0131m\u0131z\u0131n konforu i\u00e7in canla ba\u015fla \u00e7al\u0131\u015f\u0131yoruz.\u201d<\/p>\n<p>Belediye Ba\u015fkan\u0131 Sel\u00e7uk Y\u0131ld\u0131z ayr\u0131ca Ramazan ay\u0131n\u0131n Geyve\u2019ye, \u00fclkemize ve t\u00fcm \u0130slam \u00e2lemine hay\u0131rlar getirmesini temenni etti.<\/p>\n<p>Cami cemaatleri, din g\u00f6revlileri ve muhtarlar ise yap\u0131lan \u00e7al\u0131\u015fmalardan duyduklar\u0131 memnuniyeti dile getirerek Geyve Belediyesi\u2019ne te\u015fekk\u00fcr etti. \u00d6zellikle Ramazan \u00f6ncesi yap\u0131lan ikinci temizlik uygulamas\u0131n\u0131n, camilerde yo\u011funlu\u011fun artaca\u011f\u0131 bu d\u00f6nemde \u00f6nemli bir hizmet oldu\u011fu vurguland\u0131.<\/p>\n<p>\u00a0<\/p>\n<p>\u00a0<\/p>\n<p>Kaynak: (BYZHA) Beyaz Haber Ajans\u0131<\/p>\n","protected":false},"excerpt":{"rendered":"<p>Geyve Belediyesi, il\u00e7edeki t\u00fcm camilerde ba\u015flatt\u0131\u011f\u0131 kapsaml\u0131 temizlik \u00e7al\u0131\u015fmalar\u0131n\u0131 tamamlad\u0131.<\/p>\n","protected":false},"author":1,"featured_media":30612,"comment_status":"open","ping_status":"open","sticky":false,"template":"","format":"standard","meta":{"footnotes":""},"categories":[4],"tags":[4742,372,2714,1023],"class_list":["post-30611","post","type-post","status-publish","format-standard","has-post-thumbnail","hentry","category-gundem","tag-basla","tag-belediye","tag-ramazan","tag-temizlik"],"_links":{"self":[{"href":"https:\/\/bihavadis.com\/index.php\/wp-json\/wp\/v2\/posts\/30611","targetHints":{"allow":["GET"]}}],"collection":[{"href":"https:\/\/bihavadis.com\/index.php\/wp-json\/wp\/v2\/posts"}],"about":[{"href":"https:\/\/bihavadis.com\/index.php\/wp-json\/wp\/v2\/types\/post"}],"author":[{"embeddable":true,"href":"https:\/\/bihavadis.com\/index.php\/wp-json\/wp\/v2\/users\/1"}],"replies":[{"embeddable":true,"href":"https:\/\/bihavadis.com\/index.php\/wp-json\/wp\/v2\/comments?post=30611"}],"version-history":[{"count":1,"href":"https:\/\/bihavadis.com\/index.php\/wp-json\/wp\/v2\/posts\/30611\/revisions"}],"predecessor-version":[{"id":30613,"href":"https:\/\/bihavadis.com\/index.php\/wp-json\/wp\/v2\/posts\/30611\/revisions\/30613"}],"wp:featuredmedia":[{"embeddable":true,"href":"https:\/\/bihavadis.com\/index.php\/wp-json\/wp\/v2\/media\/30612"}],"wp:attachment":[{"href":"https:\/\/bihavadis.com\/index.php\/wp-json\/wp\/v2\/media?parent=30611"}],"wp:term":[{"taxonomy":"category","embeddable":true,"href":"https:\/\/bihavadis.com\/index.php\/wp-json\/wp\/v2\/categories?post=30611"},{"taxonomy":"post_tag","embeddable":true,"href":"https:\/\/bihavadis.com\/index.php\/wp-json\/wp\/v2\/tags?post=30611"}],"curies":[{"name":"wp","href":"https:\/\/api.w.org\/{rel}","templated":true}]}}