{"id":30685,"date":"2026-02-13T04:03:03","date_gmt":"2026-02-13T04:03:03","guid":{"rendered":"https:\/\/bihavadis.com\/?p=30685"},"modified":"2026-02-13T04:03:03","modified_gmt":"2026-02-13T04:03:03","slug":"omer-demirbag-canikte","status":"publish","type":"post","link":"https:\/\/bihavadis.com\/index.php\/2026\/02\/13\/omer-demirbag-canikte\/","title":{"rendered":"\u00d6mer Demirba\u011f Canik&#8217;te"},"content":{"rendered":"<p><span><span><span><b><span><span>Canik Belediyesi&#8217;nin il\u00e7ede d\u00fczenledi\u011fi konferans program\u0131yla ekranlar\u0131n sevilen ismi Dr. \u00d6mer Demirba\u011f vatanda\u015flarla bulu\u015facak. <\/span><\/span><\/b><\/span><\/span><\/span><\/p>\n<p><span><span><span><span><span>Binleri a\u011f\u0131rlad\u0131\u011f\u0131 k\u00fclt\u00fcr ve sanat programlar\u0131na bir yenisine daha imza atmaya haz\u0131rlanan Canik Belediyesi, Akademisyen, Yazar ve \u015eair Dr. \u00d6mer Demirba\u011f\u2019\u0131 vatanda\u015flarla bulu\u015fturuyor. Aile, gen\u00e7lik, milli ve manevi de\u011ferler temalar\u0131ndaki konferans programlar\u0131na bir yenisini daha ekleyen Canik Belediyesi, &#8216;Bir Gen\u00e7lik, Bir Gen\u00e7lik&#8217; adl\u0131 konferans program\u0131yla Akademisyen, Yazar ve \u015eair Dr. \u00d6mer Demirba\u011f&#8217;\u0131 vatanda\u015flarla bir araya getirecek. Sezai Karako\u00e7 Canik K\u00fclt\u00fcr Merkezi&#8217;nde \u00fccretsiz olarak ger\u00e7ekle\u015ftirilecek olan konferans program\u0131nda Dr. \u00d6mer Demirba\u011f sunumu, anlat\u0131lar\u0131 ve seslendirece\u011fi \u015fiirlerle g\u00f6n\u00fclleri mest edecek. &#8216;Bir Gen\u00e7lik, Bir Gen\u00e7lik&#8217; adl\u0131 konferans program\u0131 13 \u015eubat 2026 Cuma g\u00fcn\u00fc saat 19.00&#8217;da Sezai Karako\u00e7 Canik K\u00fclt\u00fcr Merkezi&#8217;nde d\u00fczenlenecek. <\/span><\/span><\/span><\/span><\/span><\/p>\n<p><span><span><span><b><span><span>K\u00fclt\u00fcr ve Sanatta \u00d6nc\u00fc \u015eehir Canik <\/span><\/span><\/b><\/span><\/span><\/span><\/p>\n<p><span><span><span><span><span>K\u00fclt\u00fcr ve sanat alan\u0131nda fark\u0131ndal\u0131k olu\u015fturan programlar d\u00fczenlemeye devam ettiklerini ifade eden Canik Belediye Ba\u015fkan\u0131 \u0130brahim Sand\u0131k\u00e7\u0131, t\u00fcm vatanda\u015flar\u0131 il\u00e7ede ger\u00e7ekle\u015ftirecekleri &#8216;Bir Gen\u00e7lik, Bir Gen\u00e7lik&#8217; adl\u0131 konferansa davet etti. Ba\u015fkan \u0130brahim Sand\u0131k\u00e7\u0131, &#8220;K\u00fclt\u00fcr ve sanat alan\u0131nda program ve etkinlik yelpazemizi geni\u015fletiyor, 7&#8217;den 70&#8217;e her ya\u015f grubundan hem\u015fehrilerimiz ve gen\u00e7lerimiz i\u00e7in birbirinden \u00f6zel programlar ger\u00e7ekle\u015ftirmeye devam ediyoruz. Canik&#8217;imizde ger\u00e7ekle\u015ftirece\u011fimiz Bir Gen\u00e7lik, Bir Gen\u00e7lik konferans\u0131m\u0131zla Akademisyen, Yazar ve \u015eair Dr. \u00d6mer Demirba\u011f&#8217;\u0131 gen\u00e7lerimizle ve hem\u015fehrilerimizle bulu\u015fturuyoruz. Dr. \u00d6mer Demirba\u011f&#8217;\u0131n anlat\u0131lar\u0131 e\u015fli\u011finde yine, yeniden hem\u015fehrilerimizle bereketli ve keyifli dakikalara ortak olaca\u011f\u0131z. T\u00fcm hem\u015fehrilerimizi Bir Gen\u00e7lik, Bir Gen\u00e7lik konferans\u0131m\u0131za davet ediyorum&#8221; diye konu\u015ftu<\/span><\/span><\/span><\/span><\/span><\/p>\n<p><span><span><span><span><span>Canik Belediyesi taraf\u0131ndan yap\u0131lan duyuruda, konferans program\u0131nda \u00e7ekili\u015fle kat\u0131l\u0131mc\u0131lara hediye verilece\u011fi bildirildi.<\/span><\/span><\/span><\/span><\/span><\/p>\n<p>\u00a0<\/p>\n<p>Kaynak: (BYZHA) Beyaz Haber Ajans\u0131<\/p>\n","protected":false},"excerpt":{"rendered":"<p>Canik Belediyesi&#8217;nin il\u00e7ede d\u00fczenledi\u011fi konferans program\u0131yla ekranlar\u0131n sevilen ismi Dr. \u00d6mer Demirba\u011f vatanda\u015flarla bulu\u015facak.<\/p>\n","protected":false},"author":1,"featured_media":30686,"comment_status":"open","ping_status":"open","sticky":false,"template":"","format":"standard","meta":{"footnotes":""},"categories":[4],"tags":[3133,121,2127],"class_list":["post-30685","post","type-post","status-publish","format-standard","has-post-thumbnail","hentry","category-gundem","tag-canik-belediye","tag-kultur","tag-program"],"_links":{"self":[{"href":"https:\/\/bihavadis.com\/index.php\/wp-json\/wp\/v2\/posts\/30685","targetHints":{"allow":["GET"]}}],"collection":[{"href":"https:\/\/bihavadis.com\/index.php\/wp-json\/wp\/v2\/posts"}],"about":[{"href":"https:\/\/bihavadis.com\/index.php\/wp-json\/wp\/v2\/types\/post"}],"author":[{"embeddable":true,"href":"https:\/\/bihavadis.com\/index.php\/wp-json\/wp\/v2\/users\/1"}],"replies":[{"embeddable":true,"href":"https:\/\/bihavadis.com\/index.php\/wp-json\/wp\/v2\/comments?post=30685"}],"version-history":[{"count":1,"href":"https:\/\/bihavadis.com\/index.php\/wp-json\/wp\/v2\/posts\/30685\/revisions"}],"predecessor-version":[{"id":30687,"href":"https:\/\/bihavadis.com\/index.php\/wp-json\/wp\/v2\/posts\/30685\/revisions\/30687"}],"wp:featuredmedia":[{"embeddable":true,"href":"https:\/\/bihavadis.com\/index.php\/wp-json\/wp\/v2\/media\/30686"}],"wp:attachment":[{"href":"https:\/\/bihavadis.com\/index.php\/wp-json\/wp\/v2\/media?parent=30685"}],"wp:term":[{"taxonomy":"category","embeddable":true,"href":"https:\/\/bihavadis.com\/index.php\/wp-json\/wp\/v2\/categories?post=30685"},{"taxonomy":"post_tag","embeddable":true,"href":"https:\/\/bihavadis.com\/index.php\/wp-json\/wp\/v2\/tags?post=30685"}],"curies":[{"name":"wp","href":"https:\/\/api.w.org\/{rel}","templated":true}]}}