{"id":30704,"date":"2026-02-13T04:15:06","date_gmt":"2026-02-13T04:15:06","guid":{"rendered":"https:\/\/bihavadis.com\/?p=30704"},"modified":"2026-02-13T04:15:06","modified_gmt":"2026-02-13T04:15:06","slug":"fenerbahceden-trabzonsporu-kizdiran-oguz-aydin-yaniti","status":"publish","type":"post","link":"https:\/\/bihavadis.com\/index.php\/2026\/02\/13\/fenerbahceden-trabzonsporu-kizdiran-oguz-aydin-yaniti\/","title":{"rendered":"Fenerbah\u00e7e&#8217;den Trabzonspor&#8217;u k\u0131zd\u0131ran O\u011fuz Ayd\u0131n yan\u0131t\u0131"},"content":{"rendered":"<p>Trabzonspor&#8217;un her konuda anla\u015ft\u0131\u011f\u0131 ve imzaya bekledi\u011fi O\u011fuz Ayd\u0131n transferi, Fenerbah\u00e7e&#8217;nin son dakika vetosuyla tam bir kaosa d\u00f6n\u00fc\u015ft\u00fc.<\/p>\n<p>Trabzonspor Teknik Direkt\u00f6r\u00fc Fatih Tekke&#8217;nin bas\u0131n toplant\u0131s\u0131ndaki, <b><em>&#8220;Ald\u0131k diye d\u00fc\u015f\u00fcn\u00fcyorduk. Geceye kadar elimizden geleni yapt\u0131k ama olmad\u0131&#8221;<\/em><\/b> diyerek ger\u00e7ekle\u015fmeyen transfer hamlesinin, O\u011fuz Ayd\u0131n oldu\u011fu netlik kazand\u0131.<\/p>\n<p><strong>O\u011eUZ&#8217;LA ANLA\u015eMA TAMAMDI&#8230;<\/strong><\/p>\n<p>Trabzonspor, O\u011fuz i\u00e7in 15 g\u00fcn \u00f6nce Fenerbah\u00e7e ile anla\u015fm\u0131\u015f ancak oyuncu ikna olmam\u0131\u015ft\u0131.<\/p>\n<p>Aradan ge\u00e7en zamanda sar\u0131-lacivertli tak\u0131mda alternatifin alternatifi konumuna d\u00fc\u015fen 25 ya\u015f\u0131ndaki kanat, kul\u00fcbe haber yollayarak <b><em>&#8220;Teklifiniz ge\u00e7erliyse gelmek istiyorum.&#8221; <\/em><\/b>dedi.<\/p>\n<p>Bordo-mavili y\u00f6netim de deneyimli futbolcuyla konu\u015ftu ve her konuda anla\u015fmaya vard\u0131.<\/p>\n<p><img decoding=\"async\" src=\"https:\/\/bihavadis.com\/wp-content\/uploads\/2026\/02\/fenerbahceden-trabzonsporu-kizdiran-oguz-aydin-yaniti-0-DSJJ8Ga3.jpg\"\/><\/p>\n<p><strong>&#8220;TRANSFER YAPAMADIK, O\u011eUZ&#8217;U VEREMEY\u0130Z&#8221;<\/strong><\/p>\n<p>T\u00fcm prosed\u00fcrler tamamlan\u0131rken bu kez Fenerbah\u00e7e, kriz \u00e7\u0131kard\u0131 ve<b><em> &#8220;Biz transfer yapamad\u0131k, O\u011fuz&#8217;u veremeyiz.&#8221;<\/em><\/b> s\u00f6zleri \u015fok etkisi yaratt\u0131.<\/p>\n<p>Trabzonspor kanad\u0131n\u0131 as\u0131l k\u00fcplere bindiren, bu karar\u0131n transferin bitmesine ramak kala verilmesi oldu.<\/p>\n<p>Bordo-mavili kurmaylar, gecikmeli karar y\u00fcz\u00fcnden Fenerbah\u00e7e&#8217;ye sert tepki g\u00f6sterdi.<\/p>\n<p>Kanat b\u00f6lgesindeki sorunlar\u0131n \u00f6nemli bir b\u00f6l\u00fcm\u00fcn\u00fc O\u011fuz hamlesiyle \u00e7\u00f6zmeyi d\u00fc\u015f\u00fcnen Trabzonspor, bu geli\u015fmeyle b\u00fcy\u00fck s\u0131k\u0131nt\u0131 ya\u015fad\u0131.<\/p>\n<p><img decoding=\"async\" src=\"https:\/\/bihavadis.com\/wp-content\/uploads\/2026\/02\/fenerbahceden-trabzonsporu-kizdiran-oguz-aydin-yaniti-1-7MgarbpV.jpg\"\/><\/p>\n","protected":false},"excerpt":{"rendered":"<p>Trabzonspor&#8217;un imzaya bekledi\u011fi O\u011fuz Ayd\u0131n transferi, Fenerbah\u00e7e&#8217;nin son dakika vetosuyla iptal oldu. Fatih Tekke&#8217;nin s\u00f6z etti\u011fi ger\u00e7ekle\u015fmeyen transferin perde arkas\u0131 ortaya \u00e7\u0131kt\u0131.<\/p>\n","protected":false},"author":1,"featured_media":30705,"comment_status":"open","ping_status":"open","sticky":false,"template":"","format":"standard","meta":{"footnotes":""},"categories":[14],"tags":[2133,1799,404],"class_list":["post-30704","post","type-post","status-publish","format-standard","has-post-thumbnail","hentry","category-spor","tag-oguz","tag-trabzonspor","tag-transfer"],"_links":{"self":[{"href":"https:\/\/bihavadis.com\/index.php\/wp-json\/wp\/v2\/posts\/30704","targetHints":{"allow":["GET"]}}],"collection":[{"href":"https:\/\/bihavadis.com\/index.php\/wp-json\/wp\/v2\/posts"}],"about":[{"href":"https:\/\/bihavadis.com\/index.php\/wp-json\/wp\/v2\/types\/post"}],"author":[{"embeddable":true,"href":"https:\/\/bihavadis.com\/index.php\/wp-json\/wp\/v2\/users\/1"}],"replies":[{"embeddable":true,"href":"https:\/\/bihavadis.com\/index.php\/wp-json\/wp\/v2\/comments?post=30704"}],"version-history":[{"count":1,"href":"https:\/\/bihavadis.com\/index.php\/wp-json\/wp\/v2\/posts\/30704\/revisions"}],"predecessor-version":[{"id":30708,"href":"https:\/\/bihavadis.com\/index.php\/wp-json\/wp\/v2\/posts\/30704\/revisions\/30708"}],"wp:featuredmedia":[{"embeddable":true,"href":"https:\/\/bihavadis.com\/index.php\/wp-json\/wp\/v2\/media\/30705"}],"wp:attachment":[{"href":"https:\/\/bihavadis.com\/index.php\/wp-json\/wp\/v2\/media?parent=30704"}],"wp:term":[{"taxonomy":"category","embeddable":true,"href":"https:\/\/bihavadis.com\/index.php\/wp-json\/wp\/v2\/categories?post=30704"},{"taxonomy":"post_tag","embeddable":true,"href":"https:\/\/bihavadis.com\/index.php\/wp-json\/wp\/v2\/tags?post=30704"}],"curies":[{"name":"wp","href":"https:\/\/api.w.org\/{rel}","templated":true}]}}