{"id":30725,"date":"2026-02-13T04:27:03","date_gmt":"2026-02-13T04:27:03","guid":{"rendered":"https:\/\/bihavadis.com\/?p=30725"},"modified":"2026-02-13T04:27:03","modified_gmt":"2026-02-13T04:27:03","slug":"konya-buyuksehir-31-ilcedeki-ortaokul-ve-lise-ogrencileri-icin-izleme-ve-degerlendirme-sinavi-gerceklestiriyor","status":"publish","type":"post","link":"https:\/\/bihavadis.com\/index.php\/2026\/02\/13\/konya-buyuksehir-31-ilcedeki-ortaokul-ve-lise-ogrencileri-icin-izleme-ve-degerlendirme-sinavi-gerceklestiriyor\/","title":{"rendered":"Konya B\u00fcy\u00fck\u015fehir 31 \u0130l\u00e7edeki Ortaokul ve Lise \u00d6\u011frencileri \u0130\u00e7in \u0130zleme ve De\u011ferlendirme S\u0131nav\u0131 Ger\u00e7ekle\u015ftiriyor"},"content":{"rendered":"<p><strong>Konya B\u00fcy\u00fck\u015fehir Belediyesi taraf\u0131ndan Konya \u0130l Mill\u00ee E\u011fitim M\u00fcd\u00fcrl\u00fc\u011f\u00fc ile ortak olarak d\u00fczenlenen \u201cMedeniyet Okulu\u201d projesi kapsam\u0131nda, 31 il\u00e7edeki t\u00fcm 5, 6, 7, 8, 11 ve 12. s\u0131n\u0131f \u00f6\u011frencileri i\u00e7in izleme ve de\u011ferlendirme s\u0131navlar\u0131 yap\u0131l\u0131yor. Bu kapsamda ilk olarak 5. s\u0131n\u0131f seviyesinden 42 bin 600, 6. s\u0131n\u0131f seviyesinden ise 35 bin olmak \u00fczere toplamda 77 bin 600 \u00f6\u011frenci bug\u00fcn yap\u0131lan s\u0131navda ter d\u00f6kt\u00fc.<\/strong><\/p>\n<hr\/>\n<p>Konya B\u00fcy\u00fck\u015fehir Belediyesi taraf\u0131ndan, Konya \u0130l Mill\u00ee E\u011fitim M\u00fcd\u00fcrl\u00fc\u011f\u00fc i\u015f birli\u011finde Konya il s\u0131n\u0131rlar\u0131 i\u00e7erisinde bulunan t\u00fcm 5, 6, 7, 8, 11 ve 12. s\u0131n\u0131f \u00f6\u011frencileri i\u00e7in izleme ve de\u011ferlendirme s\u0131navlar\u0131 ger\u00e7ekle\u015ftiriliyor.<\/p>\n<p>\u201cMedeniyet Okulu\u201d projesi kapsam\u0131nda; Konya\u2019daki 31 il\u00e7ede \u00f6\u011frenim g\u00f6ren ortaokul ve lise \u00f6\u011frencileri planlanan tarihlerde ger\u00e7ekle\u015ftirilen izleme ve de\u011ferlendirme s\u0131navlar\u0131yla bilgilerini deneme imkan\u0131 elde ediyor.<\/p>\n<p>\u0130lk etapta bug\u00fcn 31 il\u00e7ede 5. s\u0131n\u0131f seviyesinden yakla\u015f\u0131k 42 bin 600, 6. s\u0131n\u0131f seviyesinden ise 35 bin \u00f6\u011frenci olmak \u00fczere toplamda 77 bin 600 \u00f6\u011frenci s\u0131nava kat\u0131ld\u0131. Di\u011fer \u00f6\u011frenciler i\u00e7in farkl\u0131 tarihlerde s\u0131navlar yap\u0131lacak.<\/p>\n<p><strong>\u00d6\u011eRENC\u0130LER D\u00dcZENLENEN SINAVLARDAN \u00c7OK MEMNUN<\/strong><\/p>\n<p>S\u0131nava kat\u0131lan \u00f6\u011frenciler s\u0131nav sonras\u0131 d\u00fczenlenen uygulama hakk\u0131nda duygular\u0131n\u0131 payla\u015ft\u0131. \u00d6\u011frenciler, kendileri i\u00e7in haz\u0131rlanan s\u0131navlar\u0131n bilgilerini deneyimleme ve eksiklerini giderme ad\u0131na \u00e7ok \u00f6nemli oldu\u011funu belirterek, Konya B\u00fcy\u00fck\u015fehir Belediye Ba\u015fkan\u0131 U\u011fur \u0130brahim Altay ba\u015fta olmak \u00fczere eme\u011fi ge\u00e7en herkese te\u015fekk\u00fcr etti.<\/p>\n<p><strong>\u00d6\u011eRENC\u0130LER\u0130N OKUMA BECER\u0130LER\u0130N\u0130N \u0130ZLENMES\u0130 VE DE\u011eERLEND\u0130R\u0130LMES\u0130NE \u00d6NEM VER\u0130L\u0130YOR<\/strong><\/p>\n<p>T\u00fcrkiye Y\u00fczy\u0131l\u0131 Maarif Modeli (TYMM) \u00e7al\u0131\u015fmalar\u0131 kapsam\u0131nda \u00f6\u011frencilerin okuma becerilerinin izlenmesi ve de\u011ferlendirilmesi, modelin s\u00fcre\u00e7 de\u011ferlendirmesi bak\u0131m\u0131ndan \u00f6nem arz ediyor.\u00a0<\/p>\n<p>Bu kapsamda Konya \u00d6l\u00e7me De\u011ferlendirme Merkezi taraf\u0131ndan 2025-2026 e\u011fitim \u00f6\u011fretim y\u0131l\u0131 TYMM m\u00fcfredat\u0131 do\u011frultusunda \u00f6\u011frenim g\u00f6ren ortaokul 5. ve 6. s\u0131n\u0131f \u00f6\u011frencilerine y\u00f6nelik \u201cTYMM Okuma Becerisi \u0130zleme ve De\u011ferlendirme Uygulamas\u0131\u201d hayata ge\u00e7irildi.<\/p>\n<p>Uygulama sonras\u0131nda \u00f6\u011frencilerin TYMM do\u011frultusunda edindikleri okuma becerileri ile ilgili durumlar\u0131 Konya \u00d6DM taraf\u0131ndan analiz edilecek ve elde edilen veriler raporlanarak payla\u015f\u0131lacak.<\/p>\n<p>\u00a0<\/p>\n<p>Kaynak: (BYZHA) Beyaz Haber Ajans\u0131<\/p>\n","protected":false},"excerpt":{"rendered":"<p>Konya B\u00fcy\u00fck\u015fehir Belediyesi taraf\u0131ndan Konya \u0130l Mill\u00ee E\u011fitim M\u00fcd\u00fcrl\u00fc\u011f\u00fc ile ortak olarak d\u00fczenlenen \u201cMedeniyet Okulu\u201d projesi kapsam\u0131nda, 31 il\u00e7edeki t\u00fcm 5, 6, 7, 8, 11 ve 12. s\u0131n\u0131f \u00f6\u011frencileri i\u00e7in izleme ve de\u011ferlendirme s\u0131navlar\u0131 yap\u0131l\u0131yor.<\/p>\n","protected":false},"author":1,"featured_media":30726,"comment_status":"open","ping_status":"open","sticky":false,"template":"","format":"standard","meta":{"footnotes":""},"categories":[7],"tags":[2698,426,973,4749,464],"class_list":["post-30725","post","type-post","status-publish","format-standard","has-post-thumbnail","hentry","category-egitim","tag-degerlendirme","tag-konya","tag-ogrenci","tag-sinavlar","tag-sinif"],"_links":{"self":[{"href":"https:\/\/bihavadis.com\/index.php\/wp-json\/wp\/v2\/posts\/30725","targetHints":{"allow":["GET"]}}],"collection":[{"href":"https:\/\/bihavadis.com\/index.php\/wp-json\/wp\/v2\/posts"}],"about":[{"href":"https:\/\/bihavadis.com\/index.php\/wp-json\/wp\/v2\/types\/post"}],"author":[{"embeddable":true,"href":"https:\/\/bihavadis.com\/index.php\/wp-json\/wp\/v2\/users\/1"}],"replies":[{"embeddable":true,"href":"https:\/\/bihavadis.com\/index.php\/wp-json\/wp\/v2\/comments?post=30725"}],"version-history":[{"count":1,"href":"https:\/\/bihavadis.com\/index.php\/wp-json\/wp\/v2\/posts\/30725\/revisions"}],"predecessor-version":[{"id":30727,"href":"https:\/\/bihavadis.com\/index.php\/wp-json\/wp\/v2\/posts\/30725\/revisions\/30727"}],"wp:featuredmedia":[{"embeddable":true,"href":"https:\/\/bihavadis.com\/index.php\/wp-json\/wp\/v2\/media\/30726"}],"wp:attachment":[{"href":"https:\/\/bihavadis.com\/index.php\/wp-json\/wp\/v2\/media?parent=30725"}],"wp:term":[{"taxonomy":"category","embeddable":true,"href":"https:\/\/bihavadis.com\/index.php\/wp-json\/wp\/v2\/categories?post=30725"},{"taxonomy":"post_tag","embeddable":true,"href":"https:\/\/bihavadis.com\/index.php\/wp-json\/wp\/v2\/tags?post=30725"}],"curies":[{"name":"wp","href":"https:\/\/api.w.org\/{rel}","templated":true}]}}