{"id":30781,"date":"2026-02-13T05:06:04","date_gmt":"2026-02-13T05:06:04","guid":{"rendered":"https:\/\/bihavadis.com\/?p=30781"},"modified":"2026-02-13T05:06:04","modified_gmt":"2026-02-13T05:06:04","slug":"selcukluda-egitim-alaninda-anlamli-bir-is-birligi-daha","status":"publish","type":"post","link":"https:\/\/bihavadis.com\/index.php\/2026\/02\/13\/selcukluda-egitim-alaninda-anlamli-bir-is-birligi-daha\/","title":{"rendered":"Sel\u00e7uklu&#8217;da e\u011fitim alan\u0131nda anlaml\u0131 bir i\u015f birli\u011fi daha"},"content":{"rendered":"<p>T\u00fcrkiye\u2019de yerel y\u00f6netimler aras\u0131nda en \u00e7ok k\u00fct\u00fcphaneye sahip olma unvan\u0131yla \u00f6rnek \u00e7al\u0131\u015fmalar\u0131n\u0131 s\u00fcrd\u00fcren Sel\u00e7uklu Belediyesi e\u011fitime verdi\u011fi g\u00fc\u00e7l\u00fc deste\u011fe yenilerini ekliyor. Bu kapsamda \u00f6\u011frencilerin bilgiye eri\u015fimini kolayla\u015ft\u0131rmas\u0131 amac\u0131yla Sel\u00e7uklu \u0130l\u00e7e Milli E\u011fitim M\u00fcd\u00fcrl\u00fc\u011f\u00fc ile ger\u00e7ekle\u015ftirilen protokolle 10 yeni k\u00fct\u00fcphane daha okullara kazand\u0131r\u0131lm\u0131\u015f olacak.<\/p>\n<p>Sel\u00e7uklu Belediyesi Enc\u00fcmen Salonu\u2019nda ger\u00e7ekle\u015fen protokol imza t\u00f6renine Sel\u00e7uklu Belediye Ba\u015fkan\u0131 Ahmet Pekyat\u0131rmac\u0131 ve Sel\u00e7uklu \u0130l\u00e7e Milli E\u011fitim M\u00fcd\u00fcr\u00fc Sami Sa\u011fd\u0131\u00e7 kat\u0131ld\u0131.<\/p>\n<p><b>Ba\u015fkan Pekyat\u0131rmac\u0131: \u201cK\u00fct\u00fcphane say\u0131m\u0131z\u0131n artmas\u0131 e\u011fitim i\u00e7in \u00f6nemli bir kazan\u0131m\u201d<\/b><\/p>\n<p>E\u011fitim alan\u0131nda yapt\u0131klar\u0131 yat\u0131r\u0131mlarla hem Konya hem de T\u00fcrkiye\u2019ye \u00f6rnek olmaya devam ettiklerini ifade eden Sel\u00e7uklu Belediye Ba\u015fkan\u0131 Ahmet Pekyat\u0131rmac\u0131, \u201c E\u011fitim alan\u0131nda her zaman \u0130l\u00e7e Milli E\u011fitim M\u00fcd\u00fcrl\u00fc\u011f\u00fcm\u00fczle en g\u00fc\u00e7l\u00fc i\u015f birli\u011fini y\u00fcr\u00fct\u00fcyoruz. Hem SEDEP-SETAP programlar\u0131yla hem okul i\u00e7erisindeki yap\u0131lan etkinliklerle hem de okullar\u0131m\u0131zda fiziki anlamda yapt\u0131\u011f\u0131m\u0131z yat\u0131r\u0131mlarla dokunmad\u0131\u011f\u0131m\u0131z bir okulumuz kalmam\u0131\u015f olacak. Bug\u00fcn de yine 10 okulumuza yapaca\u011f\u0131m\u0131z k\u00fct\u00fcphaneyle birlikte in\u015fallah Sel\u00e7uklumuzdaki k\u00fct\u00fcphane say\u0131m\u0131z\u0131 119\u2019a \u00e7\u0131kartm\u0131\u015f olaca\u011f\u0131z.<br \/>\u015eu anda 100\u2019\u00fc okul k\u00fct\u00fcphanesi, Yeni Nesil \u015eehir K\u00fct\u00fcphanemiz, \u00e7ocuk k\u00fct\u00fcphanemiz ve 9 adet de\u00a0 halk k\u00fct\u00fcphanemiz mevcut.\u00a0 Okullar\u0131m\u0131zdaki k\u00fct\u00fcphane say\u0131m\u0131z\u0131 artt\u0131rd\u0131\u011f\u0131m\u0131z zaman hem okullar\u0131m\u0131zdaki \u00f6\u011frencilerimiz bu k\u00fct\u00fcphanelerimizden en verimli \u015fekilde faydalan\u0131yorlar hem de uygun olan okullar\u0131m\u0131zda asl\u0131nda vatanda\u015flar\u0131m\u0131z, hem\u015fehrilerimiz de k\u00fct\u00fcphanelerimizden yararlanma imkan\u0131na sahip oluyorlar. Bu manada k\u00fct\u00fcphane say\u0131m\u0131z\u0131n artmas\u0131 ve okullar\u0131m\u0131zda kal\u0131c\u0131 bir \u015fekilde nitelikli k\u00fct\u00fcphanelerin yap\u0131lm\u0131\u015f olmas\u0131 e\u011fitim i\u00e7in \u00f6nemli bir kazan\u0131m diye d\u00fc\u015f\u00fcn\u00fcyorum.<\/p>\n<p>Yapaca\u011f\u0131m\u0131z protokol ile birlikte Sultan Mesut \u0130lkokulu, Fatih Ortaokulu, Sel\u00e7uklu Belediyesi \u0130lkokulu, Adil Karaa\u011fa\u00e7 Teknik Lisemiz, Aselsan Konya Teknik Lisemiz, \u015eerife Akkanat \u0130lkokulu, \u015eehit Musa Esat Kaya \u0130lkokulu, Nesrin ve Ay\u015feg\u00fcl Karde\u015fler \u0130lkokulu, TOK\u0130 Ard\u0131\u00e7l\u0131 Ortaokulu ve yap\u0131m\u0131n\u0131 tamamlad\u0131\u011f\u0131m\u0131z Sel\u00e7uklu Belediyesi G\u00fczel Sanatlar Lisemize yeni k\u00fct\u00fcphanelerimizi in\u015fallah\u00a0kazand\u0131rm\u0131\u015f olaca\u011f\u0131z. \u0130l\u00e7e Milli E\u011fitim M\u00fcd\u00fcr\u00fcm\u00fcz\u00fcn \u015fahs\u0131nda t\u00fcm ekibe, de\u011ferli hocalar\u0131m\u0131za, okul m\u00fcd\u00fcrlerimize, SEDEP ve\u00a0SETAP\u00a0koordinat\u00f6rlerimize\u00a0\u00f6zellikle te\u015fekk\u00fcr ediyorum. E\u011fitim alan\u0131nda yapt\u0131\u011f\u0131m\u0131z i\u015fbirli\u011fi her zaman \u00f6rnek oluyor ve Konyam\u0131zda, Sel\u00e7uklumuzda geli\u015ftirdi\u011fimiz projeler in\u015fallah bundan sonra da hem Konya&#8217;da hem de T\u00fcrkiye&#8217;de \u00f6rnek olmaya devam edecek.\u00a0Protokol\u00fcm\u00fcz\u00fcn\u00a0hay\u0131rl\u0131 olmas\u0131n\u0131 temenni ediyorum\u201d dedi.<\/p>\n<p><b>Sel\u00e7uklu \u0130l\u00e7e Milli E\u011fitim M\u00fcd\u00fcr\u00fc Sa\u011fd\u0131\u00e7,\u201cSel\u00e7uklu Belediyemiz e\u011fitimin en b\u00fcy\u00fck destek\u00e7isi\u201d<\/b><\/p>\n<p>K\u00fct\u00fcphane yat\u0131r\u0131m\u0131n\u0131n sadece bir mekan olu\u015fturmaktan ibaret olmad\u0131\u011f\u0131n\u0131 ayn\u0131 zamanda gelece\u011fe yap\u0131lan \u00f6nemli bir yat\u0131r\u0131m oldu\u011funu s\u00f6yleyen Sel\u00e7uklu \u0130l\u00e7e Milli E\u011fitim M\u00fcd\u00fcr\u00fc Sami Sa\u011fd\u0131\u00e7,\u201c \u00d6\u011frencilerimiz, gen\u00e7lerimiz bizlerin gelece\u011fi. Biz onlar\u0131 gelece\u011fe ne kadar donan\u0131ml\u0131 haz\u0131rlarsak \u00fclkemizi ve bizleri, ecdad\u0131m\u0131zdan ald\u0131\u011f\u0131m\u0131z miras\u0131 en g\u00fczel \u015fekilde temsil edeceklerine inan\u0131yorum.Tabi k\u00fct\u00fcphaneler \u00f6\u011frencilerimizde okuma k\u00fclt\u00fcr\u00fcn\u00fc geli\u015ftiren, bilgiye, ara\u015ft\u0131rmaya y\u00f6nlendiren dinamik mekanlard\u0131r. Asl\u0131nda toplumumuzun oradaki birikimi entelekt\u00fcel bir birikime d\u00f6n\u00fc\u015f\u00fcyor. Bu anlamda Sel\u00e7uklu Belediyemiz bug\u00fcne kadar 100 okulumuzda \u00f6\u011frencilerimizin, gen\u00e7lerimizin istifade etti\u011fi hatta okul \u00e7evresindeki vatanda\u015flar\u0131m\u0131z\u0131n da istifade etti\u011fi k\u00fct\u00fcphaneleri hizmete alarak bizlere \u00f6nemli bir hizmeti sundu. Bug\u00fcn bu protokolle birlikte 10 okulumuza daha k\u00fct\u00fcphane kazand\u0131rm\u0131\u015f olaca\u011f\u0131z.\u00a0\u00d6zellikle bug\u00fcn protokol kapsam\u0131nda yer alan k\u00fct\u00fcphanelerimiz ba\u015fta olmak \u00fczere, belediyemizin \u00f6\u011frencilerimize ve \u0130l\u00e7e Milli E\u011fitim M\u00fcd\u00fcrl\u00fc\u011f\u00fcm\u00fcze sundu\u011fu okul d\u0131\u015f\u0131 \u00f6\u011frenme ortamlar\u0131 ile di\u011fer e\u011fitim-\u00f6\u011fretim ve sosyal faaliyetlerde ald\u0131\u011f\u0131 inisiyatif ve sa\u011flad\u0131\u011f\u0131 k\u0131ymetli desteklerden dolay\u0131, t\u00fcm e\u011fitim camiam\u0131z ad\u0131na Say\u0131n Belediye Ba\u015fkan\u0131m\u0131z Ahmet Pekyat\u0131rmac\u0131\u2019ya huzurlar\u0131n\u0131zda te\u015fekk\u00fcr ediyorum. Okullar\u0131m\u0131zda sadece belediyemiz taraf\u0131ndan yap\u0131lan k\u00fct\u00fcphanelerimizde yar\u0131m milyonu a\u015fk\u0131n kitap mevcut. Bu ne kadar \u00f6nemli bir hizmeti\u00a0 \u00f6\u011frencilerimiz i\u00e7in ortaya koydu\u011fumuzun i\u015faretidir. Kurumlar aras\u0131 i\u015f birli\u011finin birlikte hareket etmenin b\u00f6yle anlaml\u0131 ba\u015far\u0131lara vesile oldu\u011fununun alt\u0131n\u0131 \u00e7iziyorum. Bu i\u015f birli\u011fi ile Sel\u00e7uklumuz kazan\u0131yor, Konyam\u0131z kazan\u0131yor. \u00d6zellikle Sel\u00e7uklu Belediyemizi e\u011fitim g\u00f6n\u00fcll\u00fcs\u00fc bir belediye olarak g\u00f6r\u00fcyorum. Bizlere vermi\u015f olduklar\u0131 her t\u00fcrl\u00fc destekten dolay\u0131 tekrar \u015f\u00fckranlar\u0131m\u0131 arz ediyor, k\u00fct\u00fcphane i\u015fbirli\u011fi protokol\u00fcm\u00fcz\u00fcn hay\u0131rl\u0131 olmas\u0131n\u0131 temenni ediyorum\u201d diye konu\u015ftu.<\/p>\n<p>Konu\u015fmalar\u0131n ard\u0131ndan 10 yeni okul k\u00fct\u00fcphanesi i\u00e7in protokol imzalar\u0131 at\u0131ld\u0131.<\/p>\n<p>\u00a0<\/p>\n<p>Kaynak: (BYZHA) Beyaz Haber Ajans\u0131<\/p>\n","protected":false},"excerpt":{"rendered":"<p>T\u00fcrkiye\u2019de yerel y\u00f6netimler aras\u0131nda en \u00e7ok k\u00fct\u00fcphaneye sahip olma unvan\u0131yla \u00f6rnek \u00e7al\u0131\u015fmalar\u0131n\u0131 s\u00fcrd\u00fcren Sel\u00e7uklu Belediyesi e\u011fitime verdi\u011fi g\u00fc\u00e7l\u00fc deste\u011fe yenilerini ekliyor.<\/p>\n","protected":false},"author":1,"featured_media":30782,"comment_status":"open","ping_status":"open","sticky":false,"template":"","format":"standard","meta":{"footnotes":""},"categories":[7],"tags":[233,1204,316,2908,4757],"class_list":["post-30781","post","type-post","status-publish","format-standard","has-post-thumbnail","hentry","category-egitim","tag-egitim","tag-kutuphane","tag-okul","tag-protokol","tag-selcuklu-belediye"],"_links":{"self":[{"href":"https:\/\/bihavadis.com\/index.php\/wp-json\/wp\/v2\/posts\/30781","targetHints":{"allow":["GET"]}}],"collection":[{"href":"https:\/\/bihavadis.com\/index.php\/wp-json\/wp\/v2\/posts"}],"about":[{"href":"https:\/\/bihavadis.com\/index.php\/wp-json\/wp\/v2\/types\/post"}],"author":[{"embeddable":true,"href":"https:\/\/bihavadis.com\/index.php\/wp-json\/wp\/v2\/users\/1"}],"replies":[{"embeddable":true,"href":"https:\/\/bihavadis.com\/index.php\/wp-json\/wp\/v2\/comments?post=30781"}],"version-history":[{"count":1,"href":"https:\/\/bihavadis.com\/index.php\/wp-json\/wp\/v2\/posts\/30781\/revisions"}],"predecessor-version":[{"id":30783,"href":"https:\/\/bihavadis.com\/index.php\/wp-json\/wp\/v2\/posts\/30781\/revisions\/30783"}],"wp:featuredmedia":[{"embeddable":true,"href":"https:\/\/bihavadis.com\/index.php\/wp-json\/wp\/v2\/media\/30782"}],"wp:attachment":[{"href":"https:\/\/bihavadis.com\/index.php\/wp-json\/wp\/v2\/media?parent=30781"}],"wp:term":[{"taxonomy":"category","embeddable":true,"href":"https:\/\/bihavadis.com\/index.php\/wp-json\/wp\/v2\/categories?post=30781"},{"taxonomy":"post_tag","embeddable":true,"href":"https:\/\/bihavadis.com\/index.php\/wp-json\/wp\/v2\/tags?post=30781"}],"curies":[{"name":"wp","href":"https:\/\/api.w.org\/{rel}","templated":true}]}}