{"id":30790,"date":"2026-02-13T05:15:05","date_gmt":"2026-02-13T05:15:05","guid":{"rendered":"https:\/\/bihavadis.com\/?p=30790"},"modified":"2026-02-13T05:15:05","modified_gmt":"2026-02-13T05:15:05","slug":"vali-aktas-golcukte-muhtarlarin-taleplerini-dinledi","status":"publish","type":"post","link":"https:\/\/bihavadis.com\/index.php\/2026\/02\/13\/vali-aktas-golcukte-muhtarlarin-taleplerini-dinledi\/","title":{"rendered":"Vali Akta\u015f G\u00f6lc\u00fck&#8217;te Muhtarlar\u0131n Taleplerini Dinledi"},"content":{"rendered":"<p>Kocaeli Valisi \u0130lhami Akta\u015f, G\u00f6lc\u00fck Kaymakam\u0131 M\u00fcfit G\u00fcltekin ve G\u00f6lc\u00fck Belediye Ba\u015fkan\u0131 Ali Y\u0131ld\u0131r\u0131m Sezer, il\u00e7ede g\u00f6rev yapan muhtarlarla bir araya gelerek taleplerini dinlediler.<\/p>\n<p>Kocaeli Valisi \u0130lhami Akta\u015f, G\u00f6lc\u00fckl\u00fc muhtarlar ile bir araya geldi. Yazl\u0131k K\u00fclt\u00fcr Merkezi\u2019nde d\u00fczenlenen toplant\u0131da Vali Akta\u015f\u2019a, G\u00f6lc\u00fck Kaymakam\u0131 M\u00fcfit G\u00fcltekin ve G\u00f6lc\u00fck Belediye Ba\u015fkan\u0131 Ali Y\u0131ld\u0131r\u0131m Sezer e\u015flik etti. Toplant\u0131da il\u00e7ede g\u00f6rev yapan mahalle muhtarlar\u0131yla tek tek g\u00f6r\u00fc\u015fen Vali Akta\u015f, mahallelerin ihtiya\u00e7lar\u0131n\u0131 ve vatanda\u015flardan gelen talepleri do\u011frudan birinci a\u011f\u0131zdan dinledi.<\/p>\n<p><b>Toplant\u0131ya Geni\u015f Kat\u0131l\u0131m<\/b><\/p>\n<p>Toplant\u0131ya ayr\u0131ca \u0130l Emniyet M\u00fcd\u00fcr\u00fc Faruk Karaduman,\u00a0\u0130l Jandarma Komutan\u0131 J. Alb. Murat Bozkurt, Aile ve Sosyal Hizmetler \u0130l M\u00fcd\u00fcr\u00fc Kamil T\u00fcyl\u00fco\u011flu, \u0130l Milli E\u011fitim M\u00fcd\u00fcr\u00fc Emrullah Ayd\u0131n, Sa\u011fl\u0131k \u0130l M\u00fcd\u00fcr\u00fc Dr. Y\u00fcksel Pehlevan, Tar\u0131m ve Orman \u0130l M\u00fcd\u00fcr\u00fc Ali Ulvi \u00d6zerdem, G\u00f6lc\u00fck Muhtarlar Derne\u011fi Ba\u015fkan\u0131 Bilge Saral ve il\u00e7e kurum m\u00fcd\u00fcrleri kat\u0131ld\u0131.<\/p>\n<p><b>Hizmetlerin Artt\u0131r\u0131lmas\u0131nda Muhtarlar\u0131n Rol\u00fc B\u00fcy\u00fck<\/b><\/p>\n<p>Muhtarlar\u0131n iletti\u011fi sorular\u0131n\u0131n yan\u0131tlanarak, \u00e7\u00f6z\u00fcm noktas\u0131nda fikir al\u0131\u015fveri\u015finin yap\u0131ld\u0131\u011f\u0131 toplant\u0131da, devletin yereldeki en \u00f6nemli temsilcileri olan muhtarlar\u0131n hizmet kalitesinin art\u0131r\u0131lmas\u0131ndaki rol\u00fcne dikkat \u00e7ekildi. Samimi bir atmosferde ge\u00e7en g\u00f6r\u00fc\u015fmede, kamu hizmetlerinin mahalle baz\u0131nda daha etkin y\u00fcr\u00fct\u00fclmesi i\u00e7in at\u0131lacak ad\u0131mlar \u00fczerinde duruldu.<\/p>\n<p><b>Yeni Ustalar\u0131n Yeti\u015fti\u011fi At\u00f6lyelerde \u0130nceleme<\/b><\/p>\n<p>Toplant\u0131n\u0131n ard\u0131ndan heyet, il\u00e7edeki e\u011fitim kurumlar\u0131na y\u00f6nelik inceleme program\u0131na ge\u00e7ti. Bu kapsamda \u015eehit Volkan Tant\u00fcrk Mesleki ve Teknik Anadolu Lisesi ile G\u00f6lc\u00fck Meslek Y\u00fcksekokulu\u2019nu ziyaret eden Vali Akta\u015f ve beraberindekiler, okul idarecileri ve yetkililerle bir araya geldi. E\u011fitim faaliyetleri, at\u00f6lye \u00e7al\u0131\u015fmalar\u0131n\u0131 inceleyerek ve projeler hakk\u0131nda detayl\u0131 bilgi alan heyet, okul yetkililerine \u00e7al\u0131\u015fmalar\u0131nda ba\u015far\u0131lar dilediler.<\/p>\n<p>\u00a0<\/p>\n<p>Kaynak: (BYZHA) Beyaz Haber Ajans\u0131<\/p>\n","protected":false},"excerpt":{"rendered":"<p>Kocaeli Valisi \u0130lhami Akta\u015f, G\u00f6lc\u00fck Kaymakam\u0131 M\u00fcfit G\u00fcltekin ve G\u00f6lc\u00fck Belediye Ba\u015fkan\u0131 Ali Y\u0131ld\u0131r\u0131m Sezer, il\u00e7ede g\u00f6rev yapan muhtarlarla bir araya gelerek taleplerini dinlediler.<\/p>\n","protected":false},"author":1,"featured_media":30791,"comment_status":"open","ping_status":"open","sticky":false,"template":"","format":"standard","meta":{"footnotes":""},"categories":[4],"tags":[2857,2856,3491,4410,321],"class_list":["post-30790","post","type-post","status-publish","format-standard","has-post-thumbnail","hentry","category-gundem","tag-aktas","tag-golcuk","tag-muduru","tag-muhtarlar","tag-vali"],"_links":{"self":[{"href":"https:\/\/bihavadis.com\/index.php\/wp-json\/wp\/v2\/posts\/30790","targetHints":{"allow":["GET"]}}],"collection":[{"href":"https:\/\/bihavadis.com\/index.php\/wp-json\/wp\/v2\/posts"}],"about":[{"href":"https:\/\/bihavadis.com\/index.php\/wp-json\/wp\/v2\/types\/post"}],"author":[{"embeddable":true,"href":"https:\/\/bihavadis.com\/index.php\/wp-json\/wp\/v2\/users\/1"}],"replies":[{"embeddable":true,"href":"https:\/\/bihavadis.com\/index.php\/wp-json\/wp\/v2\/comments?post=30790"}],"version-history":[{"count":1,"href":"https:\/\/bihavadis.com\/index.php\/wp-json\/wp\/v2\/posts\/30790\/revisions"}],"predecessor-version":[{"id":30792,"href":"https:\/\/bihavadis.com\/index.php\/wp-json\/wp\/v2\/posts\/30790\/revisions\/30792"}],"wp:featuredmedia":[{"embeddable":true,"href":"https:\/\/bihavadis.com\/index.php\/wp-json\/wp\/v2\/media\/30791"}],"wp:attachment":[{"href":"https:\/\/bihavadis.com\/index.php\/wp-json\/wp\/v2\/media?parent=30790"}],"wp:term":[{"taxonomy":"category","embeddable":true,"href":"https:\/\/bihavadis.com\/index.php\/wp-json\/wp\/v2\/categories?post=30790"},{"taxonomy":"post_tag","embeddable":true,"href":"https:\/\/bihavadis.com\/index.php\/wp-json\/wp\/v2\/tags?post=30790"}],"curies":[{"name":"wp","href":"https:\/\/api.w.org\/{rel}","templated":true}]}}