{"id":30900,"date":"2026-02-13T06:48:05","date_gmt":"2026-02-13T06:48:05","guid":{"rendered":"https:\/\/bihavadis.com\/?p=30900"},"modified":"2026-02-13T06:48:05","modified_gmt":"2026-02-13T06:48:05","slug":"omer-danisdan-uzen-haber-yogun-bakimda","status":"publish","type":"post","link":"https:\/\/bihavadis.com\/index.php\/2026\/02\/13\/omer-danisdan-uzen-haber-yogun-bakimda\/","title":{"rendered":"\u00d6mer Dan\u0131\u015f&#8217;dan \u00fczen haber! Yo\u011fun bak\u0131mda"},"content":{"rendered":"<p>57 ya\u015f\u0131ndaki \u00d6mer Dan\u0131\u015f\u2019dan gelen haber hayranlar\u0131n\u0131 \u00fczd\u00fc. Diyabet nedeniyle bir s\u00fcredir tedavi g\u00f6ren \u015fark\u0131c\u0131 \u00d6mer Dan\u0131\u015f, \u0130stanbul\u2019da \u00f6zel bir hastanede yo\u011fun bak\u0131ma kald\u0131r\u0131ld\u0131.<\/p>\n<p>\u015eark\u0131c\u0131n\u0131n sosyal medya hesab\u0131ndan yap\u0131lan payla\u015f\u0131mda, sa\u011fl\u0131k durumunun ciddiyetini korudu\u011fu belirtildi.<\/p>\n<p>Sevenlerinin son sa\u011fl\u0131k durumunu merak etti\u011fi Dan\u0131\u015f&#8217;\u0131n Instagram hesab\u0131ndan bir payla\u015f\u0131m daha geldi.<\/p>\n<p><strong>SON DURUM B\u0130LG\u0130S\u0130<\/strong><\/p>\n<p>Hastanede tedavisi devam eden \u015fark\u0131c\u0131yla ilgili yay\u0131nlanan son mesajda \u015funlar yaz\u0131ld\u0131:<\/p>\n<p>\u00a0<b><em>&#8221;K\u0131ymetli dostlar, arayan soran herkese \u00e7ok te\u015fekk\u00fcr ederim. \u00d6mer Bey&#8217;in kan\u0131 toparlad\u0131, de\u011ferleri y\u00fckselmeye ba\u015flad\u0131. Tedavisi devam ediyor, doktorlar\u0131m\u0131z yak\u0131ndan takip ediyor. \u015eu an i\u00e7in kan ihtiyac\u0131 kalmam\u0131\u015ft\u0131r. \u0130htiya\u00e7 olmas\u0131 halinde tekrar payla\u015f\u0131m yapaca\u011f\u0131z. Kan vermek i\u00e7in gelip \u00e7e\u015fitli sebeplerle veremeyen ama deste\u011fini, iyi niyetini ve dualar\u0131n\u0131 esirgemeyen herkese ayr\u0131ca te\u015fekk\u00fcr ederim. \u0130lginiz bizim i\u00e7in \u00e7ok k\u0131ymetli sa\u011f olun var olun&#8221; .<\/em><\/b><\/p>\n<p>Dan\u0131\u015f&#8217;a takip\u00e7ilerinden \u00e7ok say\u0131da ge\u00e7mi\u015f olsun mesaj\u0131 geldi.<\/p>\n<p><img decoding=\"async\" src=\"https:\/\/bihavadis.com\/wp-content\/uploads\/2026\/02\/omer-danisdan-uzen-haber-yogun-bakimda-0-WaUCra3i.jpg\"\/><\/p>\n","protected":false},"excerpt":{"rendered":"<p>\u00dcnl\u00fc sanat\u00e7\u0131 \u00d6mer Dan\u0131\u015f, diyabet nedeniyle yo\u011fun bak\u0131ma al\u0131nd\u0131. Sa\u011fl\u0131k durumu ciddiyetini koruyor.<\/p>\n","protected":false},"author":1,"featured_media":30901,"comment_status":"open","ping_status":"open","sticky":false,"template":"","format":"standard","meta":{"footnotes":""},"categories":[1],"tags":[],"class_list":["post-30900","post","type-post","status-publish","format-standard","has-post-thumbnail","hentry","category-uncategorized"],"_links":{"self":[{"href":"https:\/\/bihavadis.com\/index.php\/wp-json\/wp\/v2\/posts\/30900","targetHints":{"allow":["GET"]}}],"collection":[{"href":"https:\/\/bihavadis.com\/index.php\/wp-json\/wp\/v2\/posts"}],"about":[{"href":"https:\/\/bihavadis.com\/index.php\/wp-json\/wp\/v2\/types\/post"}],"author":[{"embeddable":true,"href":"https:\/\/bihavadis.com\/index.php\/wp-json\/wp\/v2\/users\/1"}],"replies":[{"embeddable":true,"href":"https:\/\/bihavadis.com\/index.php\/wp-json\/wp\/v2\/comments?post=30900"}],"version-history":[{"count":1,"href":"https:\/\/bihavadis.com\/index.php\/wp-json\/wp\/v2\/posts\/30900\/revisions"}],"predecessor-version":[{"id":30903,"href":"https:\/\/bihavadis.com\/index.php\/wp-json\/wp\/v2\/posts\/30900\/revisions\/30903"}],"wp:featuredmedia":[{"embeddable":true,"href":"https:\/\/bihavadis.com\/index.php\/wp-json\/wp\/v2\/media\/30901"}],"wp:attachment":[{"href":"https:\/\/bihavadis.com\/index.php\/wp-json\/wp\/v2\/media?parent=30900"}],"wp:term":[{"taxonomy":"category","embeddable":true,"href":"https:\/\/bihavadis.com\/index.php\/wp-json\/wp\/v2\/categories?post=30900"},{"taxonomy":"post_tag","embeddable":true,"href":"https:\/\/bihavadis.com\/index.php\/wp-json\/wp\/v2\/tags?post=30900"}],"curies":[{"name":"wp","href":"https:\/\/api.w.org\/{rel}","templated":true}]}}