{"id":30912,"date":"2026-02-13T06:57:05","date_gmt":"2026-02-13T06:57:05","guid":{"rendered":"https:\/\/bihavadis.com\/?p=30912"},"modified":"2026-02-13T06:57:05","modified_gmt":"2026-02-13T06:57:05","slug":"fenerbahcenin-yeni-fransiz-yildizi-sidiki-cherif","status":"publish","type":"post","link":"https:\/\/bihavadis.com\/index.php\/2026\/02\/13\/fenerbahcenin-yeni-fransiz-yildizi-sidiki-cherif\/","title":{"rendered":"Fenerbah\u00e7e&#8217;nin Yeni Frans\u0131z Y\u0131ld\u0131z\u0131: Sidiki Cherif"},"content":{"rendered":"<p> Fenerbah\u00e7e&#8217;nin kadrosuna katt\u0131\u011f\u0131 19 ya\u015f\u0131ndaki santrfor Sidiki Cherif, kul\u00fcp tarihinin 6. Frans\u0131z futbolcusu oldu.<\/p>\n<p>Fenerbah\u00e7e, 2025-2026 sezonu ara transfer d\u00f6neminde kadrosunu g\u00fc\u00e7lendirmek i\u00e7in \u00e7al\u0131\u015fmalar\u0131n\u0131 s\u00fcrd\u00fcr\u00fcrken, 4. transferini Sidiki Cherif ile yapt\u0131. Sar\u0131-lacivertliler, Cherif&#8217;i sat\u0131n alma opsiyonuyla 2025-2026 sezonunun sonuna kadar kiralad\u0131. Angers altyap\u0131s\u0131ndan yeti\u015fen Frans\u0131z oyuncu, profesyonel kariyerine de yine ayn\u0131 tak\u0131mla 2023 y\u0131l\u0131nda ba\u015flad\u0131. Siyah-beyazl\u0131 ekiple 2023-2024 sezonunda Ligue 2&#8217;de m\u00fccadele eden Cherif, tak\u0131m\u0131n\u0131n 1 y\u0131ll\u0131k aran\u0131n ard\u0131ndan y\u00fckseldi\u011fi Ligue 1&#8217;de 3&#8217;\u00fc ilk 11 olmak \u00fczere 7 ma\u00e7ta g\u00f6rev yapt\u0131. Cherif, 2025-2026 sezonu itibar\u0131yla tak\u0131m\u0131n de\u011fi\u015fmez isimlerinden oldu. 19 ya\u015f\u0131ndaki forvet, ligde 19 ma\u00e7ta forma giydi ve 4 gole imza att\u0131. Santrfor ve sol kanat oynayan Cherif, 2025-2026 sezonu 2. yar\u0131s\u0131ndan itibaren Fenerbah\u00e7e formas\u0131 giyecek.<\/p>\n<p>Sar\u0131-lacivertlilerin 6. Frans\u0131z\u0131<\/p>\n<p>Sidiki Cherif, Fenerbah\u00e7e&#8217;nin 6. Frans\u0131z futbolcusu olarak kay\u0131tlara ge\u00e7ti. Nicolas Anelka, 2005 y\u0131l\u0131nda imza att\u0131\u011f\u0131 sar\u0131-lacivertlilerde ilk Frans\u0131z futbolcu oldu. Bu tarihten 11 y\u0131l sonra ise ara transfer d\u00f6neminde 2 Frans\u0131z kadroya dahil oldu. Kanarya, ocak ay\u0131nda Matteo Guendouzi&#8217;yi renklerine ba\u011flad\u0131.<\/p>\n<p>Sar\u0131-lacivertlilerde forma giyen Frans\u0131z futbolcular \u015f\u00f6yle: <\/p>\n<p>&#8220;Nicolas Anelka, Mathieu Valbuena, Adil Rami, Allan Saint-Maximin, Matteo Guendouzi.&#8221; &#8211; \u0130STANBUL<\/p>\n","protected":false},"excerpt":{"rendered":"<p>Fenerbah\u00e7e, 19 ya\u015f\u0131ndaki santrfor Sidiki Cherif&#8217;i kiralad\u0131, kul\u00fcp tarihinin 6. Frans\u0131z oyuncusu oldu.<\/p>\n","protected":false},"author":1,"featured_media":30913,"comment_status":"open","ping_status":"open","sticky":false,"template":"","format":"standard","meta":{"footnotes":""},"categories":[14],"tags":[2565,2986,2987],"class_list":["post-30912","post","type-post","status-publish","format-standard","has-post-thumbnail","hentry","category-spor","tag-cherif","tag-fransiz","tag-sezonu"],"_links":{"self":[{"href":"https:\/\/bihavadis.com\/index.php\/wp-json\/wp\/v2\/posts\/30912","targetHints":{"allow":["GET"]}}],"collection":[{"href":"https:\/\/bihavadis.com\/index.php\/wp-json\/wp\/v2\/posts"}],"about":[{"href":"https:\/\/bihavadis.com\/index.php\/wp-json\/wp\/v2\/types\/post"}],"author":[{"embeddable":true,"href":"https:\/\/bihavadis.com\/index.php\/wp-json\/wp\/v2\/users\/1"}],"replies":[{"embeddable":true,"href":"https:\/\/bihavadis.com\/index.php\/wp-json\/wp\/v2\/comments?post=30912"}],"version-history":[{"count":1,"href":"https:\/\/bihavadis.com\/index.php\/wp-json\/wp\/v2\/posts\/30912\/revisions"}],"predecessor-version":[{"id":30914,"href":"https:\/\/bihavadis.com\/index.php\/wp-json\/wp\/v2\/posts\/30912\/revisions\/30914"}],"wp:featuredmedia":[{"embeddable":true,"href":"https:\/\/bihavadis.com\/index.php\/wp-json\/wp\/v2\/media\/30913"}],"wp:attachment":[{"href":"https:\/\/bihavadis.com\/index.php\/wp-json\/wp\/v2\/media?parent=30912"}],"wp:term":[{"taxonomy":"category","embeddable":true,"href":"https:\/\/bihavadis.com\/index.php\/wp-json\/wp\/v2\/categories?post=30912"},{"taxonomy":"post_tag","embeddable":true,"href":"https:\/\/bihavadis.com\/index.php\/wp-json\/wp\/v2\/tags?post=30912"}],"curies":[{"name":"wp","href":"https:\/\/api.w.org\/{rel}","templated":true}]}}