{"id":30941,"date":"2026-02-13T07:18:37","date_gmt":"2026-02-13T07:18:37","guid":{"rendered":"https:\/\/bihavadis.com\/?p=30941"},"modified":"2026-02-13T07:18:37","modified_gmt":"2026-02-13T07:18:37","slug":"fatih-urekin-cenazesine-damga-vuran-goruntu-unlu-isim-tepkisiz-kalamadi","status":"publish","type":"post","link":"https:\/\/bihavadis.com\/index.php\/2026\/02\/13\/fatih-urekin-cenazesine-damga-vuran-goruntu-unlu-isim-tepkisiz-kalamadi\/","title":{"rendered":"Fatih \u00dcrek&#8217;in cenazesine damga vuran g\u00f6r\u00fcnt\u00fc! \u00dcnl\u00fc isim tepkisiz kalamad\u0131"},"content":{"rendered":"<p>\u0130stanbul&#8217;da ge\u00e7irdi\u011fi kalp krizi sonras\u0131 tedavi g\u00f6rd\u00fc\u011f\u00fc hastanede hayat\u0131n\u0131 kaybeden \u015fark\u0131c\u0131 Fatih \u00dcrek, 1 \u015eubat&#8217;ta Be\u015fikta\u015f Barbaros Hayrettin Pa\u015fa Camii&#8217;nde k\u0131l\u0131nan cenaze namaz\u0131n\u0131n ard\u0131ndan Karacaahmet Mezarl\u0131\u011f\u0131&#8217;nda son yolculu\u011funa u\u011furland\u0131. Cenazeye \u015fark\u0131c\u0131 Selami \u015eahin, Ahmet Sel\u00e7uk \u0130lhan, Murat Boz, Demet Akal\u0131n, Yonca Evcimik, Hande Yener, Seda Sayan gibi pek \u00e7ok \u00fcnl\u00fc isim kat\u0131ld\u0131.<\/p>\n<div>\n<figure><img decoding=\"async\" src=\"https:\/\/bihavadis.com\/wp-content\/uploads\/2026\/02\/fatih-urekin-cenazesine-damga-vuran-goruntu-unlu-isim-tepkisiz-kalamadi-0-KcGYOhU1.jpg\"\/><\/figure>\n<\/div>\n<p><b>G\u00dcLBEN ERGEN BA\u015eI A\u00c7IK KATILDI <\/b><\/p>\n<p>Cenaze t\u00f6renine kat\u0131lan G\u00fclben Ergen&#8217;in ba\u015f\u0131n\u0131 \u00f6rtmedi\u011fi dikkat \u00e7ekti. Bu durum sosyal medyada konu\u015fulurken Arma\u011fan \u00c7a\u011flayan da bir payla\u015f\u0131m yapt\u0131. <\/p>\n<div>\n<figure><img decoding=\"async\" src=\"https:\/\/bihavadis.com\/wp-content\/uploads\/2026\/02\/fatih-urekin-cenazesine-damga-vuran-goruntu-unlu-isim-tepkisiz-kalamadi-1-cdmWyKlT.jpg\"\/><\/figure>\n<\/div>\n<p><b>&#8220;NASIL K\u0130 K\u0130L\u0130SELERE \u015eAPKAYLA G\u0130R\u0130LEM\u0130YORSA&#8230;&#8221;<\/b><\/p>\n<p>&#8220;\u015eimdi yeni bir tart\u0131\u015fman\u0131n fitilini ate\u015flemek istemem ama uzun zamand\u0131r beni rahats\u0131z eden bir durumu yazmak istiyorum&#8221; diyen Arma\u011fan \u00c7a\u011flayan &#8220;Bir dinin kutsal mekan\u0131na girerken, o dinin gereklerini yerine getirmek zorunday\u0131z. Camii avlusuna girerken islam dininin kurallar\u0131 neyi gerektiriyorsa, onu yerine getirmeliyiz. Nas\u0131l ki yurt d\u0131\u015f\u0131nda kiliselere kafan\u0131zda \u015fapkayla girilemiyorsa, camii avlusunda da ba\u015f\u0131 a\u00e7\u0131k olmuyor bence. Sizin inan\u0131\u015f\u0131n\u0131z farkl\u0131 olabilir, ama i\u00e7ine girdi\u011fimiz kutsal mekandaki di\u011fer inananlar\u0131 da rahats\u0131z etmeye kimsenin hakk\u0131 yok bence&#8221; ifadelerine yer verdi. <\/p>\n","protected":false},"excerpt":{"rendered":"<p>\u015eark\u0131c\u0131 Fatih \u00dcrek&#8217;in cenaze t\u00f6renine kat\u0131lan G\u00fclben Ergen&#8217;in ba\u015f\u0131 a\u00e7\u0131k olmas\u0131 sosyal medyada tart\u0131\u015fma yaratt\u0131. Konuya ili\u015fkin payla\u015f\u0131m yapan Arma\u011fan \u00c7a\u011flayan, cami ve cami avlusuna girerken o inanc\u0131n kurallar\u0131na sayg\u0131 g\u00f6sterilmesi gerekti\u011fini savunarak, kutsal mekanlarda ba\u015f\u0131 a\u00e7\u0131k bulunman\u0131n do\u011fru olmad\u0131\u011f\u0131n\u0131 ifade etti.<\/p>\n","protected":false},"author":1,"featured_media":30942,"comment_status":"open","ping_status":"open","sticky":false,"template":"","format":"standard","meta":{"footnotes":""},"categories":[1],"tags":[],"class_list":["post-30941","post","type-post","status-publish","format-standard","has-post-thumbnail","hentry","category-uncategorized"],"_links":{"self":[{"href":"https:\/\/bihavadis.com\/index.php\/wp-json\/wp\/v2\/posts\/30941","targetHints":{"allow":["GET"]}}],"collection":[{"href":"https:\/\/bihavadis.com\/index.php\/wp-json\/wp\/v2\/posts"}],"about":[{"href":"https:\/\/bihavadis.com\/index.php\/wp-json\/wp\/v2\/types\/post"}],"author":[{"embeddable":true,"href":"https:\/\/bihavadis.com\/index.php\/wp-json\/wp\/v2\/users\/1"}],"replies":[{"embeddable":true,"href":"https:\/\/bihavadis.com\/index.php\/wp-json\/wp\/v2\/comments?post=30941"}],"version-history":[{"count":1,"href":"https:\/\/bihavadis.com\/index.php\/wp-json\/wp\/v2\/posts\/30941\/revisions"}],"predecessor-version":[{"id":30945,"href":"https:\/\/bihavadis.com\/index.php\/wp-json\/wp\/v2\/posts\/30941\/revisions\/30945"}],"wp:featuredmedia":[{"embeddable":true,"href":"https:\/\/bihavadis.com\/index.php\/wp-json\/wp\/v2\/media\/30942"}],"wp:attachment":[{"href":"https:\/\/bihavadis.com\/index.php\/wp-json\/wp\/v2\/media?parent=30941"}],"wp:term":[{"taxonomy":"category","embeddable":true,"href":"https:\/\/bihavadis.com\/index.php\/wp-json\/wp\/v2\/categories?post=30941"},{"taxonomy":"post_tag","embeddable":true,"href":"https:\/\/bihavadis.com\/index.php\/wp-json\/wp\/v2\/tags?post=30941"}],"curies":[{"name":"wp","href":"https:\/\/api.w.org\/{rel}","templated":true}]}}